




{"id":104606,"date":"2025-11-28T05:00:00","date_gmt":"2025-11-28T04:00:00","guid":{"rendered":"https:\/\/www.plataformadeartecontemporaneo.com\/pac\/?p=104606"},"modified":"2025-11-28T10:56:11","modified_gmt":"2025-11-28T09:56:11","slug":"entrevista-a-julio-falagan-creo-que-la-labor-del-artista-no-debe-ser-aportar-soluciones-sino-preguntas","status":"publish","type":"post","link":"https:\/\/www.plataformadeartecontemporaneo.com\/pac\/entrevista-a-julio-falagan-creo-que-la-labor-del-artista-no-debe-ser-aportar-soluciones-sino-preguntas\/","title":{"rendered":"Entrevista a Julio Falag\u00e1n: \u201cCreo que la labor del artista no debe ser aportar soluciones, sino preguntas.\u201d"},"content":{"rendered":"\n<p>Julio Falag\u00e1n (Valladolid, 1979). Vive y trabaja en Madrid. T\u00e9cnico de Grado Superior en Ilustraci\u00f3n por la <em>Escuela de Arte de Valladolid<\/em> (1999). Licenciado en Bellas Artes y Certificado de Aptitud Pedag\u00f3gica [CAP] por la <em>Universidad de Salamanca<\/em> (2004). Ilustraci\u00f3n. Pintura. <em>Collage<\/em>. Su trabajo gira en torno al cuestionamiento del poder y lo establecido mediante el uso del humor y la iron\u00eda. Con una justificada falta de respeto por aquello que no se lo merece, dignifica lo banal y lo obsoleto como punto de partida para reflexionar sobre la construcci\u00f3n social y sus fisuras, poniendo en duda cualquier dogma. Un alegato a favor de lo peque\u00f1o, lo pasado por alto y lo desechado, dejando en evidencia las grandilocuencias y las verdades absolutas.<\/p>\n\n\n\n<figure class=\"wp-block-image size-large\"><img fetchpriority=\"high\" decoding=\"async\" width=\"600\" height=\"600\" src=\"https:\/\/www.plataformadeartecontemporaneo.com\/pac\/wp-content\/uploads\/2025\/11\/JULIO-FALAGAN-retrato-600x600.jpg\" alt=\"\" class=\"wp-image-104608\" srcset=\"https:\/\/www.plataformadeartecontemporaneo.com\/pac\/wp-content\/uploads\/2025\/11\/JULIO-FALAGAN-retrato-600x600.jpg 600w, https:\/\/www.plataformadeartecontemporaneo.com\/pac\/wp-content\/uploads\/2025\/11\/JULIO-FALAGAN-retrato-150x150.jpg 150w, https:\/\/www.plataformadeartecontemporaneo.com\/pac\/wp-content\/uploads\/2025\/11\/JULIO-FALAGAN-retrato-768x768.jpg 768w, https:\/\/www.plataformadeartecontemporaneo.com\/pac\/wp-content\/uploads\/2025\/11\/JULIO-FALAGAN-retrato.jpg 1000w\" sizes=\"(max-width: 600px) 100vw, 600px\" \/><\/figure>\n\n\n\n<p><strong>PAC &#8211; Te proyectas desde Valladolid \u00bfTe hubiera gustado cambiar de lugar y hacerlo desde all\u00ed?<\/strong><\/p>\n\n\n\n<ol class=\"wp-block-list\">\n<li><\/li>\n<\/ol>\n\n\n\n<p><strong>Julio Falag\u00e1n &#8211; <\/strong>No cambiar\u00eda nada, me gusta donde me ha conducido el camino que he tomado.<\/p>\n\n\n\n<p><strong>PAC &#8211; \u00bfCrees que tu trayectoria habr\u00eda sido la misma?<\/strong><\/p>\n\n\n\n<ol start=\"2\" class=\"wp-block-list\">\n<li><\/li>\n<\/ol>\n\n\n\n<p><strong>Julio Falag\u00e1n &#8211; <\/strong>Por supuesto que no, hubiera sido diferente y supongo que m\u00e1s limitada. En Madrid la mentalidad es m\u00e1s abierta y plural y hay muchas m\u00e1s oportunidades.<\/p>\n\n\n\n<figure class=\"wp-block-image size-large\"><img decoding=\"async\" width=\"600\" height=\"600\" src=\"https:\/\/www.plataformadeartecontemporaneo.com\/pac\/wp-content\/uploads\/2025\/11\/JULIO-FALAGAN-TOUBAB-BU-NUUL-julio--600x600.jpg\" alt=\"\" class=\"wp-image-104609\" srcset=\"https:\/\/www.plataformadeartecontemporaneo.com\/pac\/wp-content\/uploads\/2025\/11\/JULIO-FALAGAN-TOUBAB-BU-NUUL-julio--600x600.jpg 600w, https:\/\/www.plataformadeartecontemporaneo.com\/pac\/wp-content\/uploads\/2025\/11\/JULIO-FALAGAN-TOUBAB-BU-NUUL-julio--150x150.jpg 150w, https:\/\/www.plataformadeartecontemporaneo.com\/pac\/wp-content\/uploads\/2025\/11\/JULIO-FALAGAN-TOUBAB-BU-NUUL-julio--768x768.jpg 768w, https:\/\/www.plataformadeartecontemporaneo.com\/pac\/wp-content\/uploads\/2025\/11\/JULIO-FALAGAN-TOUBAB-BU-NUUL-julio-.jpg 1000w\" sizes=\"(max-width: 600px) 100vw, 600px\" \/><figcaption class=\"wp-element-caption\">TOUBAB-BU-\u00d1UUL \u00a9 Julio Falag\u00e1n<\/figcaption><\/figure>\n\n\n\n<p><strong>PAC &#8211; \u00bfQu\u00e9 te impulsa a dedicarte a la <em>pr\u00e1ctica art\u00edstica<\/em>?<\/strong><\/p>\n\n\n\n<ol start=\"3\" class=\"wp-block-list\">\n<li><\/li>\n<\/ol>\n\n\n\n<p><strong>Julio Falag\u00e1n &#8211; <\/strong>Realmente decir que me dedico a la pr\u00e1ctica art\u00edstica, en t\u00e9rminos de emplearme en una tarea, me resulta extra\u00f1o y frio. Lo considero m\u00e1s bien una forma de afrontar la vida, de expresar y comunicar cosas que de otra manera me ser\u00eda imposible. Para mi forma parte indisoluble de la vida, no de una ocupaci\u00f3n. Soy as\u00ed, no me queda otra.<\/p>\n\n\n\n<figure class=\"wp-block-image size-large\"><img decoding=\"async\" width=\"580\" height=\"600\" src=\"https:\/\/www.plataformadeartecontemporaneo.com\/pac\/wp-content\/uploads\/2025\/11\/JULIO-FALAGAN-DEBIL-INSIDE-580x600.jpg\" alt=\"\" class=\"wp-image-104610\" srcset=\"https:\/\/www.plataformadeartecontemporaneo.com\/pac\/wp-content\/uploads\/2025\/11\/JULIO-FALAGAN-DEBIL-INSIDE-580x600.jpg 580w, https:\/\/www.plataformadeartecontemporaneo.com\/pac\/wp-content\/uploads\/2025\/11\/JULIO-FALAGAN-DEBIL-INSIDE-768x794.jpg 768w, https:\/\/www.plataformadeartecontemporaneo.com\/pac\/wp-content\/uploads\/2025\/11\/JULIO-FALAGAN-DEBIL-INSIDE-726x750.jpg 726w, https:\/\/www.plataformadeartecontemporaneo.com\/pac\/wp-content\/uploads\/2025\/11\/JULIO-FALAGAN-DEBIL-INSIDE.jpg 967w\" sizes=\"(max-width: 580px) 100vw, 580px\" \/><figcaption class=\"wp-element-caption\">\u00a9 Julio Falag\u00e1n<\/figcaption><\/figure>\n\n\n\n<p><strong>PAC &#8211; \u00bfQu\u00e9 ansiabas?&nbsp;<\/strong><\/p>\n\n\n\n<ol start=\"4\" class=\"wp-block-list\">\n<li><\/li>\n<\/ol>\n\n\n\n<p><strong>Julio Falag\u00e1n &#8211; <\/strong>Ans\u00edo el respeto por el otro en el ser humano y que se acabe el abuso de poder en el mundo. Es algo que intento expresar en mi obra es ponerme del lado del peque\u00f1o, darle voz. De manera modesta, poner el problema sobre la mesa utilizando los mecanismos que ofrece el arte.<\/p>\n\n\n\n<p><strong>PAC &#8211; \u00bfLo encontraste?<\/strong><\/p>\n\n\n\n<ol start=\"5\" class=\"wp-block-list\">\n<li><\/li>\n<\/ol>\n\n\n\n<p><strong>Julio Falag\u00e1n &#8211; <\/strong>Es imposible e ingenuo pensar que se puede encontrar la soluci\u00f3n a este problema por esta v\u00eda, pero no es mi intenci\u00f3n. Creo que la labor del artista no debe ser aportar soluciones, sino preguntas. Hacer reflexionar al espectador, algo que hoy en d\u00eda cada vez es m\u00e1s dif\u00edcil, cuando todo se explica y una inteligencia artificial te despeja toda duda.<\/p>\n\n\n\n<figure class=\"wp-block-image size-large\"><img loading=\"lazy\" decoding=\"async\" width=\"750\" height=\"549\" src=\"https:\/\/www.plataformadeartecontemporaneo.com\/pac\/wp-content\/uploads\/2025\/11\/JULIO-FALAGAN-1-750x549.jpg\" alt=\"\" class=\"wp-image-104611\" srcset=\"https:\/\/www.plataformadeartecontemporaneo.com\/pac\/wp-content\/uploads\/2025\/11\/JULIO-FALAGAN-1-750x549.jpg 750w, https:\/\/www.plataformadeartecontemporaneo.com\/pac\/wp-content\/uploads\/2025\/11\/JULIO-FALAGAN-1-600x439.jpg 600w, https:\/\/www.plataformadeartecontemporaneo.com\/pac\/wp-content\/uploads\/2025\/11\/JULIO-FALAGAN-1-768x562.jpg 768w, https:\/\/www.plataformadeartecontemporaneo.com\/pac\/wp-content\/uploads\/2025\/11\/JULIO-FALAGAN-1.jpg 1000w\" sizes=\"(max-width: 750px) 100vw, 750px\" \/><figcaption class=\"wp-element-caption\">\u00a9 Julio Falag\u00e1n<\/figcaption><\/figure>\n\n\n\n<p><strong>PAC &#8211; \u00bfQu\u00e9 crees que puede mejorarse en el <em>Sistema del arte<\/em>?<\/strong><\/p>\n\n\n\n<ol start=\"6\" class=\"wp-block-list\">\n<li><\/li>\n<\/ol>\n\n\n\n<p><strong>Julio Falag\u00e1n &#8211; <\/strong>No hay papel suficiente para responderte a esto, pero lo primero ser\u00eda fomentar una educaci\u00f3n digna, que nos permita reflexionar y poner en duda los dogmas, en definitiva: pensar. Como escribi\u00f3 <strong>Simone Weil<\/strong>: \u201c<em>Solo la educaci\u00f3n orientada al bien puede romper el c\u00edrculo de la servidumbre.<\/em>\u201d Partiendo de ah\u00ed todo lo dem\u00e1s, pero hasta que no haya una sociedad con esp\u00edritu cr\u00edtico de nada sirve cambiar lo dem\u00e1s.<\/p>\n\n\n\n<figure class=\"wp-block-image size-large\"><img loading=\"lazy\" decoding=\"async\" width=\"407\" height=\"600\" src=\"https:\/\/www.plataformadeartecontemporaneo.com\/pac\/wp-content\/uploads\/2025\/11\/JULIO-FALAGAN-W-407x600.jpg\" alt=\"\" class=\"wp-image-104617\" srcset=\"https:\/\/www.plataformadeartecontemporaneo.com\/pac\/wp-content\/uploads\/2025\/11\/JULIO-FALAGAN-W-407x600.jpg 407w, https:\/\/www.plataformadeartecontemporaneo.com\/pac\/wp-content\/uploads\/2025\/11\/JULIO-FALAGAN-W.jpg 678w\" sizes=\"(max-width: 407px) 100vw, 407px\" \/><figcaption class=\"wp-element-caption\">\u00a9 Julio Falag\u00e1n<\/figcaption><\/figure>\n\n\n\n<p><strong>PAC &#8211; \u00bfQu\u00e9 deber\u00edamos aportar y eliminar al <em>Sistema<\/em>?<\/strong><\/p>\n\n\n\n<ol start=\"7\" class=\"wp-block-list\">\n<li><\/li>\n<\/ol>\n\n\n\n<p><strong>Julio Falag\u00e1n &#8211; <\/strong>No soy quien para diseccionar y extirpar a la criatura nada, pero como he comentado anteriormente, cada vez estamos m\u00e1s alienados y las cosas que importan de verdad parecen insignificantes. La verdad est\u00e1 en peligro de extinci\u00f3n y la esclavitud nunca se ha erradicado. Con estas afirmaciones agoreras te dejo.<\/p>\n\n\n\n<figure class=\"wp-block-image size-large\"><img loading=\"lazy\" decoding=\"async\" width=\"443\" height=\"600\" src=\"https:\/\/www.plataformadeartecontemporaneo.com\/pac\/wp-content\/uploads\/2025\/11\/Julio-Falagan-443x600.jpg\" alt=\"\" class=\"wp-image-104612\" srcset=\"https:\/\/www.plataformadeartecontemporaneo.com\/pac\/wp-content\/uploads\/2025\/11\/Julio-Falagan-443x600.jpg 443w, https:\/\/www.plataformadeartecontemporaneo.com\/pac\/wp-content\/uploads\/2025\/11\/Julio-Falagan.jpg 738w\" sizes=\"(max-width: 443px) 100vw, 443px\" \/><figcaption class=\"wp-element-caption\">\u00a9 Julio Falag\u00e1n<\/figcaption><\/figure>\n\n\n\n<p><strong>PAC &#8211; <em>Asociacionismo profesional<\/em> \u00bfqu\u00e9 opinas?<\/strong><\/p>\n\n\n\n<ol start=\"8\" class=\"wp-block-list\">\n<li><\/li>\n<\/ol>\n\n\n\n<p><strong>Julio Falag\u00e1n &#8211; <\/strong>No queda otra, aunque sea casi inexistente. Mira los avances que se consiguen en el cine y el teatro. En las artes pl\u00e1sticas no sucede lo mismo porque vamos por libre.&nbsp;<\/p>\n\n\n\n<p><strong>PAC &#8211; H\u00e1blanos un poco de tu <em>trayectoria<\/em>.&nbsp;<\/strong><\/p>\n\n\n\n<ol start=\"9\" class=\"wp-block-list\">\n<li><\/li>\n<\/ol>\n\n\n\n<p><strong>Julio Falag\u00e1n &#8211; <\/strong>Pues como la de muchos otros artistas, una carrera de fondo en la que la meta no existe. Simplemente corres para formar parte de la carrera, si paras te arrolla el coche escoba. Sigues corriendo porque lo disfrutas, es casi una necesidad vital pero sabes que nunca vas a cruzar la l\u00ednea de meta.&nbsp;&nbsp;<\/p>\n\n\n\n<figure class=\"wp-block-image size-large\"><img loading=\"lazy\" decoding=\"async\" width=\"615\" height=\"600\" src=\"https:\/\/www.plataformadeartecontemporaneo.com\/pac\/wp-content\/uploads\/2025\/11\/JULIO-FALAGAN-3-615x600.jpg\" alt=\"\" class=\"wp-image-104613\" srcset=\"https:\/\/www.plataformadeartecontemporaneo.com\/pac\/wp-content\/uploads\/2025\/11\/JULIO-FALAGAN-3-615x600.jpg 615w, https:\/\/www.plataformadeartecontemporaneo.com\/pac\/wp-content\/uploads\/2025\/11\/JULIO-FALAGAN-3-600x585.jpg 600w, https:\/\/www.plataformadeartecontemporaneo.com\/pac\/wp-content\/uploads\/2025\/11\/JULIO-FALAGAN-3-768x749.jpg 768w, https:\/\/www.plataformadeartecontemporaneo.com\/pac\/wp-content\/uploads\/2025\/11\/JULIO-FALAGAN-3.jpg 1000w\" sizes=\"(max-width: 615px) 100vw, 615px\" \/><figcaption class=\"wp-element-caption\">\u00a9 Julio Falag\u00e1n<\/figcaption><\/figure>\n\n\n\n<p><strong>PAC &#8211; Def\u00ednete mediante <em>hashtags<\/em> o etiquetas.<\/strong><\/p>\n\n\n\n<ol start=\"10\" class=\"wp-block-list\">\n<li><\/li>\n<\/ol>\n\n\n\n<p><strong>Julio Falag\u00e1n &#8211; <\/strong>#PersonaHumana #Artista #Humor #Iron\u00eda #CulturaPopular #Collage #Multitarea #Resolutivo #Feliz<\/p>\n\n\n\n<p><strong>PAC &#8211; \u00bfCu\u00e1les son los <em>temas<\/em> de tu trabajo art\u00edstico?<\/strong><\/p>\n\n\n\n<ol start=\"11\" class=\"wp-block-list\">\n<li><\/li>\n<\/ol>\n\n\n\n<p><strong>Julio Falag\u00e1n &#8211; <\/strong>Me gusta abordar los problemas que surgen en las lindes, los l\u00edmites, donde quedan recogidos los escombros y la broza, encontrar en lo banal un terreno para la reflexi\u00f3n profunda. Algo que recorre toda mi trayectoria es la cr\u00edtica al dogma y el poder, ya sea econ\u00f3mico, religioso, pol\u00edtico\u2026 \u00daltimamente, me estoy centrando m\u00e1s en lo formal, usando la cultura popular como terreno de juego.<\/p>\n\n\n\n<figure class=\"wp-block-image size-large\"><img loading=\"lazy\" decoding=\"async\" width=\"482\" height=\"600\" src=\"https:\/\/www.plataformadeartecontemporaneo.com\/pac\/wp-content\/uploads\/2025\/11\/JULIO-FALAGAN-4-482x600.jpg\" alt=\"\" class=\"wp-image-104614\" srcset=\"https:\/\/www.plataformadeartecontemporaneo.com\/pac\/wp-content\/uploads\/2025\/11\/JULIO-FALAGAN-4-482x600.jpg 482w, https:\/\/www.plataformadeartecontemporaneo.com\/pac\/wp-content\/uploads\/2025\/11\/JULIO-FALAGAN-4-768x955.jpg 768w, https:\/\/www.plataformadeartecontemporaneo.com\/pac\/wp-content\/uploads\/2025\/11\/JULIO-FALAGAN-4.jpg 804w\" sizes=\"(max-width: 482px) 100vw, 482px\" \/><figcaption class=\"wp-element-caption\">\u00a9 Julio Falag\u00e1n<\/figcaption><\/figure>\n\n\n\n<p><strong>PAC &#8211; \u00bfAlg\u00fan <em>proyecto<\/em>, pendiente, que te gustar\u00eda realizar?<\/strong><\/p>\n\n\n\n<ol start=\"12\" class=\"wp-block-list\">\n<li><\/li>\n<\/ol>\n\n\n\n<p><strong>Julio Falag\u00e1n &#8211; <\/strong>Me gustar\u00eda mucho poder recorrer el mundo visitando mercadillos de multitud de ciudades y rescatar obras obsoletas de la cultura popular de cada lugar e investigar sus costumbres y folclore. Darlas una nueva vida mezcl\u00e1ndolas entre si con el \u00fanico objetivo de demostrar que pueden convivir dentro de un mismo marco sin problema. Una especie de torre de babel pl\u00e1stica. Una obra desgeolocalizada multicultural y llena de vida. Un <em>mashup<\/em> cultural y est\u00e9tico sin l\u00edmites.<\/p>\n\n\n\n<figure class=\"wp-block-image size-large\"><img loading=\"lazy\" decoding=\"async\" width=\"750\" height=\"538\" src=\"https:\/\/www.plataformadeartecontemporaneo.com\/pac\/wp-content\/uploads\/2025\/11\/JULIO-FALAGAN-8-750x538.jpg\" alt=\"\" class=\"wp-image-104615\" srcset=\"https:\/\/www.plataformadeartecontemporaneo.com\/pac\/wp-content\/uploads\/2025\/11\/JULIO-FALAGAN-8-750x538.jpg 750w, https:\/\/www.plataformadeartecontemporaneo.com\/pac\/wp-content\/uploads\/2025\/11\/JULIO-FALAGAN-8-600x430.jpg 600w, https:\/\/www.plataformadeartecontemporaneo.com\/pac\/wp-content\/uploads\/2025\/11\/JULIO-FALAGAN-8-768x551.jpg 768w, https:\/\/www.plataformadeartecontemporaneo.com\/pac\/wp-content\/uploads\/2025\/11\/JULIO-FALAGAN-8-305x220.jpg 305w, https:\/\/www.plataformadeartecontemporaneo.com\/pac\/wp-content\/uploads\/2025\/11\/JULIO-FALAGAN-8.jpg 1100w\" sizes=\"(max-width: 750px) 100vw, 750px\" \/><figcaption class=\"wp-element-caption\">\u00a9 Julio Falag\u00e1n<\/figcaption><\/figure>\n\n\n\n<p><strong>PAC &#8211; \u00bfDe qui\u00e9n o de qu\u00e9 aprendiste realmente tu oficio? \u00bfQui\u00e9n ha sido tu verdadero maestro o maestra, en el sentido m\u00e1s honesto?<\/strong><\/p>\n\n\n\n<ol start=\"13\" class=\"wp-block-list\">\n<li><\/li>\n<\/ol>\n\n\n\n<p><strong>Julio Falag\u00e1n &#8211; <\/strong>Esto es muy can\u00f3nico. Soy lo que soy por todo lo que he vivido. Por suerte no le debo nada a nadie concreto, se lo debo a todos los que han pasado por mi vida. Desde mi familia, mis amigos, maestros, artistas, m\u00fasicos, escritores, periodistas, investigadores, panaderos, fontaneros\u2026<\/p>\n\n\n\n<figure class=\"wp-block-image size-large\"><img loading=\"lazy\" decoding=\"async\" width=\"750\" height=\"449\" src=\"https:\/\/www.plataformadeartecontemporaneo.com\/pac\/wp-content\/uploads\/2025\/11\/JULIO-FALAGAN-7-750x449.jpg\" alt=\"\" class=\"wp-image-104616\" srcset=\"https:\/\/www.plataformadeartecontemporaneo.com\/pac\/wp-content\/uploads\/2025\/11\/JULIO-FALAGAN-7-750x449.jpg 750w, https:\/\/www.plataformadeartecontemporaneo.com\/pac\/wp-content\/uploads\/2025\/11\/JULIO-FALAGAN-7-600x359.jpg 600w, https:\/\/www.plataformadeartecontemporaneo.com\/pac\/wp-content\/uploads\/2025\/11\/JULIO-FALAGAN-7-768x459.jpg 768w, https:\/\/www.plataformadeartecontemporaneo.com\/pac\/wp-content\/uploads\/2025\/11\/JULIO-FALAGAN-7.jpg 1100w\" sizes=\"(max-width: 750px) 100vw, 750px\" \/><figcaption class=\"wp-element-caption\">\u00a9 Julio Falag\u00e1n<\/figcaption><\/figure>\n\n\n\n<p><strong>PAC &#8211; Un <em>deseo<\/em>.<\/strong><\/p>\n\n\n\n<ol start=\"14\" class=\"wp-block-list\">\n<li><\/li>\n<\/ol>\n\n\n\n<p><strong>Julio Falag\u00e1n &#8211; <\/strong>Que el 1% m\u00e1s rico del planeta que posee m\u00e1s riqueza que el 95% restante de la poblaci\u00f3n mundial lo reparta equitativamente, pero como eso no va a suceder, pues que les d\u00e9 un peque\u00f1o <em>apechusque<\/em>, a ellos y sus herederos. Sin acritud, como una ben\u00e9vola plaga divina de esas que hacen los Dioses, los buenos, los que derrochan amor. Creo que ser\u00eda beneficioso para la supervivencia del ser humano. Mira que me hago creyente y todo.&nbsp;<\/p>\n\n\n\n<p>Y por \u00faltimo, otro deseo ser\u00eda que la gente que ha llegado hasta aqu\u00ed no piense que soy un derrotista. Mi pesimismo es anal\u00edtico, pero mi naturaleza es optimista.<\/p>\n","protected":false},"excerpt":{"rendered":"<div class=\"tmnf_excerpt\"><p>Julio Falag\u00e1n (Valladolid, 1979). Vive y trabaja en Madrid. T\u00e9cnico de Grado Superior en Ilustraci\u00f3n por la Escuela de Arte de Valladolid (1999). Licenciado en Bellas Artes y Certificado de Aptitud Pedag\u00f3gica CAP por la Universidad de Salamanca (2004). Ilustraci\u00f3n. Pintura. Collage. Su trabajo gira en torno al cuestionamiento del poder y lo establecido mediante &hellip;<\/p>\n<\/div>","protected":false},"author":5,"featured_media":104608,"comment_status":"open","ping_status":"closed","sticky":false,"template":"","format":"standard","meta":{"footnotes":""},"categories":[14384,4562,11093,141],"tags":[1023],"class_list":["post-104606","post","type-post","status-publish","format-standard","has-post-thumbnail","hentry","category-arte","category-artist-interviews","category-artistas","category-entrevista","tag-julio-falagan"],"yoast_head":"<!-- This site is optimized with the Yoast SEO plugin v27.4 - https:\/\/yoast.com\/product\/yoast-seo-wordpress\/ -->\n<title>PAC | Entrevista a Julio Falag\u00e1n: \u201cCreo que la labor del artista no debe ser aportar soluciones, sino preguntas.\u201d<\/title>\n<meta name=\"description\" content=\"Entrevista al artista Julio Falag\u00e1n por parte del cr\u00edtico de arte Jos\u00e9 Luis Mart\u00ednez Meseguer para su secci\u00f3n en PAC.\" \/>\n<meta name=\"robots\" content=\"index, follow, max-snippet:-1, max-image-preview:large, max-video-preview:-1\" \/>\n<link rel=\"canonical\" href=\"https:\/\/www.plataformadeartecontemporaneo.com\/pac\/entrevista-a-julio-falagan-creo-que-la-labor-del-artista-no-debe-ser-aportar-soluciones-sino-preguntas\/\" \/>\n<meta property=\"og:locale\" content=\"es_ES\" \/>\n<meta property=\"og:type\" content=\"article\" \/>\n<meta property=\"og:title\" content=\"PAC | Entrevista a Julio Falag\u00e1n: \u201cCreo que la labor del artista no debe ser aportar soluciones, sino preguntas.\u201d\" \/>\n<meta property=\"og:description\" content=\"Entrevista al artista Julio Falag\u00e1n por parte del cr\u00edtico de arte Jos\u00e9 Luis Mart\u00ednez Meseguer para su secci\u00f3n en PAC.\" \/>\n<meta property=\"og:url\" content=\"https:\/\/www.plataformadeartecontemporaneo.com\/pac\/entrevista-a-julio-falagan-creo-que-la-labor-del-artista-no-debe-ser-aportar-soluciones-sino-preguntas\/\" \/>\n<meta property=\"og:site_name\" content=\"PAC\" \/>\n<meta property=\"article:published_time\" content=\"2025-11-28T04:00:00+00:00\" \/>\n<meta property=\"article:modified_time\" content=\"2025-11-28T09:56:11+00:00\" \/>\n<meta property=\"og:image\" content=\"https:\/\/www.plataformadeartecontemporaneo.com\/pac\/wp-content\/uploads\/2025\/11\/JULIO-FALAGAN-retrato.jpg\" \/>\n\t<meta property=\"og:image:width\" content=\"1000\" \/>\n\t<meta property=\"og:image:height\" content=\"1000\" \/>\n\t<meta property=\"og:image:type\" content=\"image\/jpeg\" \/>\n<meta name=\"author\" content=\"Jos\u00e9 Luis Mart\u00ednez Meseguer\" \/>\n<meta name=\"twitter:label1\" content=\"Escrito por\" \/>\n\t<meta name=\"twitter:data1\" content=\"Jos\u00e9 Luis Mart\u00ednez Meseguer\" \/>\n\t<meta name=\"twitter:label2\" content=\"Tiempo de lectura\" \/>\n\t<meta name=\"twitter:data2\" content=\"7 minutos\" \/>\n<script type=\"application\/ld+json\" class=\"yoast-schema-graph\">{\"@context\":\"https:\\\/\\\/schema.org\",\"@graph\":[{\"@type\":\"Article\",\"@id\":\"https:\\\/\\\/www.plataformadeartecontemporaneo.com\\\/pac\\\/entrevista-a-julio-falagan-creo-que-la-labor-del-artista-no-debe-ser-aportar-soluciones-sino-preguntas\\\/#article\",\"isPartOf\":{\"@id\":\"https:\\\/\\\/www.plataformadeartecontemporaneo.com\\\/pac\\\/entrevista-a-julio-falagan-creo-que-la-labor-del-artista-no-debe-ser-aportar-soluciones-sino-preguntas\\\/\"},\"author\":{\"name\":\"Jos\u00e9 Luis Mart\u00ednez Meseguer\",\"@id\":\"https:\\\/\\\/www.plataformadeartecontemporaneo.com\\\/pac\\\/#\\\/schema\\\/person\\\/25e1ca700009c046b16e17c92bb5712f\"},\"headline\":\"Entrevista a Julio Falag\u00e1n: \u201cCreo que la labor del artista no debe ser aportar soluciones, sino preguntas.\u201d\",\"datePublished\":\"2025-11-28T04:00:00+00:00\",\"dateModified\":\"2025-11-28T09:56:11+00:00\",\"mainEntityOfPage\":{\"@id\":\"https:\\\/\\\/www.plataformadeartecontemporaneo.com\\\/pac\\\/entrevista-a-julio-falagan-creo-que-la-labor-del-artista-no-debe-ser-aportar-soluciones-sino-preguntas\\\/\"},\"wordCount\":1155,\"commentCount\":0,\"publisher\":{\"@id\":\"https:\\\/\\\/www.plataformadeartecontemporaneo.com\\\/pac\\\/#organization\"},\"image\":{\"@id\":\"https:\\\/\\\/www.plataformadeartecontemporaneo.com\\\/pac\\\/entrevista-a-julio-falagan-creo-que-la-labor-del-artista-no-debe-ser-aportar-soluciones-sino-preguntas\\\/#primaryimage\"},\"thumbnailUrl\":\"https:\\\/\\\/www.plataformadeartecontemporaneo.com\\\/pac\\\/wp-content\\\/uploads\\\/2025\\\/11\\\/JULIO-FALAGAN-retrato.jpg\",\"keywords\":[\"Julio Falag\u00e1n\"],\"articleSection\":[\"arte\",\"Artist Interviews\",\"Artistas\",\"Entrevistas\"],\"inLanguage\":\"es\",\"potentialAction\":[{\"@type\":\"CommentAction\",\"name\":\"Comment\",\"target\":[\"https:\\\/\\\/www.plataformadeartecontemporaneo.com\\\/pac\\\/entrevista-a-julio-falagan-creo-que-la-labor-del-artista-no-debe-ser-aportar-soluciones-sino-preguntas\\\/#respond\"]}]},{\"@type\":\"WebPage\",\"@id\":\"https:\\\/\\\/www.plataformadeartecontemporaneo.com\\\/pac\\\/entrevista-a-julio-falagan-creo-que-la-labor-del-artista-no-debe-ser-aportar-soluciones-sino-preguntas\\\/\",\"url\":\"https:\\\/\\\/www.plataformadeartecontemporaneo.com\\\/pac\\\/entrevista-a-julio-falagan-creo-que-la-labor-del-artista-no-debe-ser-aportar-soluciones-sino-preguntas\\\/\",\"name\":\"PAC | Entrevista a Julio Falag\u00e1n: \u201cCreo que la labor del artista no debe ser aportar soluciones, sino preguntas.\u201d\",\"isPartOf\":{\"@id\":\"https:\\\/\\\/www.plataformadeartecontemporaneo.com\\\/pac\\\/#website\"},\"primaryImageOfPage\":{\"@id\":\"https:\\\/\\\/www.plataformadeartecontemporaneo.com\\\/pac\\\/entrevista-a-julio-falagan-creo-que-la-labor-del-artista-no-debe-ser-aportar-soluciones-sino-preguntas\\\/#primaryimage\"},\"image\":{\"@id\":\"https:\\\/\\\/www.plataformadeartecontemporaneo.com\\\/pac\\\/entrevista-a-julio-falagan-creo-que-la-labor-del-artista-no-debe-ser-aportar-soluciones-sino-preguntas\\\/#primaryimage\"},\"thumbnailUrl\":\"https:\\\/\\\/www.plataformadeartecontemporaneo.com\\\/pac\\\/wp-content\\\/uploads\\\/2025\\\/11\\\/JULIO-FALAGAN-retrato.jpg\",\"datePublished\":\"2025-11-28T04:00:00+00:00\",\"dateModified\":\"2025-11-28T09:56:11+00:00\",\"description\":\"Entrevista al artista Julio Falag\u00e1n por parte del cr\u00edtico de arte Jos\u00e9 Luis Mart\u00ednez Meseguer para su secci\u00f3n en PAC.\",\"breadcrumb\":{\"@id\":\"https:\\\/\\\/www.plataformadeartecontemporaneo.com\\\/pac\\\/entrevista-a-julio-falagan-creo-que-la-labor-del-artista-no-debe-ser-aportar-soluciones-sino-preguntas\\\/#breadcrumb\"},\"inLanguage\":\"es\",\"potentialAction\":[{\"@type\":\"ReadAction\",\"target\":[\"https:\\\/\\\/www.plataformadeartecontemporaneo.com\\\/pac\\\/entrevista-a-julio-falagan-creo-que-la-labor-del-artista-no-debe-ser-aportar-soluciones-sino-preguntas\\\/\"]}]},{\"@type\":\"ImageObject\",\"inLanguage\":\"es\",\"@id\":\"https:\\\/\\\/www.plataformadeartecontemporaneo.com\\\/pac\\\/entrevista-a-julio-falagan-creo-que-la-labor-del-artista-no-debe-ser-aportar-soluciones-sino-preguntas\\\/#primaryimage\",\"url\":\"https:\\\/\\\/www.plataformadeartecontemporaneo.com\\\/pac\\\/wp-content\\\/uploads\\\/2025\\\/11\\\/JULIO-FALAGAN-retrato.jpg\",\"contentUrl\":\"https:\\\/\\\/www.plataformadeartecontemporaneo.com\\\/pac\\\/wp-content\\\/uploads\\\/2025\\\/11\\\/JULIO-FALAGAN-retrato.jpg\",\"width\":1000,\"height\":1000,\"caption\":\"Julio Falag\u00e1n\"},{\"@type\":\"BreadcrumbList\",\"@id\":\"https:\\\/\\\/www.plataformadeartecontemporaneo.com\\\/pac\\\/entrevista-a-julio-falagan-creo-que-la-labor-del-artista-no-debe-ser-aportar-soluciones-sino-preguntas\\\/#breadcrumb\",\"itemListElement\":[{\"@type\":\"ListItem\",\"position\":1,\"name\":\"Portada\",\"item\":\"https:\\\/\\\/www.plataformadeartecontemporaneo.com\\\/pac\\\/\"},{\"@type\":\"ListItem\",\"position\":2,\"name\":\"Entrevista a Julio Falag\u00e1n: \u201cCreo que la labor del artista no debe ser aportar soluciones, sino preguntas.\u201d\"}]},{\"@type\":\"WebSite\",\"@id\":\"https:\\\/\\\/www.plataformadeartecontemporaneo.com\\\/pac\\\/#website\",\"url\":\"https:\\\/\\\/www.plataformadeartecontemporaneo.com\\\/pac\\\/\",\"name\":\"PAC\",\"description\":\"Plataforma de Arte Contempor\u00e1neo\",\"publisher\":{\"@id\":\"https:\\\/\\\/www.plataformadeartecontemporaneo.com\\\/pac\\\/#organization\"},\"potentialAction\":[{\"@type\":\"SearchAction\",\"target\":{\"@type\":\"EntryPoint\",\"urlTemplate\":\"https:\\\/\\\/www.plataformadeartecontemporaneo.com\\\/pac\\\/?s={search_term_string}\"},\"query-input\":{\"@type\":\"PropertyValueSpecification\",\"valueRequired\":true,\"valueName\":\"search_term_string\"}}],\"inLanguage\":\"es\"},{\"@type\":\"Organization\",\"@id\":\"https:\\\/\\\/www.plataformadeartecontemporaneo.com\\\/pac\\\/#organization\",\"name\":\"PAC\",\"url\":\"https:\\\/\\\/www.plataformadeartecontemporaneo.com\\\/pac\\\/\",\"logo\":{\"@type\":\"ImageObject\",\"inLanguage\":\"es\",\"@id\":\"https:\\\/\\\/www.plataformadeartecontemporaneo.com\\\/pac\\\/#\\\/schema\\\/logo\\\/image\\\/\",\"url\":\"https:\\\/\\\/www.plataformadeartecontemporaneo.com\\\/pac\\\/wp-content\\\/uploads\\\/2020\\\/10\\\/LOGO-PAC-FOOTER-TRANSPARENTE.png\",\"contentUrl\":\"https:\\\/\\\/www.plataformadeartecontemporaneo.com\\\/pac\\\/wp-content\\\/uploads\\\/2020\\\/10\\\/LOGO-PAC-FOOTER-TRANSPARENTE.png\",\"width\":200,\"height\":48,\"caption\":\"PAC\"},\"image\":{\"@id\":\"https:\\\/\\\/www.plataformadeartecontemporaneo.com\\\/pac\\\/#\\\/schema\\\/logo\\\/image\\\/\"}},{\"@type\":\"Person\",\"@id\":\"https:\\\/\\\/www.plataformadeartecontemporaneo.com\\\/pac\\\/#\\\/schema\\\/person\\\/25e1ca700009c046b16e17c92bb5712f\",\"name\":\"Jos\u00e9 Luis Mart\u00ednez Meseguer\",\"image\":{\"@type\":\"ImageObject\",\"inLanguage\":\"es\",\"@id\":\"https:\\\/\\\/www.plataformadeartecontemporaneo.com\\\/pac\\\/wp-content\\\/uploads\\\/2020\\\/03\\\/meseguer.jpg\",\"url\":\"https:\\\/\\\/www.plataformadeartecontemporaneo.com\\\/pac\\\/wp-content\\\/uploads\\\/2020\\\/03\\\/meseguer.jpg\",\"contentUrl\":\"https:\\\/\\\/www.plataformadeartecontemporaneo.com\\\/pac\\\/wp-content\\\/uploads\\\/2020\\\/03\\\/meseguer.jpg\",\"caption\":\"Jos\u00e9 Luis Mart\u00ednez Meseguer\"},\"description\":\"Redactor Colaborador\",\"sameAs\":[\"https:\\\/\\\/www.instagram.com\\\/curadormartinezmeseguer\\\/\"],\"url\":\"https:\\\/\\\/www.plataformadeartecontemporaneo.com\\\/pac\\\/author\\\/meseguer\\\/\"}]}<\/script>\n<!-- \/ Yoast SEO plugin. -->","yoast_head_json":{"title":"PAC | Entrevista a Julio Falag\u00e1n: \u201cCreo que la labor del artista no debe ser aportar soluciones, sino preguntas.\u201d","description":"Entrevista al artista Julio Falag\u00e1n por parte del cr\u00edtico de arte Jos\u00e9 Luis Mart\u00ednez Meseguer para su secci\u00f3n en PAC.","robots":{"index":"index","follow":"follow","max-snippet":"max-snippet:-1","max-image-preview":"max-image-preview:large","max-video-preview":"max-video-preview:-1"},"canonical":"https:\/\/www.plataformadeartecontemporaneo.com\/pac\/entrevista-a-julio-falagan-creo-que-la-labor-del-artista-no-debe-ser-aportar-soluciones-sino-preguntas\/","og_locale":"es_ES","og_type":"article","og_title":"PAC | Entrevista a Julio Falag\u00e1n: \u201cCreo que la labor del artista no debe ser aportar soluciones, sino preguntas.\u201d","og_description":"Entrevista al artista Julio Falag\u00e1n por parte del cr\u00edtico de arte Jos\u00e9 Luis Mart\u00ednez Meseguer para su secci\u00f3n en PAC.","og_url":"https:\/\/www.plataformadeartecontemporaneo.com\/pac\/entrevista-a-julio-falagan-creo-que-la-labor-del-artista-no-debe-ser-aportar-soluciones-sino-preguntas\/","og_site_name":"PAC","article_published_time":"2025-11-28T04:00:00+00:00","article_modified_time":"2025-11-28T09:56:11+00:00","og_image":[{"width":1000,"height":1000,"url":"https:\/\/www.plataformadeartecontemporaneo.com\/pac\/wp-content\/uploads\/2025\/11\/JULIO-FALAGAN-retrato.jpg","type":"image\/jpeg"}],"author":"Jos\u00e9 Luis Mart\u00ednez Meseguer","twitter_misc":{"Escrito por":"Jos\u00e9 Luis Mart\u00ednez Meseguer","Tiempo de lectura":"7 minutos"},"schema":{"@context":"https:\/\/schema.org","@graph":[{"@type":"Article","@id":"https:\/\/www.plataformadeartecontemporaneo.com\/pac\/entrevista-a-julio-falagan-creo-que-la-labor-del-artista-no-debe-ser-aportar-soluciones-sino-preguntas\/#article","isPartOf":{"@id":"https:\/\/www.plataformadeartecontemporaneo.com\/pac\/entrevista-a-julio-falagan-creo-que-la-labor-del-artista-no-debe-ser-aportar-soluciones-sino-preguntas\/"},"author":{"name":"Jos\u00e9 Luis Mart\u00ednez Meseguer","@id":"https:\/\/www.plataformadeartecontemporaneo.com\/pac\/#\/schema\/person\/25e1ca700009c046b16e17c92bb5712f"},"headline":"Entrevista a Julio Falag\u00e1n: \u201cCreo que la labor del artista no debe ser aportar soluciones, sino preguntas.\u201d","datePublished":"2025-11-28T04:00:00+00:00","dateModified":"2025-11-28T09:56:11+00:00","mainEntityOfPage":{"@id":"https:\/\/www.plataformadeartecontemporaneo.com\/pac\/entrevista-a-julio-falagan-creo-que-la-labor-del-artista-no-debe-ser-aportar-soluciones-sino-preguntas\/"},"wordCount":1155,"commentCount":0,"publisher":{"@id":"https:\/\/www.plataformadeartecontemporaneo.com\/pac\/#organization"},"image":{"@id":"https:\/\/www.plataformadeartecontemporaneo.com\/pac\/entrevista-a-julio-falagan-creo-que-la-labor-del-artista-no-debe-ser-aportar-soluciones-sino-preguntas\/#primaryimage"},"thumbnailUrl":"https:\/\/www.plataformadeartecontemporaneo.com\/pac\/wp-content\/uploads\/2025\/11\/JULIO-FALAGAN-retrato.jpg","keywords":["Julio Falag\u00e1n"],"articleSection":["arte","Artist Interviews","Artistas","Entrevistas"],"inLanguage":"es","potentialAction":[{"@type":"CommentAction","name":"Comment","target":["https:\/\/www.plataformadeartecontemporaneo.com\/pac\/entrevista-a-julio-falagan-creo-que-la-labor-del-artista-no-debe-ser-aportar-soluciones-sino-preguntas\/#respond"]}]},{"@type":"WebPage","@id":"https:\/\/www.plataformadeartecontemporaneo.com\/pac\/entrevista-a-julio-falagan-creo-que-la-labor-del-artista-no-debe-ser-aportar-soluciones-sino-preguntas\/","url":"https:\/\/www.plataformadeartecontemporaneo.com\/pac\/entrevista-a-julio-falagan-creo-que-la-labor-del-artista-no-debe-ser-aportar-soluciones-sino-preguntas\/","name":"PAC | Entrevista a Julio Falag\u00e1n: \u201cCreo que la labor del artista no debe ser aportar soluciones, sino preguntas.\u201d","isPartOf":{"@id":"https:\/\/www.plataformadeartecontemporaneo.com\/pac\/#website"},"primaryImageOfPage":{"@id":"https:\/\/www.plataformadeartecontemporaneo.com\/pac\/entrevista-a-julio-falagan-creo-que-la-labor-del-artista-no-debe-ser-aportar-soluciones-sino-preguntas\/#primaryimage"},"image":{"@id":"https:\/\/www.plataformadeartecontemporaneo.com\/pac\/entrevista-a-julio-falagan-creo-que-la-labor-del-artista-no-debe-ser-aportar-soluciones-sino-preguntas\/#primaryimage"},"thumbnailUrl":"https:\/\/www.plataformadeartecontemporaneo.com\/pac\/wp-content\/uploads\/2025\/11\/JULIO-FALAGAN-retrato.jpg","datePublished":"2025-11-28T04:00:00+00:00","dateModified":"2025-11-28T09:56:11+00:00","description":"Entrevista al artista Julio Falag\u00e1n por parte del cr\u00edtico de arte Jos\u00e9 Luis Mart\u00ednez Meseguer para su secci\u00f3n en PAC.","breadcrumb":{"@id":"https:\/\/www.plataformadeartecontemporaneo.com\/pac\/entrevista-a-julio-falagan-creo-que-la-labor-del-artista-no-debe-ser-aportar-soluciones-sino-preguntas\/#breadcrumb"},"inLanguage":"es","potentialAction":[{"@type":"ReadAction","target":["https:\/\/www.plataformadeartecontemporaneo.com\/pac\/entrevista-a-julio-falagan-creo-que-la-labor-del-artista-no-debe-ser-aportar-soluciones-sino-preguntas\/"]}]},{"@type":"ImageObject","inLanguage":"es","@id":"https:\/\/www.plataformadeartecontemporaneo.com\/pac\/entrevista-a-julio-falagan-creo-que-la-labor-del-artista-no-debe-ser-aportar-soluciones-sino-preguntas\/#primaryimage","url":"https:\/\/www.plataformadeartecontemporaneo.com\/pac\/wp-content\/uploads\/2025\/11\/JULIO-FALAGAN-retrato.jpg","contentUrl":"https:\/\/www.plataformadeartecontemporaneo.com\/pac\/wp-content\/uploads\/2025\/11\/JULIO-FALAGAN-retrato.jpg","width":1000,"height":1000,"caption":"Julio Falag\u00e1n"},{"@type":"BreadcrumbList","@id":"https:\/\/www.plataformadeartecontemporaneo.com\/pac\/entrevista-a-julio-falagan-creo-que-la-labor-del-artista-no-debe-ser-aportar-soluciones-sino-preguntas\/#breadcrumb","itemListElement":[{"@type":"ListItem","position":1,"name":"Portada","item":"https:\/\/www.plataformadeartecontemporaneo.com\/pac\/"},{"@type":"ListItem","position":2,"name":"Entrevista a Julio Falag\u00e1n: \u201cCreo que la labor del artista no debe ser aportar soluciones, sino preguntas.\u201d"}]},{"@type":"WebSite","@id":"https:\/\/www.plataformadeartecontemporaneo.com\/pac\/#website","url":"https:\/\/www.plataformadeartecontemporaneo.com\/pac\/","name":"PAC","description":"Plataforma de Arte Contempor\u00e1neo","publisher":{"@id":"https:\/\/www.plataformadeartecontemporaneo.com\/pac\/#organization"},"potentialAction":[{"@type":"SearchAction","target":{"@type":"EntryPoint","urlTemplate":"https:\/\/www.plataformadeartecontemporaneo.com\/pac\/?s={search_term_string}"},"query-input":{"@type":"PropertyValueSpecification","valueRequired":true,"valueName":"search_term_string"}}],"inLanguage":"es"},{"@type":"Organization","@id":"https:\/\/www.plataformadeartecontemporaneo.com\/pac\/#organization","name":"PAC","url":"https:\/\/www.plataformadeartecontemporaneo.com\/pac\/","logo":{"@type":"ImageObject","inLanguage":"es","@id":"https:\/\/www.plataformadeartecontemporaneo.com\/pac\/#\/schema\/logo\/image\/","url":"https:\/\/www.plataformadeartecontemporaneo.com\/pac\/wp-content\/uploads\/2020\/10\/LOGO-PAC-FOOTER-TRANSPARENTE.png","contentUrl":"https:\/\/www.plataformadeartecontemporaneo.com\/pac\/wp-content\/uploads\/2020\/10\/LOGO-PAC-FOOTER-TRANSPARENTE.png","width":200,"height":48,"caption":"PAC"},"image":{"@id":"https:\/\/www.plataformadeartecontemporaneo.com\/pac\/#\/schema\/logo\/image\/"}},{"@type":"Person","@id":"https:\/\/www.plataformadeartecontemporaneo.com\/pac\/#\/schema\/person\/25e1ca700009c046b16e17c92bb5712f","name":"Jos\u00e9 Luis Mart\u00ednez Meseguer","image":{"@type":"ImageObject","inLanguage":"es","@id":"https:\/\/www.plataformadeartecontemporaneo.com\/pac\/wp-content\/uploads\/2020\/03\/meseguer.jpg","url":"https:\/\/www.plataformadeartecontemporaneo.com\/pac\/wp-content\/uploads\/2020\/03\/meseguer.jpg","contentUrl":"https:\/\/www.plataformadeartecontemporaneo.com\/pac\/wp-content\/uploads\/2020\/03\/meseguer.jpg","caption":"Jos\u00e9 Luis Mart\u00ednez Meseguer"},"description":"Redactor Colaborador","sameAs":["https:\/\/www.instagram.com\/curadormartinezmeseguer\/"],"url":"https:\/\/www.plataformadeartecontemporaneo.com\/pac\/author\/meseguer\/"}]}},"_links":{"self":[{"href":"https:\/\/www.plataformadeartecontemporaneo.com\/pac\/wp-json\/wp\/v2\/posts\/104606","targetHints":{"allow":["GET"]}}],"collection":[{"href":"https:\/\/www.plataformadeartecontemporaneo.com\/pac\/wp-json\/wp\/v2\/posts"}],"about":[{"href":"https:\/\/www.plataformadeartecontemporaneo.com\/pac\/wp-json\/wp\/v2\/types\/post"}],"author":[{"embeddable":true,"href":"https:\/\/www.plataformadeartecontemporaneo.com\/pac\/wp-json\/wp\/v2\/users\/5"}],"replies":[{"embeddable":true,"href":"https:\/\/www.plataformadeartecontemporaneo.com\/pac\/wp-json\/wp\/v2\/comments?post=104606"}],"version-history":[{"count":4,"href":"https:\/\/www.plataformadeartecontemporaneo.com\/pac\/wp-json\/wp\/v2\/posts\/104606\/revisions"}],"predecessor-version":[{"id":104705,"href":"https:\/\/www.plataformadeartecontemporaneo.com\/pac\/wp-json\/wp\/v2\/posts\/104606\/revisions\/104705"}],"wp:featuredmedia":[{"embeddable":true,"href":"https:\/\/www.plataformadeartecontemporaneo.com\/pac\/wp-json\/wp\/v2\/media\/104608"}],"wp:attachment":[{"href":"https:\/\/www.plataformadeartecontemporaneo.com\/pac\/wp-json\/wp\/v2\/media?parent=104606"}],"wp:term":[{"taxonomy":"category","embeddable":true,"href":"https:\/\/www.plataformadeartecontemporaneo.com\/pac\/wp-json\/wp\/v2\/categories?post=104606"},{"taxonomy":"post_tag","embeddable":true,"href":"https:\/\/www.plataformadeartecontemporaneo.com\/pac\/wp-json\/wp\/v2\/tags?post=104606"}],"curies":[{"name":"wp","href":"https:\/\/api.w.org\/{rel}","templated":true}]}}