




{"id":106819,"date":"2026-04-21T05:07:00","date_gmt":"2026-04-21T03:07:00","guid":{"rendered":"https:\/\/www.plataformadeartecontemporaneo.com\/pac\/?p=106819"},"modified":"2026-04-20T13:22:16","modified_gmt":"2026-04-20T11:22:16","slug":"habitar-el-proceso-cartografias-fotograficas-del-colectivo-la-guarda","status":"publish","type":"post","link":"https:\/\/www.plataformadeartecontemporaneo.com\/pac\/habitar-el-proceso-cartografias-fotograficas-del-colectivo-la-guarda\/","title":{"rendered":"Habitar el proceso: cartograf\u00edas fotogr\u00e1ficas del colectivo La Guarda"},"content":{"rendered":"\n<p>El colectivo de fotograf\u00eda La Guarda expone la muestra titulada <em>Habitar el proceso<\/em> en el Espacio TANGENTE Centro de Creaci\u00f3n Contempor\u00e1nea. La exposici\u00f3n se despliega como un mapa: una cartograf\u00eda de las intenciones que se encuentran bajo cada uno de los proyectos fotogr\u00e1ficos del colectivo.<\/p>\n\n\n\n<figure class=\"wp-block-image size-large\"><img fetchpriority=\"high\" decoding=\"async\" width=\"750\" height=\"500\" src=\"https:\/\/www.plataformadeartecontemporaneo.com\/pac\/wp-content\/uploads\/2026\/04\/LA-GUARDA-Habitar-un-proceso-04-750x500.jpg\" alt=\"\" class=\"wp-image-106820\" srcset=\"https:\/\/www.plataformadeartecontemporaneo.com\/pac\/wp-content\/uploads\/2026\/04\/LA-GUARDA-Habitar-un-proceso-04-750x500.jpg 750w, https:\/\/www.plataformadeartecontemporaneo.com\/pac\/wp-content\/uploads\/2026\/04\/LA-GUARDA-Habitar-un-proceso-04-600x400.jpg 600w, https:\/\/www.plataformadeartecontemporaneo.com\/pac\/wp-content\/uploads\/2026\/04\/LA-GUARDA-Habitar-un-proceso-04-768x511.jpg 768w, https:\/\/www.plataformadeartecontemporaneo.com\/pac\/wp-content\/uploads\/2026\/04\/LA-GUARDA-Habitar-un-proceso-04.jpg 1000w\" sizes=\"(max-width: 750px) 100vw, 750px\" \/><\/figure>\n\n\n\n<p>En el texto de sala de la muestra se explica que <em>Habitar el proceso es ensayo, experimentaci\u00f3n, prueba.\u00a0Es observar, esperar, contemplar el instante y el fragmento.\u00a0Es hacer posible la pausa en el proceso, para alimentarlo con creatividad, intuici\u00f3n y deseo. Tambi\u00e9n es cartografiar el trabajo creativo desde las pasiones y obsesiones que nos mueven: pasando por la necesidad de universalizar la experiencia, encontrar un lenguaje, una forma y una est\u00e9tica. Cada proyecto aqu\u00ed presente es un ejercicio de despliegue creativo.\u00a0<\/em><\/p>\n\n\n\n<p>Los temas que atraviesan los trabajos fotogr\u00e1ficos van <em>desde la narrativa de la ausencia, que representa la p\u00e9rdida a trav\u00e9s de lo que falta, hasta el cuestionamiento del archivo, su recontextualizaci\u00f3n, la identidad del territorio y sus ra\u00edces; las ficciones y sus puestas en escena que construyen realidades; la simbolog\u00eda del objeto como met\u00e1fora de lo complejo; las emociones, la construcci\u00f3n de la identidad, la experiencia, el cuerpo y la vulnerabilidad. Im\u00e1genes que median conflictos emocionales, que ensayan pertenencias posibles y que entienden la fotograf\u00eda como lugar de estancia impermanente m\u00e1s que como meta.<\/em><\/p>\n\n\n\n<figure class=\"wp-block-image size-large\"><img decoding=\"async\" width=\"750\" height=\"500\" src=\"https:\/\/www.plataformadeartecontemporaneo.com\/pac\/wp-content\/uploads\/2026\/04\/LA-GUARDA-Habitar-un-proceso-06-750x500.jpg\" alt=\"\" class=\"wp-image-106821\" srcset=\"https:\/\/www.plataformadeartecontemporaneo.com\/pac\/wp-content\/uploads\/2026\/04\/LA-GUARDA-Habitar-un-proceso-06-750x500.jpg 750w, https:\/\/www.plataformadeartecontemporaneo.com\/pac\/wp-content\/uploads\/2026\/04\/LA-GUARDA-Habitar-un-proceso-06-600x400.jpg 600w, https:\/\/www.plataformadeartecontemporaneo.com\/pac\/wp-content\/uploads\/2026\/04\/LA-GUARDA-Habitar-un-proceso-06-768x511.jpg 768w, https:\/\/www.plataformadeartecontemporaneo.com\/pac\/wp-content\/uploads\/2026\/04\/LA-GUARDA-Habitar-un-proceso-06.jpg 1000w\" sizes=\"(max-width: 750px) 100vw, 750px\" \/><\/figure>\n\n\n\n<h2 class=\"wp-block-heading\"><strong>AUTORAS<\/strong><\/h2>\n\n\n\n<p>Catalina Alonso, Marta Arquero, Ligia Berg, Majo de Boni, Lujan Borzi, Bk Carty, Mont Carver, Roberta Chavez, Cecilia Dalceggio, Marta Domingo, Paula Dornan, Karen Gait\u00e1n, Carlotta Gambato, Victoria Ge, Sophia di Girolamo, Nuria R. Gomes, Adri Atl\u00e1ntico, Chofitas, Paula Isidro, Bego\u00f1a Kohlbach, Celia L\u00f3pez Maroto, Ester Montenegro, Valentina Montes, Carlos Ramos, Soff Muinelo, Mario Palace, Salom\u00e9 Rodr\u00edguez, Mar\u00eda Rojo, Adriana S., Paola Arbildua, Donna Salama, Estela Sanz, Elisa Soto, Carla S\u00e1nchez, Marta Vizoso, Sarah Whitehurst, Suhui Xia, Man\u00f3n Yanes.<\/p>\n\n\n\n<p class=\"has-luminous-vivid-amber-background-color has-background\"><strong>Fechas<\/strong>: Hasta el 29 de abril de 2026<br><strong>Lugar<\/strong>: TANGENTE Centro de Arte de Creaci\u00f3n Contempor\u00e1nea, Burgos<\/p>\n","protected":false},"excerpt":{"rendered":"<div class=\"tmnf_excerpt\"><p>El colectivo de fotograf\u00eda La Guarda expone la muestra titulada Habitar el proceso en el Espacio TANGENTE Centro de Creaci\u00f3n Contempor\u00e1nea. La exposici\u00f3n se despliega como un mapa: una cartograf\u00eda de las intenciones que se encuentran bajo cada uno de los proyectos fotogr\u00e1ficos del colectivo. En el texto de sala de la muestra se explica &hellip;<\/p>\n<\/div>","protected":false},"author":10000096,"featured_media":106821,"comment_status":"open","ping_status":"closed","sticky":false,"template":"","format":"standard","meta":{"footnotes":""},"categories":[14384,14383,272,5594,4,29],"tags":[31407,31408],"class_list":["post-106819","post","type-post","status-publish","format-standard","has-post-thumbnail","hentry","category-arte","category-arte-contemporaneo","category-burgos","category-espacios-independientes","category-exposiciones","category-fotografia","tag-colectivo-la-guarda","tag-espacio-tangente-centro-de-creacion-contemporanea"],"yoast_head":"<!-- This site is optimized with the Yoast SEO plugin v27.4 - https:\/\/yoast.com\/product\/yoast-seo-wordpress\/ -->\n<title>PAC | Habitar el proceso: cartograf\u00edas fotogr\u00e1ficas del colectivo La Guarda<\/title>\n<meta name=\"description\" content=\"El colectivo de fotograf\u00eda La Guarda expone la muestra titulada Habitar el proceso en el Espacio TANGENTE Centro de Creaci\u00f3n Contempor\u00e1nea.\" \/>\n<meta name=\"robots\" content=\"index, follow, max-snippet:-1, max-image-preview:large, max-video-preview:-1\" \/>\n<link rel=\"canonical\" href=\"https:\/\/www.plataformadeartecontemporaneo.com\/pac\/habitar-el-proceso-cartografias-fotograficas-del-colectivo-la-guarda\/\" \/>\n<meta property=\"og:locale\" content=\"es_ES\" \/>\n<meta property=\"og:type\" content=\"article\" \/>\n<meta property=\"og:title\" content=\"PAC | Habitar el proceso: cartograf\u00edas fotogr\u00e1ficas del colectivo La Guarda\" \/>\n<meta property=\"og:description\" content=\"El colectivo de fotograf\u00eda La Guarda expone la muestra titulada Habitar el proceso en el Espacio TANGENTE Centro de Creaci\u00f3n Contempor\u00e1nea.\" \/>\n<meta property=\"og:url\" content=\"https:\/\/www.plataformadeartecontemporaneo.com\/pac\/habitar-el-proceso-cartografias-fotograficas-del-colectivo-la-guarda\/\" \/>\n<meta property=\"og:site_name\" content=\"PAC\" \/>\n<meta property=\"article:published_time\" content=\"2026-04-21T03:07:00+00:00\" \/>\n<meta property=\"og:image\" content=\"https:\/\/www.plataformadeartecontemporaneo.com\/pac\/wp-content\/uploads\/2026\/04\/LA-GUARDA-Habitar-un-proceso-06.jpg\" \/>\n\t<meta property=\"og:image:width\" content=\"1000\" \/>\n\t<meta property=\"og:image:height\" content=\"666\" \/>\n\t<meta property=\"og:image:type\" content=\"image\/jpeg\" \/>\n<meta name=\"author\" content=\"Redacci\u00f3n\" \/>\n<meta name=\"twitter:label1\" content=\"Escrito por\" \/>\n\t<meta name=\"twitter:data1\" content=\"Redacci\u00f3n\" \/>\n\t<meta name=\"twitter:label2\" content=\"Tiempo de lectura\" \/>\n\t<meta name=\"twitter:data2\" content=\"3 minutos\" \/>\n<script type=\"application\/ld+json\" class=\"yoast-schema-graph\">{\"@context\":\"https:\\\/\\\/schema.org\",\"@graph\":[{\"@type\":\"Article\",\"@id\":\"https:\\\/\\\/www.plataformadeartecontemporaneo.com\\\/pac\\\/habitar-el-proceso-cartografias-fotograficas-del-colectivo-la-guarda\\\/#article\",\"isPartOf\":{\"@id\":\"https:\\\/\\\/www.plataformadeartecontemporaneo.com\\\/pac\\\/habitar-el-proceso-cartografias-fotograficas-del-colectivo-la-guarda\\\/\"},\"author\":{\"name\":\"Redacci\u00f3n\",\"@id\":\"https:\\\/\\\/www.plataformadeartecontemporaneo.com\\\/pac\\\/#\\\/schema\\\/person\\\/0d50919f991979ca67eb0cd36fbe7adc\"},\"headline\":\"Habitar el proceso: cartograf\u00edas fotogr\u00e1ficas del colectivo La Guarda\",\"datePublished\":\"2026-04-21T03:07:00+00:00\",\"mainEntityOfPage\":{\"@id\":\"https:\\\/\\\/www.plataformadeartecontemporaneo.com\\\/pac\\\/habitar-el-proceso-cartografias-fotograficas-del-colectivo-la-guarda\\\/\"},\"wordCount\":358,\"commentCount\":0,\"publisher\":{\"@id\":\"https:\\\/\\\/www.plataformadeartecontemporaneo.com\\\/pac\\\/#organization\"},\"image\":{\"@id\":\"https:\\\/\\\/www.plataformadeartecontemporaneo.com\\\/pac\\\/habitar-el-proceso-cartografias-fotograficas-del-colectivo-la-guarda\\\/#primaryimage\"},\"thumbnailUrl\":\"https:\\\/\\\/www.plataformadeartecontemporaneo.com\\\/pac\\\/wp-content\\\/uploads\\\/2026\\\/04\\\/LA-GUARDA-Habitar-un-proceso-06.jpg\",\"keywords\":[\"Colectivo La Guarda\",\"Espacio TANGENTE Centro de Creaci\u00f3n Contempor\u00e1nea\"],\"articleSection\":[\"arte\",\"Arte Contempor\u00e1neo\",\"Burgos\",\"Espacios independientes\",\"Exposiciones\",\"Fotograf\u00eda\"],\"inLanguage\":\"es\",\"potentialAction\":[{\"@type\":\"CommentAction\",\"name\":\"Comment\",\"target\":[\"https:\\\/\\\/www.plataformadeartecontemporaneo.com\\\/pac\\\/habitar-el-proceso-cartografias-fotograficas-del-colectivo-la-guarda\\\/#respond\"]}]},{\"@type\":\"WebPage\",\"@id\":\"https:\\\/\\\/www.plataformadeartecontemporaneo.com\\\/pac\\\/habitar-el-proceso-cartografias-fotograficas-del-colectivo-la-guarda\\\/\",\"url\":\"https:\\\/\\\/www.plataformadeartecontemporaneo.com\\\/pac\\\/habitar-el-proceso-cartografias-fotograficas-del-colectivo-la-guarda\\\/\",\"name\":\"PAC | Habitar el proceso: cartograf\u00edas fotogr\u00e1ficas del colectivo La Guarda\",\"isPartOf\":{\"@id\":\"https:\\\/\\\/www.plataformadeartecontemporaneo.com\\\/pac\\\/#website\"},\"primaryImageOfPage\":{\"@id\":\"https:\\\/\\\/www.plataformadeartecontemporaneo.com\\\/pac\\\/habitar-el-proceso-cartografias-fotograficas-del-colectivo-la-guarda\\\/#primaryimage\"},\"image\":{\"@id\":\"https:\\\/\\\/www.plataformadeartecontemporaneo.com\\\/pac\\\/habitar-el-proceso-cartografias-fotograficas-del-colectivo-la-guarda\\\/#primaryimage\"},\"thumbnailUrl\":\"https:\\\/\\\/www.plataformadeartecontemporaneo.com\\\/pac\\\/wp-content\\\/uploads\\\/2026\\\/04\\\/LA-GUARDA-Habitar-un-proceso-06.jpg\",\"datePublished\":\"2026-04-21T03:07:00+00:00\",\"description\":\"El colectivo de fotograf\u00eda La Guarda expone la muestra titulada Habitar el proceso en el Espacio TANGENTE Centro de Creaci\u00f3n Contempor\u00e1nea.\",\"breadcrumb\":{\"@id\":\"https:\\\/\\\/www.plataformadeartecontemporaneo.com\\\/pac\\\/habitar-el-proceso-cartografias-fotograficas-del-colectivo-la-guarda\\\/#breadcrumb\"},\"inLanguage\":\"es\",\"potentialAction\":[{\"@type\":\"ReadAction\",\"target\":[\"https:\\\/\\\/www.plataformadeartecontemporaneo.com\\\/pac\\\/habitar-el-proceso-cartografias-fotograficas-del-colectivo-la-guarda\\\/\"]}]},{\"@type\":\"ImageObject\",\"inLanguage\":\"es\",\"@id\":\"https:\\\/\\\/www.plataformadeartecontemporaneo.com\\\/pac\\\/habitar-el-proceso-cartografias-fotograficas-del-colectivo-la-guarda\\\/#primaryimage\",\"url\":\"https:\\\/\\\/www.plataformadeartecontemporaneo.com\\\/pac\\\/wp-content\\\/uploads\\\/2026\\\/04\\\/LA-GUARDA-Habitar-un-proceso-06.jpg\",\"contentUrl\":\"https:\\\/\\\/www.plataformadeartecontemporaneo.com\\\/pac\\\/wp-content\\\/uploads\\\/2026\\\/04\\\/LA-GUARDA-Habitar-un-proceso-06.jpg\",\"width\":1000,\"height\":666,\"caption\":\"LA GUARDA - Habitar un proceso\"},{\"@type\":\"BreadcrumbList\",\"@id\":\"https:\\\/\\\/www.plataformadeartecontemporaneo.com\\\/pac\\\/habitar-el-proceso-cartografias-fotograficas-del-colectivo-la-guarda\\\/#breadcrumb\",\"itemListElement\":[{\"@type\":\"ListItem\",\"position\":1,\"name\":\"Portada\",\"item\":\"https:\\\/\\\/www.plataformadeartecontemporaneo.com\\\/pac\\\/\"},{\"@type\":\"ListItem\",\"position\":2,\"name\":\"Habitar el proceso: cartograf\u00edas fotogr\u00e1ficas del colectivo La Guarda\"}]},{\"@type\":\"WebSite\",\"@id\":\"https:\\\/\\\/www.plataformadeartecontemporaneo.com\\\/pac\\\/#website\",\"url\":\"https:\\\/\\\/www.plataformadeartecontemporaneo.com\\\/pac\\\/\",\"name\":\"PAC\",\"description\":\"Plataforma de Arte Contempor\u00e1neo\",\"publisher\":{\"@id\":\"https:\\\/\\\/www.plataformadeartecontemporaneo.com\\\/pac\\\/#organization\"},\"potentialAction\":[{\"@type\":\"SearchAction\",\"target\":{\"@type\":\"EntryPoint\",\"urlTemplate\":\"https:\\\/\\\/www.plataformadeartecontemporaneo.com\\\/pac\\\/?s={search_term_string}\"},\"query-input\":{\"@type\":\"PropertyValueSpecification\",\"valueRequired\":true,\"valueName\":\"search_term_string\"}}],\"inLanguage\":\"es\"},{\"@type\":\"Organization\",\"@id\":\"https:\\\/\\\/www.plataformadeartecontemporaneo.com\\\/pac\\\/#organization\",\"name\":\"PAC\",\"url\":\"https:\\\/\\\/www.plataformadeartecontemporaneo.com\\\/pac\\\/\",\"logo\":{\"@type\":\"ImageObject\",\"inLanguage\":\"es\",\"@id\":\"https:\\\/\\\/www.plataformadeartecontemporaneo.com\\\/pac\\\/#\\\/schema\\\/logo\\\/image\\\/\",\"url\":\"https:\\\/\\\/www.plataformadeartecontemporaneo.com\\\/pac\\\/wp-content\\\/uploads\\\/2020\\\/10\\\/LOGO-PAC-FOOTER-TRANSPARENTE.png\",\"contentUrl\":\"https:\\\/\\\/www.plataformadeartecontemporaneo.com\\\/pac\\\/wp-content\\\/uploads\\\/2020\\\/10\\\/LOGO-PAC-FOOTER-TRANSPARENTE.png\",\"width\":200,\"height\":48,\"caption\":\"PAC\"},\"image\":{\"@id\":\"https:\\\/\\\/www.plataformadeartecontemporaneo.com\\\/pac\\\/#\\\/schema\\\/logo\\\/image\\\/\"}},{\"@type\":\"Person\",\"@id\":\"https:\\\/\\\/www.plataformadeartecontemporaneo.com\\\/pac\\\/#\\\/schema\\\/person\\\/0d50919f991979ca67eb0cd36fbe7adc\",\"name\":\"Redacci\u00f3n\",\"image\":{\"@type\":\"ImageObject\",\"inLanguage\":\"es\",\"@id\":\"https:\\\/\\\/www.plataformadeartecontemporaneo.com\\\/pac\\\/wp-content\\\/uploads\\\/2023\\\/08\\\/PAC-ICON-150x150.jpg\",\"url\":\"https:\\\/\\\/www.plataformadeartecontemporaneo.com\\\/pac\\\/wp-content\\\/uploads\\\/2023\\\/08\\\/PAC-ICON-150x150.jpg\",\"contentUrl\":\"https:\\\/\\\/www.plataformadeartecontemporaneo.com\\\/pac\\\/wp-content\\\/uploads\\\/2023\\\/08\\\/PAC-ICON-150x150.jpg\",\"caption\":\"Redacci\u00f3n\"},\"url\":\"https:\\\/\\\/www.plataformadeartecontemporaneo.com\\\/pac\\\/author\\\/redaccion\\\/\"}]}<\/script>\n<!-- \/ Yoast SEO plugin. -->","yoast_head_json":{"title":"PAC | Habitar el proceso: cartograf\u00edas fotogr\u00e1ficas del colectivo La Guarda","description":"El colectivo de fotograf\u00eda La Guarda expone la muestra titulada Habitar el proceso en el Espacio TANGENTE Centro de Creaci\u00f3n Contempor\u00e1nea.","robots":{"index":"index","follow":"follow","max-snippet":"max-snippet:-1","max-image-preview":"max-image-preview:large","max-video-preview":"max-video-preview:-1"},"canonical":"https:\/\/www.plataformadeartecontemporaneo.com\/pac\/habitar-el-proceso-cartografias-fotograficas-del-colectivo-la-guarda\/","og_locale":"es_ES","og_type":"article","og_title":"PAC | Habitar el proceso: cartograf\u00edas fotogr\u00e1ficas del colectivo La Guarda","og_description":"El colectivo de fotograf\u00eda La Guarda expone la muestra titulada Habitar el proceso en el Espacio TANGENTE Centro de Creaci\u00f3n Contempor\u00e1nea.","og_url":"https:\/\/www.plataformadeartecontemporaneo.com\/pac\/habitar-el-proceso-cartografias-fotograficas-del-colectivo-la-guarda\/","og_site_name":"PAC","article_published_time":"2026-04-21T03:07:00+00:00","og_image":[{"width":1000,"height":666,"url":"https:\/\/www.plataformadeartecontemporaneo.com\/pac\/wp-content\/uploads\/2026\/04\/LA-GUARDA-Habitar-un-proceso-06.jpg","type":"image\/jpeg"}],"author":"Redacci\u00f3n","twitter_misc":{"Escrito por":"Redacci\u00f3n","Tiempo de lectura":"3 minutos"},"schema":{"@context":"https:\/\/schema.org","@graph":[{"@type":"Article","@id":"https:\/\/www.plataformadeartecontemporaneo.com\/pac\/habitar-el-proceso-cartografias-fotograficas-del-colectivo-la-guarda\/#article","isPartOf":{"@id":"https:\/\/www.plataformadeartecontemporaneo.com\/pac\/habitar-el-proceso-cartografias-fotograficas-del-colectivo-la-guarda\/"},"author":{"name":"Redacci\u00f3n","@id":"https:\/\/www.plataformadeartecontemporaneo.com\/pac\/#\/schema\/person\/0d50919f991979ca67eb0cd36fbe7adc"},"headline":"Habitar el proceso: cartograf\u00edas fotogr\u00e1ficas del colectivo La Guarda","datePublished":"2026-04-21T03:07:00+00:00","mainEntityOfPage":{"@id":"https:\/\/www.plataformadeartecontemporaneo.com\/pac\/habitar-el-proceso-cartografias-fotograficas-del-colectivo-la-guarda\/"},"wordCount":358,"commentCount":0,"publisher":{"@id":"https:\/\/www.plataformadeartecontemporaneo.com\/pac\/#organization"},"image":{"@id":"https:\/\/www.plataformadeartecontemporaneo.com\/pac\/habitar-el-proceso-cartografias-fotograficas-del-colectivo-la-guarda\/#primaryimage"},"thumbnailUrl":"https:\/\/www.plataformadeartecontemporaneo.com\/pac\/wp-content\/uploads\/2026\/04\/LA-GUARDA-Habitar-un-proceso-06.jpg","keywords":["Colectivo La Guarda","Espacio TANGENTE Centro de Creaci\u00f3n Contempor\u00e1nea"],"articleSection":["arte","Arte Contempor\u00e1neo","Burgos","Espacios independientes","Exposiciones","Fotograf\u00eda"],"inLanguage":"es","potentialAction":[{"@type":"CommentAction","name":"Comment","target":["https:\/\/www.plataformadeartecontemporaneo.com\/pac\/habitar-el-proceso-cartografias-fotograficas-del-colectivo-la-guarda\/#respond"]}]},{"@type":"WebPage","@id":"https:\/\/www.plataformadeartecontemporaneo.com\/pac\/habitar-el-proceso-cartografias-fotograficas-del-colectivo-la-guarda\/","url":"https:\/\/www.plataformadeartecontemporaneo.com\/pac\/habitar-el-proceso-cartografias-fotograficas-del-colectivo-la-guarda\/","name":"PAC | Habitar el proceso: cartograf\u00edas fotogr\u00e1ficas del colectivo La Guarda","isPartOf":{"@id":"https:\/\/www.plataformadeartecontemporaneo.com\/pac\/#website"},"primaryImageOfPage":{"@id":"https:\/\/www.plataformadeartecontemporaneo.com\/pac\/habitar-el-proceso-cartografias-fotograficas-del-colectivo-la-guarda\/#primaryimage"},"image":{"@id":"https:\/\/www.plataformadeartecontemporaneo.com\/pac\/habitar-el-proceso-cartografias-fotograficas-del-colectivo-la-guarda\/#primaryimage"},"thumbnailUrl":"https:\/\/www.plataformadeartecontemporaneo.com\/pac\/wp-content\/uploads\/2026\/04\/LA-GUARDA-Habitar-un-proceso-06.jpg","datePublished":"2026-04-21T03:07:00+00:00","description":"El colectivo de fotograf\u00eda La Guarda expone la muestra titulada Habitar el proceso en el Espacio TANGENTE Centro de Creaci\u00f3n Contempor\u00e1nea.","breadcrumb":{"@id":"https:\/\/www.plataformadeartecontemporaneo.com\/pac\/habitar-el-proceso-cartografias-fotograficas-del-colectivo-la-guarda\/#breadcrumb"},"inLanguage":"es","potentialAction":[{"@type":"ReadAction","target":["https:\/\/www.plataformadeartecontemporaneo.com\/pac\/habitar-el-proceso-cartografias-fotograficas-del-colectivo-la-guarda\/"]}]},{"@type":"ImageObject","inLanguage":"es","@id":"https:\/\/www.plataformadeartecontemporaneo.com\/pac\/habitar-el-proceso-cartografias-fotograficas-del-colectivo-la-guarda\/#primaryimage","url":"https:\/\/www.plataformadeartecontemporaneo.com\/pac\/wp-content\/uploads\/2026\/04\/LA-GUARDA-Habitar-un-proceso-06.jpg","contentUrl":"https:\/\/www.plataformadeartecontemporaneo.com\/pac\/wp-content\/uploads\/2026\/04\/LA-GUARDA-Habitar-un-proceso-06.jpg","width":1000,"height":666,"caption":"LA GUARDA - Habitar un proceso"},{"@type":"BreadcrumbList","@id":"https:\/\/www.plataformadeartecontemporaneo.com\/pac\/habitar-el-proceso-cartografias-fotograficas-del-colectivo-la-guarda\/#breadcrumb","itemListElement":[{"@type":"ListItem","position":1,"name":"Portada","item":"https:\/\/www.plataformadeartecontemporaneo.com\/pac\/"},{"@type":"ListItem","position":2,"name":"Habitar el proceso: cartograf\u00edas fotogr\u00e1ficas del colectivo La Guarda"}]},{"@type":"WebSite","@id":"https:\/\/www.plataformadeartecontemporaneo.com\/pac\/#website","url":"https:\/\/www.plataformadeartecontemporaneo.com\/pac\/","name":"PAC","description":"Plataforma de Arte Contempor\u00e1neo","publisher":{"@id":"https:\/\/www.plataformadeartecontemporaneo.com\/pac\/#organization"},"potentialAction":[{"@type":"SearchAction","target":{"@type":"EntryPoint","urlTemplate":"https:\/\/www.plataformadeartecontemporaneo.com\/pac\/?s={search_term_string}"},"query-input":{"@type":"PropertyValueSpecification","valueRequired":true,"valueName":"search_term_string"}}],"inLanguage":"es"},{"@type":"Organization","@id":"https:\/\/www.plataformadeartecontemporaneo.com\/pac\/#organization","name":"PAC","url":"https:\/\/www.plataformadeartecontemporaneo.com\/pac\/","logo":{"@type":"ImageObject","inLanguage":"es","@id":"https:\/\/www.plataformadeartecontemporaneo.com\/pac\/#\/schema\/logo\/image\/","url":"https:\/\/www.plataformadeartecontemporaneo.com\/pac\/wp-content\/uploads\/2020\/10\/LOGO-PAC-FOOTER-TRANSPARENTE.png","contentUrl":"https:\/\/www.plataformadeartecontemporaneo.com\/pac\/wp-content\/uploads\/2020\/10\/LOGO-PAC-FOOTER-TRANSPARENTE.png","width":200,"height":48,"caption":"PAC"},"image":{"@id":"https:\/\/www.plataformadeartecontemporaneo.com\/pac\/#\/schema\/logo\/image\/"}},{"@type":"Person","@id":"https:\/\/www.plataformadeartecontemporaneo.com\/pac\/#\/schema\/person\/0d50919f991979ca67eb0cd36fbe7adc","name":"Redacci\u00f3n","image":{"@type":"ImageObject","inLanguage":"es","@id":"https:\/\/www.plataformadeartecontemporaneo.com\/pac\/wp-content\/uploads\/2023\/08\/PAC-ICON-150x150.jpg","url":"https:\/\/www.plataformadeartecontemporaneo.com\/pac\/wp-content\/uploads\/2023\/08\/PAC-ICON-150x150.jpg","contentUrl":"https:\/\/www.plataformadeartecontemporaneo.com\/pac\/wp-content\/uploads\/2023\/08\/PAC-ICON-150x150.jpg","caption":"Redacci\u00f3n"},"url":"https:\/\/www.plataformadeartecontemporaneo.com\/pac\/author\/redaccion\/"}]}},"_links":{"self":[{"href":"https:\/\/www.plataformadeartecontemporaneo.com\/pac\/wp-json\/wp\/v2\/posts\/106819","targetHints":{"allow":["GET"]}}],"collection":[{"href":"https:\/\/www.plataformadeartecontemporaneo.com\/pac\/wp-json\/wp\/v2\/posts"}],"about":[{"href":"https:\/\/www.plataformadeartecontemporaneo.com\/pac\/wp-json\/wp\/v2\/types\/post"}],"author":[{"embeddable":true,"href":"https:\/\/www.plataformadeartecontemporaneo.com\/pac\/wp-json\/wp\/v2\/users\/10000096"}],"replies":[{"embeddable":true,"href":"https:\/\/www.plataformadeartecontemporaneo.com\/pac\/wp-json\/wp\/v2\/comments?post=106819"}],"version-history":[{"count":1,"href":"https:\/\/www.plataformadeartecontemporaneo.com\/pac\/wp-json\/wp\/v2\/posts\/106819\/revisions"}],"predecessor-version":[{"id":106822,"href":"https:\/\/www.plataformadeartecontemporaneo.com\/pac\/wp-json\/wp\/v2\/posts\/106819\/revisions\/106822"}],"wp:featuredmedia":[{"embeddable":true,"href":"https:\/\/www.plataformadeartecontemporaneo.com\/pac\/wp-json\/wp\/v2\/media\/106821"}],"wp:attachment":[{"href":"https:\/\/www.plataformadeartecontemporaneo.com\/pac\/wp-json\/wp\/v2\/media?parent=106819"}],"wp:term":[{"taxonomy":"category","embeddable":true,"href":"https:\/\/www.plataformadeartecontemporaneo.com\/pac\/wp-json\/wp\/v2\/categories?post=106819"},{"taxonomy":"post_tag","embeddable":true,"href":"https:\/\/www.plataformadeartecontemporaneo.com\/pac\/wp-json\/wp\/v2\/tags?post=106819"}],"curies":[{"name":"wp","href":"https:\/\/api.w.org\/{rel}","templated":true}]}}