




{"id":12062,"date":"2012-07-18T07:09:45","date_gmt":"2012-07-18T07:09:45","guid":{"rendered":"http:\/\/www.plataformadeartecontemporaneo.com\/pac\/?p=12062"},"modified":"2014-08-26T11:48:16","modified_gmt":"2014-08-26T11:48:16","slug":"en-el-taller-de-remed","status":"publish","type":"post","link":"https:\/\/www.plataformadeartecontemporaneo.com\/pac\/en-el-taller-de-remed\/","title":{"rendered":"En el Taller de Remed"},"content":{"rendered":"<p style=\"text-align: justify;\">Nuestro archivo de v\u00eddeos realizados <strong>En el Taller de<\/strong> diferentes artistas sigue creciendo. Hoy publicamos el segundo v\u00eddeo de esta nueva secci\u00f3n de Proyectos PAC. En \u00e9l visitamos al artista urbano <a href=\"http:\/\/www.plataformadeartecontemporaneo.com\/pac\/entrevista-a-remed\/\" target=\"_blank\"><strong>Remed<\/strong><\/a> que nos muestra algunos de sus secretos a la hora de crear. Aqu\u00ed os dejamos con el esperado <strong>\u201cEN EL TALLER DE REMED&#8221;<\/strong>.<\/p>\n<p style=\"text-align: center;\"><iframe src=\"http:\/\/www.youtube.com\/embed\/jV2M7XVTgTY?rel=0\" width=\"500\" height=\"281\" frameborder=\"0\" allowfullscreen=\"allowfullscreen\"><\/iframe><\/p>\n<p><img fetchpriority=\"high\" decoding=\"async\" class=\"aligncenter size-full wp-image-13552\" title=\"Fotograms Remed PAC TV\" src=\"http:\/\/www.plataformadeartecontemporaneo.com\/pac\/wp-content\/uploads\/2012\/07\/fotograms-remed-PACTV21.jpg\" alt=\"\" width=\"500\" height=\"1303\" srcset=\"https:\/\/www.plataformadeartecontemporaneo.com\/pac\/wp-content\/uploads\/2012\/07\/fotograms-remed-PACTV21.jpg 500w, https:\/\/www.plataformadeartecontemporaneo.com\/pac\/wp-content\/uploads\/2012\/07\/fotograms-remed-PACTV21-230x600.jpg 230w\" sizes=\"(max-width: 500px) 100vw, 500px\" \/><\/p>\n","protected":false},"excerpt":{"rendered":"<div class=\"tmnf_excerpt\"><p>Nuestro archivo de v\u00eddeos realizados En el Taller de diferentes artistas sigue creciendo. Hoy publicamos el segundo v\u00eddeo de esta nueva secci\u00f3n de Proyectos PAC. En \u00e9l visitamos al artista urbano Remed que nos muestra algunos de sus secretos a la hora de crear. Aqu\u00ed os dejamos con el esperado \u201cEN EL TALLER DE REMED&#8221;.<\/p>\n<\/div>","protected":false},"author":2,"featured_media":29666,"comment_status":"open","ping_status":"open","sticky":false,"template":"","format":"video","meta":{"footnotes":""},"categories":[1669,4750],"tags":[179],"class_list":["post-12062","post","type-post","status-publish","format-video","has-post-thumbnail","hentry","category-en-el-taller-de","category-pac-tv","tag-remed","post_format-post-format-video"],"yoast_head":"<!-- This site is optimized with the Yoast SEO plugin v27.4 - https:\/\/yoast.com\/product\/yoast-seo-wordpress\/ -->\n<title>PAC | En el Taller de Remed<\/title>\n<meta name=\"robots\" content=\"index, follow, max-snippet:-1, max-image-preview:large, max-video-preview:-1\" \/>\n<link rel=\"canonical\" href=\"https:\/\/www.plataformadeartecontemporaneo.com\/pac\/en-el-taller-de-remed\/\" \/>\n<meta property=\"og:locale\" content=\"es_ES\" \/>\n<meta property=\"og:type\" content=\"article\" \/>\n<meta property=\"og:title\" content=\"PAC | En el Taller de Remed\" \/>\n<meta property=\"og:description\" content=\"Nuestro archivo de v\u00eddeos realizados En el Taller de diferentes artistas sigue creciendo. Hoy publicamos el segundo v\u00eddeo de esta nueva secci\u00f3n de Proyectos PAC. En \u00e9l visitamos al artista urbano Remed que nos muestra algunos de sus secretos a la hora de crear. Aqu\u00ed os dejamos con el esperado \u201cEN EL TALLER DE REMED&#8221;.\" \/>\n<meta property=\"og:url\" content=\"https:\/\/www.plataformadeartecontemporaneo.com\/pac\/en-el-taller-de-remed\/\" \/>\n<meta property=\"og:site_name\" content=\"PAC\" \/>\n<meta property=\"article:published_time\" content=\"2012-07-18T07:09:45+00:00\" \/>\n<meta property=\"article:modified_time\" content=\"2014-08-26T11:48:16+00:00\" \/>\n<meta property=\"og:image\" content=\"https:\/\/www.plataformadeartecontemporaneo.com\/pac\/wp-content\/uploads\/2014\/08\/en-el-taller-de-remed.jpg\" \/>\n\t<meta property=\"og:image:width\" content=\"1920\" \/>\n\t<meta property=\"og:image:height\" content=\"1080\" \/>\n\t<meta property=\"og:image:type\" content=\"image\/jpeg\" \/>\n<meta name=\"author\" content=\"Oscar Garcia Garcia\" \/>\n<meta name=\"twitter:label1\" content=\"Escrito por\" \/>\n\t<meta name=\"twitter:data1\" content=\"Oscar Garcia Garcia\" \/>\n<script type=\"application\/ld+json\" class=\"yoast-schema-graph\">{\"@context\":\"https:\\\/\\\/schema.org\",\"@graph\":[{\"@type\":\"Article\",\"@id\":\"https:\\\/\\\/www.plataformadeartecontemporaneo.com\\\/pac\\\/en-el-taller-de-remed\\\/#article\",\"isPartOf\":{\"@id\":\"https:\\\/\\\/www.plataformadeartecontemporaneo.com\\\/pac\\\/en-el-taller-de-remed\\\/\"},\"author\":{\"name\":\"Oscar Garcia Garcia\",\"@id\":\"https:\\\/\\\/www.plataformadeartecontemporaneo.com\\\/pac\\\/#\\\/schema\\\/person\\\/1000a254d6e3294f80e1bdfcb17c205c\"},\"headline\":\"En el Taller de Remed\",\"datePublished\":\"2012-07-18T07:09:45+00:00\",\"dateModified\":\"2014-08-26T11:48:16+00:00\",\"mainEntityOfPage\":{\"@id\":\"https:\\\/\\\/www.plataformadeartecontemporaneo.com\\\/pac\\\/en-el-taller-de-remed\\\/\"},\"wordCount\":63,\"commentCount\":2,\"publisher\":{\"@id\":\"https:\\\/\\\/www.plataformadeartecontemporaneo.com\\\/pac\\\/#organization\"},\"image\":{\"@id\":\"https:\\\/\\\/www.plataformadeartecontemporaneo.com\\\/pac\\\/en-el-taller-de-remed\\\/#primaryimage\"},\"thumbnailUrl\":\"https:\\\/\\\/www.plataformadeartecontemporaneo.com\\\/pac\\\/wp-content\\\/uploads\\\/2014\\\/08\\\/en-el-taller-de-remed.jpg\",\"keywords\":[\"REMED\"],\"articleSection\":[\"En el Taller de\",\"Pac TV\"],\"inLanguage\":\"es\",\"potentialAction\":[{\"@type\":\"CommentAction\",\"name\":\"Comment\",\"target\":[\"https:\\\/\\\/www.plataformadeartecontemporaneo.com\\\/pac\\\/en-el-taller-de-remed\\\/#respond\"]}]},{\"@type\":\"WebPage\",\"@id\":\"https:\\\/\\\/www.plataformadeartecontemporaneo.com\\\/pac\\\/en-el-taller-de-remed\\\/\",\"url\":\"https:\\\/\\\/www.plataformadeartecontemporaneo.com\\\/pac\\\/en-el-taller-de-remed\\\/\",\"name\":\"PAC | En el Taller de Remed\",\"isPartOf\":{\"@id\":\"https:\\\/\\\/www.plataformadeartecontemporaneo.com\\\/pac\\\/#website\"},\"primaryImageOfPage\":{\"@id\":\"https:\\\/\\\/www.plataformadeartecontemporaneo.com\\\/pac\\\/en-el-taller-de-remed\\\/#primaryimage\"},\"image\":{\"@id\":\"https:\\\/\\\/www.plataformadeartecontemporaneo.com\\\/pac\\\/en-el-taller-de-remed\\\/#primaryimage\"},\"thumbnailUrl\":\"https:\\\/\\\/www.plataformadeartecontemporaneo.com\\\/pac\\\/wp-content\\\/uploads\\\/2014\\\/08\\\/en-el-taller-de-remed.jpg\",\"datePublished\":\"2012-07-18T07:09:45+00:00\",\"dateModified\":\"2014-08-26T11:48:16+00:00\",\"breadcrumb\":{\"@id\":\"https:\\\/\\\/www.plataformadeartecontemporaneo.com\\\/pac\\\/en-el-taller-de-remed\\\/#breadcrumb\"},\"inLanguage\":\"es\",\"potentialAction\":[{\"@type\":\"ReadAction\",\"target\":[\"https:\\\/\\\/www.plataformadeartecontemporaneo.com\\\/pac\\\/en-el-taller-de-remed\\\/\"]}]},{\"@type\":\"ImageObject\",\"inLanguage\":\"es\",\"@id\":\"https:\\\/\\\/www.plataformadeartecontemporaneo.com\\\/pac\\\/en-el-taller-de-remed\\\/#primaryimage\",\"url\":\"https:\\\/\\\/www.plataformadeartecontemporaneo.com\\\/pac\\\/wp-content\\\/uploads\\\/2014\\\/08\\\/en-el-taller-de-remed.jpg\",\"contentUrl\":\"https:\\\/\\\/www.plataformadeartecontemporaneo.com\\\/pac\\\/wp-content\\\/uploads\\\/2014\\\/08\\\/en-el-taller-de-remed.jpg\",\"width\":1920,\"height\":1080},{\"@type\":\"BreadcrumbList\",\"@id\":\"https:\\\/\\\/www.plataformadeartecontemporaneo.com\\\/pac\\\/en-el-taller-de-remed\\\/#breadcrumb\",\"itemListElement\":[{\"@type\":\"ListItem\",\"position\":1,\"name\":\"Portada\",\"item\":\"https:\\\/\\\/www.plataformadeartecontemporaneo.com\\\/pac\\\/\"},{\"@type\":\"ListItem\",\"position\":2,\"name\":\"En el Taller de Remed\"}]},{\"@type\":\"WebSite\",\"@id\":\"https:\\\/\\\/www.plataformadeartecontemporaneo.com\\\/pac\\\/#website\",\"url\":\"https:\\\/\\\/www.plataformadeartecontemporaneo.com\\\/pac\\\/\",\"name\":\"PAC\",\"description\":\"Plataforma de Arte Contempor\u00e1neo\",\"publisher\":{\"@id\":\"https:\\\/\\\/www.plataformadeartecontemporaneo.com\\\/pac\\\/#organization\"},\"potentialAction\":[{\"@type\":\"SearchAction\",\"target\":{\"@type\":\"EntryPoint\",\"urlTemplate\":\"https:\\\/\\\/www.plataformadeartecontemporaneo.com\\\/pac\\\/?s={search_term_string}\"},\"query-input\":{\"@type\":\"PropertyValueSpecification\",\"valueRequired\":true,\"valueName\":\"search_term_string\"}}],\"inLanguage\":\"es\"},{\"@type\":\"Organization\",\"@id\":\"https:\\\/\\\/www.plataformadeartecontemporaneo.com\\\/pac\\\/#organization\",\"name\":\"PAC\",\"url\":\"https:\\\/\\\/www.plataformadeartecontemporaneo.com\\\/pac\\\/\",\"logo\":{\"@type\":\"ImageObject\",\"inLanguage\":\"es\",\"@id\":\"https:\\\/\\\/www.plataformadeartecontemporaneo.com\\\/pac\\\/#\\\/schema\\\/logo\\\/image\\\/\",\"url\":\"https:\\\/\\\/www.plataformadeartecontemporaneo.com\\\/pac\\\/wp-content\\\/uploads\\\/2020\\\/10\\\/LOGO-PAC-FOOTER-TRANSPARENTE.png\",\"contentUrl\":\"https:\\\/\\\/www.plataformadeartecontemporaneo.com\\\/pac\\\/wp-content\\\/uploads\\\/2020\\\/10\\\/LOGO-PAC-FOOTER-TRANSPARENTE.png\",\"width\":200,\"height\":48,\"caption\":\"PAC\"},\"image\":{\"@id\":\"https:\\\/\\\/www.plataformadeartecontemporaneo.com\\\/pac\\\/#\\\/schema\\\/logo\\\/image\\\/\"}},{\"@type\":\"Person\",\"@id\":\"https:\\\/\\\/www.plataformadeartecontemporaneo.com\\\/pac\\\/#\\\/schema\\\/person\\\/1000a254d6e3294f80e1bdfcb17c205c\",\"name\":\"Oscar Garcia Garcia\",\"image\":{\"@type\":\"ImageObject\",\"inLanguage\":\"es\",\"@id\":\"https:\\\/\\\/secure.gravatar.com\\\/avatar\\\/79b6fa3c23c1a1052e0da1a947471cce4118465f4e5fd687792f052e187a833d?s=96&d=wp_user_avatar&r=g\",\"url\":\"https:\\\/\\\/secure.gravatar.com\\\/avatar\\\/79b6fa3c23c1a1052e0da1a947471cce4118465f4e5fd687792f052e187a833d?s=96&d=wp_user_avatar&r=g\",\"contentUrl\":\"https:\\\/\\\/secure.gravatar.com\\\/avatar\\\/79b6fa3c23c1a1052e0da1a947471cce4118465f4e5fd687792f052e187a833d?s=96&d=wp_user_avatar&r=g\",\"caption\":\"Oscar Garcia Garcia\"},\"description\":\"Comisario independiente \\\/\\\/ Co-Fundador de PAC Plataforma de Arte Contempor\u00e1neo \\\/\\\/ Director de JustMAD Art Fair y JustLX \\\/\\\/ Autor del libro: Dios Salve el Arte Contempor\u00e1neo\",\"sameAs\":[\"https:\\\/\\\/www.planetadelibros.com\\\/libro-dios-salve-el-arte-contemporaneo\\\/300020\"],\"url\":\"https:\\\/\\\/www.plataformadeartecontemporaneo.com\\\/pac\\\/author\\\/oscar\\\/\"}]}<\/script>\n<!-- \/ Yoast SEO plugin. -->","yoast_head_json":{"title":"PAC | En el Taller de Remed","robots":{"index":"index","follow":"follow","max-snippet":"max-snippet:-1","max-image-preview":"max-image-preview:large","max-video-preview":"max-video-preview:-1"},"canonical":"https:\/\/www.plataformadeartecontemporaneo.com\/pac\/en-el-taller-de-remed\/","og_locale":"es_ES","og_type":"article","og_title":"PAC | En el Taller de Remed","og_description":"Nuestro archivo de v\u00eddeos realizados En el Taller de diferentes artistas sigue creciendo. Hoy publicamos el segundo v\u00eddeo de esta nueva secci\u00f3n de Proyectos PAC. En \u00e9l visitamos al artista urbano Remed que nos muestra algunos de sus secretos a la hora de crear. Aqu\u00ed os dejamos con el esperado \u201cEN EL TALLER DE REMED&#8221;.","og_url":"https:\/\/www.plataformadeartecontemporaneo.com\/pac\/en-el-taller-de-remed\/","og_site_name":"PAC","article_published_time":"2012-07-18T07:09:45+00:00","article_modified_time":"2014-08-26T11:48:16+00:00","og_image":[{"width":1920,"height":1080,"url":"https:\/\/www.plataformadeartecontemporaneo.com\/pac\/wp-content\/uploads\/2014\/08\/en-el-taller-de-remed.jpg","type":"image\/jpeg"}],"author":"Oscar Garcia Garcia","twitter_misc":{"Escrito por":"Oscar Garcia Garcia"},"schema":{"@context":"https:\/\/schema.org","@graph":[{"@type":"Article","@id":"https:\/\/www.plataformadeartecontemporaneo.com\/pac\/en-el-taller-de-remed\/#article","isPartOf":{"@id":"https:\/\/www.plataformadeartecontemporaneo.com\/pac\/en-el-taller-de-remed\/"},"author":{"name":"Oscar Garcia Garcia","@id":"https:\/\/www.plataformadeartecontemporaneo.com\/pac\/#\/schema\/person\/1000a254d6e3294f80e1bdfcb17c205c"},"headline":"En el Taller de Remed","datePublished":"2012-07-18T07:09:45+00:00","dateModified":"2014-08-26T11:48:16+00:00","mainEntityOfPage":{"@id":"https:\/\/www.plataformadeartecontemporaneo.com\/pac\/en-el-taller-de-remed\/"},"wordCount":63,"commentCount":2,"publisher":{"@id":"https:\/\/www.plataformadeartecontemporaneo.com\/pac\/#organization"},"image":{"@id":"https:\/\/www.plataformadeartecontemporaneo.com\/pac\/en-el-taller-de-remed\/#primaryimage"},"thumbnailUrl":"https:\/\/www.plataformadeartecontemporaneo.com\/pac\/wp-content\/uploads\/2014\/08\/en-el-taller-de-remed.jpg","keywords":["REMED"],"articleSection":["En el Taller de","Pac TV"],"inLanguage":"es","potentialAction":[{"@type":"CommentAction","name":"Comment","target":["https:\/\/www.plataformadeartecontemporaneo.com\/pac\/en-el-taller-de-remed\/#respond"]}]},{"@type":"WebPage","@id":"https:\/\/www.plataformadeartecontemporaneo.com\/pac\/en-el-taller-de-remed\/","url":"https:\/\/www.plataformadeartecontemporaneo.com\/pac\/en-el-taller-de-remed\/","name":"PAC | En el Taller de Remed","isPartOf":{"@id":"https:\/\/www.plataformadeartecontemporaneo.com\/pac\/#website"},"primaryImageOfPage":{"@id":"https:\/\/www.plataformadeartecontemporaneo.com\/pac\/en-el-taller-de-remed\/#primaryimage"},"image":{"@id":"https:\/\/www.plataformadeartecontemporaneo.com\/pac\/en-el-taller-de-remed\/#primaryimage"},"thumbnailUrl":"https:\/\/www.plataformadeartecontemporaneo.com\/pac\/wp-content\/uploads\/2014\/08\/en-el-taller-de-remed.jpg","datePublished":"2012-07-18T07:09:45+00:00","dateModified":"2014-08-26T11:48:16+00:00","breadcrumb":{"@id":"https:\/\/www.plataformadeartecontemporaneo.com\/pac\/en-el-taller-de-remed\/#breadcrumb"},"inLanguage":"es","potentialAction":[{"@type":"ReadAction","target":["https:\/\/www.plataformadeartecontemporaneo.com\/pac\/en-el-taller-de-remed\/"]}]},{"@type":"ImageObject","inLanguage":"es","@id":"https:\/\/www.plataformadeartecontemporaneo.com\/pac\/en-el-taller-de-remed\/#primaryimage","url":"https:\/\/www.plataformadeartecontemporaneo.com\/pac\/wp-content\/uploads\/2014\/08\/en-el-taller-de-remed.jpg","contentUrl":"https:\/\/www.plataformadeartecontemporaneo.com\/pac\/wp-content\/uploads\/2014\/08\/en-el-taller-de-remed.jpg","width":1920,"height":1080},{"@type":"BreadcrumbList","@id":"https:\/\/www.plataformadeartecontemporaneo.com\/pac\/en-el-taller-de-remed\/#breadcrumb","itemListElement":[{"@type":"ListItem","position":1,"name":"Portada","item":"https:\/\/www.plataformadeartecontemporaneo.com\/pac\/"},{"@type":"ListItem","position":2,"name":"En el Taller de Remed"}]},{"@type":"WebSite","@id":"https:\/\/www.plataformadeartecontemporaneo.com\/pac\/#website","url":"https:\/\/www.plataformadeartecontemporaneo.com\/pac\/","name":"PAC","description":"Plataforma de Arte Contempor\u00e1neo","publisher":{"@id":"https:\/\/www.plataformadeartecontemporaneo.com\/pac\/#organization"},"potentialAction":[{"@type":"SearchAction","target":{"@type":"EntryPoint","urlTemplate":"https:\/\/www.plataformadeartecontemporaneo.com\/pac\/?s={search_term_string}"},"query-input":{"@type":"PropertyValueSpecification","valueRequired":true,"valueName":"search_term_string"}}],"inLanguage":"es"},{"@type":"Organization","@id":"https:\/\/www.plataformadeartecontemporaneo.com\/pac\/#organization","name":"PAC","url":"https:\/\/www.plataformadeartecontemporaneo.com\/pac\/","logo":{"@type":"ImageObject","inLanguage":"es","@id":"https:\/\/www.plataformadeartecontemporaneo.com\/pac\/#\/schema\/logo\/image\/","url":"https:\/\/www.plataformadeartecontemporaneo.com\/pac\/wp-content\/uploads\/2020\/10\/LOGO-PAC-FOOTER-TRANSPARENTE.png","contentUrl":"https:\/\/www.plataformadeartecontemporaneo.com\/pac\/wp-content\/uploads\/2020\/10\/LOGO-PAC-FOOTER-TRANSPARENTE.png","width":200,"height":48,"caption":"PAC"},"image":{"@id":"https:\/\/www.plataformadeartecontemporaneo.com\/pac\/#\/schema\/logo\/image\/"}},{"@type":"Person","@id":"https:\/\/www.plataformadeartecontemporaneo.com\/pac\/#\/schema\/person\/1000a254d6e3294f80e1bdfcb17c205c","name":"Oscar Garcia Garcia","image":{"@type":"ImageObject","inLanguage":"es","@id":"https:\/\/secure.gravatar.com\/avatar\/79b6fa3c23c1a1052e0da1a947471cce4118465f4e5fd687792f052e187a833d?s=96&d=wp_user_avatar&r=g","url":"https:\/\/secure.gravatar.com\/avatar\/79b6fa3c23c1a1052e0da1a947471cce4118465f4e5fd687792f052e187a833d?s=96&d=wp_user_avatar&r=g","contentUrl":"https:\/\/secure.gravatar.com\/avatar\/79b6fa3c23c1a1052e0da1a947471cce4118465f4e5fd687792f052e187a833d?s=96&d=wp_user_avatar&r=g","caption":"Oscar Garcia Garcia"},"description":"Comisario independiente \/\/ Co-Fundador de PAC Plataforma de Arte Contempor\u00e1neo \/\/ Director de JustMAD Art Fair y JustLX \/\/ Autor del libro: Dios Salve el Arte Contempor\u00e1neo","sameAs":["https:\/\/www.planetadelibros.com\/libro-dios-salve-el-arte-contemporaneo\/300020"],"url":"https:\/\/www.plataformadeartecontemporaneo.com\/pac\/author\/oscar\/"}]}},"_links":{"self":[{"href":"https:\/\/www.plataformadeartecontemporaneo.com\/pac\/wp-json\/wp\/v2\/posts\/12062","targetHints":{"allow":["GET"]}}],"collection":[{"href":"https:\/\/www.plataformadeartecontemporaneo.com\/pac\/wp-json\/wp\/v2\/posts"}],"about":[{"href":"https:\/\/www.plataformadeartecontemporaneo.com\/pac\/wp-json\/wp\/v2\/types\/post"}],"author":[{"embeddable":true,"href":"https:\/\/www.plataformadeartecontemporaneo.com\/pac\/wp-json\/wp\/v2\/users\/2"}],"replies":[{"embeddable":true,"href":"https:\/\/www.plataformadeartecontemporaneo.com\/pac\/wp-json\/wp\/v2\/comments?post=12062"}],"version-history":[{"count":17,"href":"https:\/\/www.plataformadeartecontemporaneo.com\/pac\/wp-json\/wp\/v2\/posts\/12062\/revisions"}],"predecessor-version":[{"id":29665,"href":"https:\/\/www.plataformadeartecontemporaneo.com\/pac\/wp-json\/wp\/v2\/posts\/12062\/revisions\/29665"}],"wp:featuredmedia":[{"embeddable":true,"href":"https:\/\/www.plataformadeartecontemporaneo.com\/pac\/wp-json\/wp\/v2\/media\/29666"}],"wp:attachment":[{"href":"https:\/\/www.plataformadeartecontemporaneo.com\/pac\/wp-json\/wp\/v2\/media?parent=12062"}],"wp:term":[{"taxonomy":"category","embeddable":true,"href":"https:\/\/www.plataformadeartecontemporaneo.com\/pac\/wp-json\/wp\/v2\/categories?post=12062"},{"taxonomy":"post_tag","embeddable":true,"href":"https:\/\/www.plataformadeartecontemporaneo.com\/pac\/wp-json\/wp\/v2\/tags?post=12062"}],"curies":[{"name":"wp","href":"https:\/\/api.w.org\/{rel}","templated":true}]}}