




{"id":15172,"date":"2012-12-02T10:36:34","date_gmt":"2012-12-02T10:36:34","guid":{"rendered":"http:\/\/www.plataformadeartecontemporaneo.com\/pac\/?p=15172"},"modified":"2012-12-02T10:47:51","modified_gmt":"2012-12-02T10:47:51","slug":"hoy-muere-un-artista","status":"publish","type":"post","link":"https:\/\/www.plataformadeartecontemporaneo.com\/pac\/hoy-muere-un-artista\/","title":{"rendered":"Hoy muere un artista"},"content":{"rendered":"<p style=\"text-align: justify;\">Alcoy, 2 de diciembre de 2012<\/p>\n<p style=\"text-align: justify;\">Esta tarde a las 17:00h el artista alcoyano <a href=\"http:\/\/www.plataformadeartecontemporaneo.com\/pac\/entrevista-a-xavi-carbonell\/\" target=\"_blank\">Xavi Carbonell<\/a> (1971) llevar\u00e1 a cabo en Alcoy una performance art\u00edstica en la que <em>morir\u00e1<\/em> a manos de un p\u00fablico an\u00f3nimo que representa a los diferentes estamentos del arte. Aquellos que de alguna u otra forma tienen en sus manos el \u00e9xito o el fracaso de un artista que, en muchas ocasiones, cree estar ya muerto. De esa sensaci\u00f3n de muerte lenta que invade a Carbonell, en su andadura por un mundo que parece estar dise\u00f1ado s\u00f3lo para unos pocos, surge esta performance, <strong><em>\u00c9SSER. Guilt can be an artist<\/em><\/strong><em> <\/em>que se presentar\u00e1, pr\u00f3ximamente, en Madrid.<\/p>\n<p style=\"text-align: center;\"><a rel=\"attachment wp-att-15174\" href=\"http:\/\/www.plataformadeartecontemporaneo.com\/pac\/hoy-muere-un-artista\/tarjeton_esser_2\/\"><img fetchpriority=\"high\" decoding=\"async\" class=\"alignnone size-full wp-image-15174\" title=\"ESSER\" src=\"http:\/\/www.plataformadeartecontemporaneo.com\/pac\/wp-content\/uploads\/2012\/12\/TARJETON_ESSER_2.jpg\" alt=\"\" width=\"394\" height=\"500\" \/><\/a><\/p>\n","protected":false},"excerpt":{"rendered":"<div class=\"tmnf_excerpt\"><p>Alcoy, 2 de diciembre de 2012 Esta tarde a las 17:00h el artista alcoyano Xavi Carbonell (1971) llevar\u00e1 a cabo en Alcoy una performance art\u00edstica en la que morir\u00e1 a manos de un p\u00fablico an\u00f3nimo que representa a los diferentes estamentos del arte. Aquellos que de alguna u otra forma tienen en sus manos el &hellip;<\/p>\n<\/div>","protected":false},"author":4,"featured_media":0,"comment_status":"open","ping_status":"open","sticky":false,"template":"","format":"standard","meta":{"footnotes":""},"categories":[315,8],"tags":[97],"class_list":["post-15172","post","type-post","status-publish","format-standard","hentry","category-alcoi","category-performance","tag-xavi-carbonell"],"yoast_head":"<!-- This site is optimized with the Yoast SEO plugin v27.4 - https:\/\/yoast.com\/product\/yoast-seo-wordpress\/ -->\n<title>PAC | Hoy muere un artista<\/title>\n<meta name=\"robots\" content=\"index, follow, max-snippet:-1, max-image-preview:large, max-video-preview:-1\" \/>\n<link rel=\"canonical\" href=\"https:\/\/www.plataformadeartecontemporaneo.com\/pac\/hoy-muere-un-artista\/\" \/>\n<meta property=\"og:locale\" content=\"es_ES\" \/>\n<meta property=\"og:type\" content=\"article\" \/>\n<meta property=\"og:title\" content=\"PAC | Hoy muere un artista\" \/>\n<meta property=\"og:description\" content=\"Alcoy, 2 de diciembre de 2012 Esta tarde a las 17:00h el artista alcoyano Xavi Carbonell (1971) llevar\u00e1 a cabo en Alcoy una performance art\u00edstica en la que morir\u00e1 a manos de un p\u00fablico an\u00f3nimo que representa a los diferentes estamentos del arte. Aquellos que de alguna u otra forma tienen en sus manos el &hellip;\" \/>\n<meta property=\"og:url\" content=\"https:\/\/www.plataformadeartecontemporaneo.com\/pac\/hoy-muere-un-artista\/\" \/>\n<meta property=\"og:site_name\" content=\"PAC\" \/>\n<meta property=\"article:published_time\" content=\"2012-12-02T10:36:34+00:00\" \/>\n<meta property=\"article:modified_time\" content=\"2012-12-02T10:47:51+00:00\" \/>\n<meta property=\"og:image\" content=\"http:\/\/www.plataformadeartecontemporaneo.com\/pac\/wp-content\/uploads\/2012\/12\/TARJETON_ESSER_2.jpg\" \/>\n<meta name=\"author\" content=\"Victoria Arribas Rold\u00e1n\" \/>\n<meta name=\"twitter:label1\" content=\"Escrito por\" \/>\n\t<meta name=\"twitter:data1\" content=\"Victoria Arribas Rold\u00e1n\" \/>\n\t<meta name=\"twitter:label2\" content=\"Tiempo de lectura\" \/>\n\t<meta name=\"twitter:data2\" content=\"1 minuto\" \/>\n<script type=\"application\/ld+json\" class=\"yoast-schema-graph\">{\"@context\":\"https:\\\/\\\/schema.org\",\"@graph\":[{\"@type\":\"Article\",\"@id\":\"https:\\\/\\\/www.plataformadeartecontemporaneo.com\\\/pac\\\/hoy-muere-un-artista\\\/#article\",\"isPartOf\":{\"@id\":\"https:\\\/\\\/www.plataformadeartecontemporaneo.com\\\/pac\\\/hoy-muere-un-artista\\\/\"},\"author\":{\"name\":\"Victoria Arribas Rold\u00e1n\",\"@id\":\"https:\\\/\\\/www.plataformadeartecontemporaneo.com\\\/pac\\\/#\\\/schema\\\/person\\\/82ab1931cb2df049c0904252134c0281\"},\"headline\":\"Hoy muere un artista\",\"datePublished\":\"2012-12-02T10:36:34+00:00\",\"dateModified\":\"2012-12-02T10:47:51+00:00\",\"mainEntityOfPage\":{\"@id\":\"https:\\\/\\\/www.plataformadeartecontemporaneo.com\\\/pac\\\/hoy-muere-un-artista\\\/\"},\"wordCount\":117,\"commentCount\":0,\"publisher\":{\"@id\":\"https:\\\/\\\/www.plataformadeartecontemporaneo.com\\\/pac\\\/#organization\"},\"image\":{\"@id\":\"https:\\\/\\\/www.plataformadeartecontemporaneo.com\\\/pac\\\/hoy-muere-un-artista\\\/#primaryimage\"},\"thumbnailUrl\":\"http:\\\/\\\/www.plataformadeartecontemporaneo.com\\\/pac\\\/wp-content\\\/uploads\\\/2012\\\/12\\\/TARJETON_ESSER_2.jpg\",\"keywords\":[\"xavi carbonell\"],\"articleSection\":[\"Alcoi\",\"Performance\"],\"inLanguage\":\"es\",\"potentialAction\":[{\"@type\":\"CommentAction\",\"name\":\"Comment\",\"target\":[\"https:\\\/\\\/www.plataformadeartecontemporaneo.com\\\/pac\\\/hoy-muere-un-artista\\\/#respond\"]}]},{\"@type\":\"WebPage\",\"@id\":\"https:\\\/\\\/www.plataformadeartecontemporaneo.com\\\/pac\\\/hoy-muere-un-artista\\\/\",\"url\":\"https:\\\/\\\/www.plataformadeartecontemporaneo.com\\\/pac\\\/hoy-muere-un-artista\\\/\",\"name\":\"PAC | Hoy muere un artista\",\"isPartOf\":{\"@id\":\"https:\\\/\\\/www.plataformadeartecontemporaneo.com\\\/pac\\\/#website\"},\"primaryImageOfPage\":{\"@id\":\"https:\\\/\\\/www.plataformadeartecontemporaneo.com\\\/pac\\\/hoy-muere-un-artista\\\/#primaryimage\"},\"image\":{\"@id\":\"https:\\\/\\\/www.plataformadeartecontemporaneo.com\\\/pac\\\/hoy-muere-un-artista\\\/#primaryimage\"},\"thumbnailUrl\":\"http:\\\/\\\/www.plataformadeartecontemporaneo.com\\\/pac\\\/wp-content\\\/uploads\\\/2012\\\/12\\\/TARJETON_ESSER_2.jpg\",\"datePublished\":\"2012-12-02T10:36:34+00:00\",\"dateModified\":\"2012-12-02T10:47:51+00:00\",\"breadcrumb\":{\"@id\":\"https:\\\/\\\/www.plataformadeartecontemporaneo.com\\\/pac\\\/hoy-muere-un-artista\\\/#breadcrumb\"},\"inLanguage\":\"es\",\"potentialAction\":[{\"@type\":\"ReadAction\",\"target\":[\"https:\\\/\\\/www.plataformadeartecontemporaneo.com\\\/pac\\\/hoy-muere-un-artista\\\/\"]}]},{\"@type\":\"ImageObject\",\"inLanguage\":\"es\",\"@id\":\"https:\\\/\\\/www.plataformadeartecontemporaneo.com\\\/pac\\\/hoy-muere-un-artista\\\/#primaryimage\",\"url\":\"http:\\\/\\\/www.plataformadeartecontemporaneo.com\\\/pac\\\/wp-content\\\/uploads\\\/2012\\\/12\\\/TARJETON_ESSER_2.jpg\",\"contentUrl\":\"http:\\\/\\\/www.plataformadeartecontemporaneo.com\\\/pac\\\/wp-content\\\/uploads\\\/2012\\\/12\\\/TARJETON_ESSER_2.jpg\"},{\"@type\":\"BreadcrumbList\",\"@id\":\"https:\\\/\\\/www.plataformadeartecontemporaneo.com\\\/pac\\\/hoy-muere-un-artista\\\/#breadcrumb\",\"itemListElement\":[{\"@type\":\"ListItem\",\"position\":1,\"name\":\"Portada\",\"item\":\"https:\\\/\\\/www.plataformadeartecontemporaneo.com\\\/pac\\\/\"},{\"@type\":\"ListItem\",\"position\":2,\"name\":\"Hoy muere un artista\"}]},{\"@type\":\"WebSite\",\"@id\":\"https:\\\/\\\/www.plataformadeartecontemporaneo.com\\\/pac\\\/#website\",\"url\":\"https:\\\/\\\/www.plataformadeartecontemporaneo.com\\\/pac\\\/\",\"name\":\"PAC\",\"description\":\"Plataforma de Arte Contempor\u00e1neo\",\"publisher\":{\"@id\":\"https:\\\/\\\/www.plataformadeartecontemporaneo.com\\\/pac\\\/#organization\"},\"potentialAction\":[{\"@type\":\"SearchAction\",\"target\":{\"@type\":\"EntryPoint\",\"urlTemplate\":\"https:\\\/\\\/www.plataformadeartecontemporaneo.com\\\/pac\\\/?s={search_term_string}\"},\"query-input\":{\"@type\":\"PropertyValueSpecification\",\"valueRequired\":true,\"valueName\":\"search_term_string\"}}],\"inLanguage\":\"es\"},{\"@type\":\"Organization\",\"@id\":\"https:\\\/\\\/www.plataformadeartecontemporaneo.com\\\/pac\\\/#organization\",\"name\":\"PAC\",\"url\":\"https:\\\/\\\/www.plataformadeartecontemporaneo.com\\\/pac\\\/\",\"logo\":{\"@type\":\"ImageObject\",\"inLanguage\":\"es\",\"@id\":\"https:\\\/\\\/www.plataformadeartecontemporaneo.com\\\/pac\\\/#\\\/schema\\\/logo\\\/image\\\/\",\"url\":\"https:\\\/\\\/www.plataformadeartecontemporaneo.com\\\/pac\\\/wp-content\\\/uploads\\\/2020\\\/10\\\/LOGO-PAC-FOOTER-TRANSPARENTE.png\",\"contentUrl\":\"https:\\\/\\\/www.plataformadeartecontemporaneo.com\\\/pac\\\/wp-content\\\/uploads\\\/2020\\\/10\\\/LOGO-PAC-FOOTER-TRANSPARENTE.png\",\"width\":200,\"height\":48,\"caption\":\"PAC\"},\"image\":{\"@id\":\"https:\\\/\\\/www.plataformadeartecontemporaneo.com\\\/pac\\\/#\\\/schema\\\/logo\\\/image\\\/\"}},{\"@type\":\"Person\",\"@id\":\"https:\\\/\\\/www.plataformadeartecontemporaneo.com\\\/pac\\\/#\\\/schema\\\/person\\\/82ab1931cb2df049c0904252134c0281\",\"name\":\"Victoria Arribas Rold\u00e1n\",\"image\":{\"@type\":\"ImageObject\",\"inLanguage\":\"es\",\"@id\":\"https:\\\/\\\/www.plataformadeartecontemporaneo.com\\\/pac\\\/wp-content\\\/uploads\\\/2020\\\/03\\\/maria.jpg\",\"url\":\"https:\\\/\\\/www.plataformadeartecontemporaneo.com\\\/pac\\\/wp-content\\\/uploads\\\/2020\\\/03\\\/maria.jpg\",\"contentUrl\":\"https:\\\/\\\/www.plataformadeartecontemporaneo.com\\\/pac\\\/wp-content\\\/uploads\\\/2020\\\/03\\\/maria.jpg\",\"caption\":\"Victoria Arribas Rold\u00e1n\"},\"description\":\"03. Publicidad Redacci\u00f3n\",\"url\":\"https:\\\/\\\/www.plataformadeartecontemporaneo.com\\\/pac\\\/author\\\/maria\\\/\"}]}<\/script>\n<!-- \/ Yoast SEO plugin. -->","yoast_head_json":{"title":"PAC | Hoy muere un artista","robots":{"index":"index","follow":"follow","max-snippet":"max-snippet:-1","max-image-preview":"max-image-preview:large","max-video-preview":"max-video-preview:-1"},"canonical":"https:\/\/www.plataformadeartecontemporaneo.com\/pac\/hoy-muere-un-artista\/","og_locale":"es_ES","og_type":"article","og_title":"PAC | Hoy muere un artista","og_description":"Alcoy, 2 de diciembre de 2012 Esta tarde a las 17:00h el artista alcoyano Xavi Carbonell (1971) llevar\u00e1 a cabo en Alcoy una performance art\u00edstica en la que morir\u00e1 a manos de un p\u00fablico an\u00f3nimo que representa a los diferentes estamentos del arte. Aquellos que de alguna u otra forma tienen en sus manos el &hellip;","og_url":"https:\/\/www.plataformadeartecontemporaneo.com\/pac\/hoy-muere-un-artista\/","og_site_name":"PAC","article_published_time":"2012-12-02T10:36:34+00:00","article_modified_time":"2012-12-02T10:47:51+00:00","og_image":[{"url":"http:\/\/www.plataformadeartecontemporaneo.com\/pac\/wp-content\/uploads\/2012\/12\/TARJETON_ESSER_2.jpg","type":"","width":"","height":""}],"author":"Victoria Arribas Rold\u00e1n","twitter_misc":{"Escrito por":"Victoria Arribas Rold\u00e1n","Tiempo de lectura":"1 minuto"},"schema":{"@context":"https:\/\/schema.org","@graph":[{"@type":"Article","@id":"https:\/\/www.plataformadeartecontemporaneo.com\/pac\/hoy-muere-un-artista\/#article","isPartOf":{"@id":"https:\/\/www.plataformadeartecontemporaneo.com\/pac\/hoy-muere-un-artista\/"},"author":{"name":"Victoria Arribas Rold\u00e1n","@id":"https:\/\/www.plataformadeartecontemporaneo.com\/pac\/#\/schema\/person\/82ab1931cb2df049c0904252134c0281"},"headline":"Hoy muere un artista","datePublished":"2012-12-02T10:36:34+00:00","dateModified":"2012-12-02T10:47:51+00:00","mainEntityOfPage":{"@id":"https:\/\/www.plataformadeartecontemporaneo.com\/pac\/hoy-muere-un-artista\/"},"wordCount":117,"commentCount":0,"publisher":{"@id":"https:\/\/www.plataformadeartecontemporaneo.com\/pac\/#organization"},"image":{"@id":"https:\/\/www.plataformadeartecontemporaneo.com\/pac\/hoy-muere-un-artista\/#primaryimage"},"thumbnailUrl":"http:\/\/www.plataformadeartecontemporaneo.com\/pac\/wp-content\/uploads\/2012\/12\/TARJETON_ESSER_2.jpg","keywords":["xavi carbonell"],"articleSection":["Alcoi","Performance"],"inLanguage":"es","potentialAction":[{"@type":"CommentAction","name":"Comment","target":["https:\/\/www.plataformadeartecontemporaneo.com\/pac\/hoy-muere-un-artista\/#respond"]}]},{"@type":"WebPage","@id":"https:\/\/www.plataformadeartecontemporaneo.com\/pac\/hoy-muere-un-artista\/","url":"https:\/\/www.plataformadeartecontemporaneo.com\/pac\/hoy-muere-un-artista\/","name":"PAC | Hoy muere un artista","isPartOf":{"@id":"https:\/\/www.plataformadeartecontemporaneo.com\/pac\/#website"},"primaryImageOfPage":{"@id":"https:\/\/www.plataformadeartecontemporaneo.com\/pac\/hoy-muere-un-artista\/#primaryimage"},"image":{"@id":"https:\/\/www.plataformadeartecontemporaneo.com\/pac\/hoy-muere-un-artista\/#primaryimage"},"thumbnailUrl":"http:\/\/www.plataformadeartecontemporaneo.com\/pac\/wp-content\/uploads\/2012\/12\/TARJETON_ESSER_2.jpg","datePublished":"2012-12-02T10:36:34+00:00","dateModified":"2012-12-02T10:47:51+00:00","breadcrumb":{"@id":"https:\/\/www.plataformadeartecontemporaneo.com\/pac\/hoy-muere-un-artista\/#breadcrumb"},"inLanguage":"es","potentialAction":[{"@type":"ReadAction","target":["https:\/\/www.plataformadeartecontemporaneo.com\/pac\/hoy-muere-un-artista\/"]}]},{"@type":"ImageObject","inLanguage":"es","@id":"https:\/\/www.plataformadeartecontemporaneo.com\/pac\/hoy-muere-un-artista\/#primaryimage","url":"http:\/\/www.plataformadeartecontemporaneo.com\/pac\/wp-content\/uploads\/2012\/12\/TARJETON_ESSER_2.jpg","contentUrl":"http:\/\/www.plataformadeartecontemporaneo.com\/pac\/wp-content\/uploads\/2012\/12\/TARJETON_ESSER_2.jpg"},{"@type":"BreadcrumbList","@id":"https:\/\/www.plataformadeartecontemporaneo.com\/pac\/hoy-muere-un-artista\/#breadcrumb","itemListElement":[{"@type":"ListItem","position":1,"name":"Portada","item":"https:\/\/www.plataformadeartecontemporaneo.com\/pac\/"},{"@type":"ListItem","position":2,"name":"Hoy muere un artista"}]},{"@type":"WebSite","@id":"https:\/\/www.plataformadeartecontemporaneo.com\/pac\/#website","url":"https:\/\/www.plataformadeartecontemporaneo.com\/pac\/","name":"PAC","description":"Plataforma de Arte Contempor\u00e1neo","publisher":{"@id":"https:\/\/www.plataformadeartecontemporaneo.com\/pac\/#organization"},"potentialAction":[{"@type":"SearchAction","target":{"@type":"EntryPoint","urlTemplate":"https:\/\/www.plataformadeartecontemporaneo.com\/pac\/?s={search_term_string}"},"query-input":{"@type":"PropertyValueSpecification","valueRequired":true,"valueName":"search_term_string"}}],"inLanguage":"es"},{"@type":"Organization","@id":"https:\/\/www.plataformadeartecontemporaneo.com\/pac\/#organization","name":"PAC","url":"https:\/\/www.plataformadeartecontemporaneo.com\/pac\/","logo":{"@type":"ImageObject","inLanguage":"es","@id":"https:\/\/www.plataformadeartecontemporaneo.com\/pac\/#\/schema\/logo\/image\/","url":"https:\/\/www.plataformadeartecontemporaneo.com\/pac\/wp-content\/uploads\/2020\/10\/LOGO-PAC-FOOTER-TRANSPARENTE.png","contentUrl":"https:\/\/www.plataformadeartecontemporaneo.com\/pac\/wp-content\/uploads\/2020\/10\/LOGO-PAC-FOOTER-TRANSPARENTE.png","width":200,"height":48,"caption":"PAC"},"image":{"@id":"https:\/\/www.plataformadeartecontemporaneo.com\/pac\/#\/schema\/logo\/image\/"}},{"@type":"Person","@id":"https:\/\/www.plataformadeartecontemporaneo.com\/pac\/#\/schema\/person\/82ab1931cb2df049c0904252134c0281","name":"Victoria Arribas Rold\u00e1n","image":{"@type":"ImageObject","inLanguage":"es","@id":"https:\/\/www.plataformadeartecontemporaneo.com\/pac\/wp-content\/uploads\/2020\/03\/maria.jpg","url":"https:\/\/www.plataformadeartecontemporaneo.com\/pac\/wp-content\/uploads\/2020\/03\/maria.jpg","contentUrl":"https:\/\/www.plataformadeartecontemporaneo.com\/pac\/wp-content\/uploads\/2020\/03\/maria.jpg","caption":"Victoria Arribas Rold\u00e1n"},"description":"03. Publicidad Redacci\u00f3n","url":"https:\/\/www.plataformadeartecontemporaneo.com\/pac\/author\/maria\/"}]}},"_links":{"self":[{"href":"https:\/\/www.plataformadeartecontemporaneo.com\/pac\/wp-json\/wp\/v2\/posts\/15172","targetHints":{"allow":["GET"]}}],"collection":[{"href":"https:\/\/www.plataformadeartecontemporaneo.com\/pac\/wp-json\/wp\/v2\/posts"}],"about":[{"href":"https:\/\/www.plataformadeartecontemporaneo.com\/pac\/wp-json\/wp\/v2\/types\/post"}],"author":[{"embeddable":true,"href":"https:\/\/www.plataformadeartecontemporaneo.com\/pac\/wp-json\/wp\/v2\/users\/4"}],"replies":[{"embeddable":true,"href":"https:\/\/www.plataformadeartecontemporaneo.com\/pac\/wp-json\/wp\/v2\/comments?post=15172"}],"version-history":[{"count":10,"href":"https:\/\/www.plataformadeartecontemporaneo.com\/pac\/wp-json\/wp\/v2\/posts\/15172\/revisions"}],"predecessor-version":[{"id":15181,"href":"https:\/\/www.plataformadeartecontemporaneo.com\/pac\/wp-json\/wp\/v2\/posts\/15172\/revisions\/15181"}],"wp:attachment":[{"href":"https:\/\/www.plataformadeartecontemporaneo.com\/pac\/wp-json\/wp\/v2\/media?parent=15172"}],"wp:term":[{"taxonomy":"category","embeddable":true,"href":"https:\/\/www.plataformadeartecontemporaneo.com\/pac\/wp-json\/wp\/v2\/categories?post=15172"},{"taxonomy":"post_tag","embeddable":true,"href":"https:\/\/www.plataformadeartecontemporaneo.com\/pac\/wp-json\/wp\/v2\/tags?post=15172"}],"curies":[{"name":"wp","href":"https:\/\/api.w.org\/{rel}","templated":true}]}}