




{"id":20058,"date":"2013-07-02T06:34:46","date_gmt":"2013-07-02T06:34:46","guid":{"rendered":"http:\/\/www.plataformadeartecontemporaneo.com\/pac\/?p=20058"},"modified":"2014-09-10T22:57:48","modified_gmt":"2014-09-10T20:57:48","slug":"rafael-terrachan-en-ourense","status":"publish","type":"post","link":"https:\/\/www.plataformadeartecontemporaneo.com\/pac\/rafael-terrachan-en-ourense\/","title":{"rendered":"Rafael Terrach\u00e1n en Ourense"},"content":{"rendered":"<p style=\"text-align: justify;\">Hasta el 7 de julio de 2013. Museo\u00a0Municipal de Ourense.<\/p>\n<p style=\"text-align: justify;\">La muestra de <strong>Terrach\u00e1n<\/strong> es un recorrido por la mejor obra del autor. Desde la d\u00e9cada de los 80 hasta inicios del 2000. (Su actividad se vio interrumpida debido a una grave enfermedad, haciendo que este falleciera a inicios de este a\u00f1o).<\/p>\n<p style=\"text-align: center;\"><a href=\"http:\/\/www.plataformadeartecontemporaneo.com\/pac\/rafael-terrachan-en-ourense\/20130607_1017_copy\/\" rel=\"attachment wp-att-20077\"><img fetchpriority=\"high\" decoding=\"async\" class=\"alignnone size-full wp-image-20077\" title=\"Rafael Terrach\u00e1n\" src=\"http:\/\/www.plataformadeartecontemporaneo.com\/pac\/wp-content\/uploads\/2013\/06\/20130607_1017_copy.jpg\" alt=\"\" width=\"500\" height=\"333\" srcset=\"https:\/\/www.plataformadeartecontemporaneo.com\/pac\/wp-content\/uploads\/2013\/06\/20130607_1017_copy.jpg 500w, https:\/\/www.plataformadeartecontemporaneo.com\/pac\/wp-content\/uploads\/2013\/06\/20130607_1017_copy-466x310.jpg 466w\" sizes=\"(max-width: 500px) 100vw, 500px\" \/><\/a><\/p>\n<p style=\"text-align: center;\">[flickrset id=&#8221;72157634409382881&#8243; thumbnail=&#8221;square&#8221; overlay=&#8221;true&#8221; size=&#8221;medium&#8221;]<\/p>\n<p style=\"text-align: justify;\"><!--more--><\/p>\n<p style=\"text-align: justify;\">La obra de Rafael Terrach\u00e1n navega entre el primitivismo, influencias tot\u00e9micas, la abstracci\u00f3n, el surrealismo e incluso la neofiguraci\u00f3n. Los soportes de sus creaciones van desde el lienzo al papel, pero ha experimentado sobre otros soportes como uralita o corcho, el cual le permite crear unos sorprendentes vol\u00famenes en sus obras.<\/p>\n<p style=\"text-align: justify;\">El ojo m\u00e1gico y los juegos \u00f3pticos est\u00e1n presentes en buena parte de la producci\u00f3n del ourensano. Recrea universos infinitos de un modo cuidado y mimado, para ello se ayuda de despintar, arrastra pintura para crear luz, volumen y sombra mediante un proceso muy propio del autor.<\/p>\n<p style=\"text-align: justify;\">Las series que recrea suelen ser repeticiones de cinco seres, seres geom\u00e9tricos o rostros deformados y grotestos. Estos rostros nos acercan a la obra de Bacon.<\/p>\n<p style=\"text-align: justify;\">Por otro lado tiene todo un imaginario surrealista, en tonalidad y tem\u00e1tica muy pr\u00f3ximo a Dal\u00ed. Destacar el juego que hace de las esferas o bolas, un elemento muy recurrente en el surrealismo durante la d\u00e9cada de los 80. Elemento tambi\u00e9n muy utilizado por su paisano Xaime Quessada.<\/p>\n<p style=\"text-align: justify;\">Es en conjunto esta exposici\u00f3n un recorrido por las distintas etapas pict\u00f3ricas de Rafael Terrach\u00e1n, acerc\u00e1ndonos a su imaginario, pero tambi\u00e9n al imaginario popular tirando de la mitolog\u00eda de diferentes civilizaciones. Otra de sus grandes pasiones.<\/p>\n","protected":false},"excerpt":{"rendered":"<div class=\"tmnf_excerpt\"><p>Hasta el 7 de julio de 2013. Museo\u00a0Municipal de Ourense. La muestra de Terrach\u00e1n es un recorrido por la mejor obra del autor. Desde la d\u00e9cada de los 80 hasta inicios del 2000. (Su actividad se vio interrumpida debido a una grave enfermedad, haciendo que este falleciera a inicios de este a\u00f1o). flickrset id=&#8221;72157634409382881&#8243; thumbnail=&#8221;square&#8221; &hellip;<\/p>\n<\/div>","protected":false},"author":30,"featured_media":30834,"comment_status":"open","ping_status":"open","sticky":false,"template":"","format":"standard","meta":{"footnotes":""},"categories":[46,4,2632,14,5],"tags":[4798],"class_list":["post-20058","post","type-post","status-publish","format-standard","has-post-thumbnail","hentry","category-dibujo","category-exposiciones","category-galicia","category-museos","category-pintura","tag-terrachan"],"yoast_head":"<!-- This site is optimized with the Yoast SEO plugin v27.4 - https:\/\/yoast.com\/product\/yoast-seo-wordpress\/ -->\n<title>PAC | Rafael Terrach\u00e1n en Ourense<\/title>\n<meta name=\"description\" content=\"La muestra de Terrach\u00e1n es un recorrido por la mejor obra del autor. Desde la d\u00e9cada de los 80 hasta inicios del 2000\" \/>\n<meta name=\"robots\" content=\"index, follow, max-snippet:-1, max-image-preview:large, max-video-preview:-1\" \/>\n<link rel=\"canonical\" href=\"https:\/\/www.plataformadeartecontemporaneo.com\/pac\/rafael-terrachan-en-ourense\/\" \/>\n<meta property=\"og:locale\" content=\"es_ES\" \/>\n<meta property=\"og:type\" content=\"article\" \/>\n<meta property=\"og:title\" content=\"PAC | Rafael Terrach\u00e1n en Ourense\" \/>\n<meta property=\"og:description\" content=\"La muestra de Terrach\u00e1n es un recorrido por la mejor obra del autor. Desde la d\u00e9cada de los 80 hasta inicios del 2000\" \/>\n<meta property=\"og:url\" content=\"https:\/\/www.plataformadeartecontemporaneo.com\/pac\/rafael-terrachan-en-ourense\/\" \/>\n<meta property=\"og:site_name\" content=\"PAC\" \/>\n<meta property=\"article:published_time\" content=\"2013-07-02T06:34:46+00:00\" \/>\n<meta property=\"article:modified_time\" content=\"2014-09-10T20:57:48+00:00\" \/>\n<meta property=\"og:image\" content=\"https:\/\/www.plataformadeartecontemporaneo.com\/pac\/wp-content\/uploads\/2013\/07\/Rafael-Terrach\u00e1n.jpg\" \/>\n\t<meta property=\"og:image:width\" content=\"900\" \/>\n\t<meta property=\"og:image:height\" content=\"600\" \/>\n\t<meta property=\"og:image:type\" content=\"image\/jpeg\" \/>\n<meta name=\"author\" content=\"Diana Mart\u00ednez Castro\" \/>\n<meta name=\"twitter:label1\" content=\"Escrito por\" \/>\n\t<meta name=\"twitter:data1\" content=\"Diana Mart\u00ednez Castro\" \/>\n\t<meta name=\"twitter:label2\" content=\"Tiempo de lectura\" \/>\n\t<meta name=\"twitter:data2\" content=\"1 minuto\" \/>\n<script type=\"application\/ld+json\" class=\"yoast-schema-graph\">{\"@context\":\"https:\\\/\\\/schema.org\",\"@graph\":[{\"@type\":\"Article\",\"@id\":\"https:\\\/\\\/www.plataformadeartecontemporaneo.com\\\/pac\\\/rafael-terrachan-en-ourense\\\/#article\",\"isPartOf\":{\"@id\":\"https:\\\/\\\/www.plataformadeartecontemporaneo.com\\\/pac\\\/rafael-terrachan-en-ourense\\\/\"},\"author\":{\"name\":\"Diana Mart\u00ednez Castro\",\"@id\":\"https:\\\/\\\/www.plataformadeartecontemporaneo.com\\\/pac\\\/#\\\/schema\\\/person\\\/3808cab91d0498450ff633b7812c385c\"},\"headline\":\"Rafael Terrach\u00e1n en Ourense\",\"datePublished\":\"2013-07-02T06:34:46+00:00\",\"dateModified\":\"2014-09-10T20:57:48+00:00\",\"mainEntityOfPage\":{\"@id\":\"https:\\\/\\\/www.plataformadeartecontemporaneo.com\\\/pac\\\/rafael-terrachan-en-ourense\\\/\"},\"wordCount\":291,\"commentCount\":0,\"publisher\":{\"@id\":\"https:\\\/\\\/www.plataformadeartecontemporaneo.com\\\/pac\\\/#organization\"},\"image\":{\"@id\":\"https:\\\/\\\/www.plataformadeartecontemporaneo.com\\\/pac\\\/rafael-terrachan-en-ourense\\\/#primaryimage\"},\"thumbnailUrl\":\"https:\\\/\\\/www.plataformadeartecontemporaneo.com\\\/pac\\\/wp-content\\\/uploads\\\/2013\\\/07\\\/Rafael-Terrach\u00e1n.jpg\",\"keywords\":[\"Terrach\u00e1n\"],\"articleSection\":[\"Dibujo\",\"Exposiciones\",\"Galicia\",\"Museos\",\"Pintura\"],\"inLanguage\":\"es\",\"potentialAction\":[{\"@type\":\"CommentAction\",\"name\":\"Comment\",\"target\":[\"https:\\\/\\\/www.plataformadeartecontemporaneo.com\\\/pac\\\/rafael-terrachan-en-ourense\\\/#respond\"]}]},{\"@type\":\"WebPage\",\"@id\":\"https:\\\/\\\/www.plataformadeartecontemporaneo.com\\\/pac\\\/rafael-terrachan-en-ourense\\\/\",\"url\":\"https:\\\/\\\/www.plataformadeartecontemporaneo.com\\\/pac\\\/rafael-terrachan-en-ourense\\\/\",\"name\":\"PAC | Rafael Terrach\u00e1n en Ourense\",\"isPartOf\":{\"@id\":\"https:\\\/\\\/www.plataformadeartecontemporaneo.com\\\/pac\\\/#website\"},\"primaryImageOfPage\":{\"@id\":\"https:\\\/\\\/www.plataformadeartecontemporaneo.com\\\/pac\\\/rafael-terrachan-en-ourense\\\/#primaryimage\"},\"image\":{\"@id\":\"https:\\\/\\\/www.plataformadeartecontemporaneo.com\\\/pac\\\/rafael-terrachan-en-ourense\\\/#primaryimage\"},\"thumbnailUrl\":\"https:\\\/\\\/www.plataformadeartecontemporaneo.com\\\/pac\\\/wp-content\\\/uploads\\\/2013\\\/07\\\/Rafael-Terrach\u00e1n.jpg\",\"datePublished\":\"2013-07-02T06:34:46+00:00\",\"dateModified\":\"2014-09-10T20:57:48+00:00\",\"description\":\"La muestra de Terrach\u00e1n es un recorrido por la mejor obra del autor. Desde la d\u00e9cada de los 80 hasta inicios del 2000\",\"breadcrumb\":{\"@id\":\"https:\\\/\\\/www.plataformadeartecontemporaneo.com\\\/pac\\\/rafael-terrachan-en-ourense\\\/#breadcrumb\"},\"inLanguage\":\"es\",\"potentialAction\":[{\"@type\":\"ReadAction\",\"target\":[\"https:\\\/\\\/www.plataformadeartecontemporaneo.com\\\/pac\\\/rafael-terrachan-en-ourense\\\/\"]}]},{\"@type\":\"ImageObject\",\"inLanguage\":\"es\",\"@id\":\"https:\\\/\\\/www.plataformadeartecontemporaneo.com\\\/pac\\\/rafael-terrachan-en-ourense\\\/#primaryimage\",\"url\":\"https:\\\/\\\/www.plataformadeartecontemporaneo.com\\\/pac\\\/wp-content\\\/uploads\\\/2013\\\/07\\\/Rafael-Terrach\u00e1n.jpg\",\"contentUrl\":\"https:\\\/\\\/www.plataformadeartecontemporaneo.com\\\/pac\\\/wp-content\\\/uploads\\\/2013\\\/07\\\/Rafael-Terrach\u00e1n.jpg\",\"width\":900,\"height\":600,\"caption\":\"Rafael Terrach\u00e1n\"},{\"@type\":\"BreadcrumbList\",\"@id\":\"https:\\\/\\\/www.plataformadeartecontemporaneo.com\\\/pac\\\/rafael-terrachan-en-ourense\\\/#breadcrumb\",\"itemListElement\":[{\"@type\":\"ListItem\",\"position\":1,\"name\":\"Portada\",\"item\":\"https:\\\/\\\/www.plataformadeartecontemporaneo.com\\\/pac\\\/\"},{\"@type\":\"ListItem\",\"position\":2,\"name\":\"Rafael Terrach\u00e1n en Ourense\"}]},{\"@type\":\"WebSite\",\"@id\":\"https:\\\/\\\/www.plataformadeartecontemporaneo.com\\\/pac\\\/#website\",\"url\":\"https:\\\/\\\/www.plataformadeartecontemporaneo.com\\\/pac\\\/\",\"name\":\"PAC\",\"description\":\"Plataforma de Arte Contempor\u00e1neo\",\"publisher\":{\"@id\":\"https:\\\/\\\/www.plataformadeartecontemporaneo.com\\\/pac\\\/#organization\"},\"potentialAction\":[{\"@type\":\"SearchAction\",\"target\":{\"@type\":\"EntryPoint\",\"urlTemplate\":\"https:\\\/\\\/www.plataformadeartecontemporaneo.com\\\/pac\\\/?s={search_term_string}\"},\"query-input\":{\"@type\":\"PropertyValueSpecification\",\"valueRequired\":true,\"valueName\":\"search_term_string\"}}],\"inLanguage\":\"es\"},{\"@type\":\"Organization\",\"@id\":\"https:\\\/\\\/www.plataformadeartecontemporaneo.com\\\/pac\\\/#organization\",\"name\":\"PAC\",\"url\":\"https:\\\/\\\/www.plataformadeartecontemporaneo.com\\\/pac\\\/\",\"logo\":{\"@type\":\"ImageObject\",\"inLanguage\":\"es\",\"@id\":\"https:\\\/\\\/www.plataformadeartecontemporaneo.com\\\/pac\\\/#\\\/schema\\\/logo\\\/image\\\/\",\"url\":\"https:\\\/\\\/www.plataformadeartecontemporaneo.com\\\/pac\\\/wp-content\\\/uploads\\\/2020\\\/10\\\/LOGO-PAC-FOOTER-TRANSPARENTE.png\",\"contentUrl\":\"https:\\\/\\\/www.plataformadeartecontemporaneo.com\\\/pac\\\/wp-content\\\/uploads\\\/2020\\\/10\\\/LOGO-PAC-FOOTER-TRANSPARENTE.png\",\"width\":200,\"height\":48,\"caption\":\"PAC\"},\"image\":{\"@id\":\"https:\\\/\\\/www.plataformadeartecontemporaneo.com\\\/pac\\\/#\\\/schema\\\/logo\\\/image\\\/\"}},{\"@type\":\"Person\",\"@id\":\"https:\\\/\\\/www.plataformadeartecontemporaneo.com\\\/pac\\\/#\\\/schema\\\/person\\\/3808cab91d0498450ff633b7812c385c\",\"name\":\"Diana Mart\u00ednez Castro\",\"image\":{\"@type\":\"ImageObject\",\"inLanguage\":\"es\",\"@id\":\"https:\\\/\\\/www.plataformadeartecontemporaneo.com\\\/pac\\\/wp-content\\\/uploads\\\/2023\\\/08\\\/PAC-ICON-150x150.jpg\",\"url\":\"https:\\\/\\\/www.plataformadeartecontemporaneo.com\\\/pac\\\/wp-content\\\/uploads\\\/2023\\\/08\\\/PAC-ICON-150x150.jpg\",\"contentUrl\":\"https:\\\/\\\/www.plataformadeartecontemporaneo.com\\\/pac\\\/wp-content\\\/uploads\\\/2023\\\/08\\\/PAC-ICON-150x150.jpg\",\"caption\":\"Diana Mart\u00ednez Castro\"},\"url\":\"https:\\\/\\\/www.plataformadeartecontemporaneo.com\\\/pac\\\/author\\\/diana\\\/\"}]}<\/script>\n<!-- \/ Yoast SEO plugin. -->","yoast_head_json":{"title":"PAC | Rafael Terrach\u00e1n en Ourense","description":"La muestra de Terrach\u00e1n es un recorrido por la mejor obra del autor. Desde la d\u00e9cada de los 80 hasta inicios del 2000","robots":{"index":"index","follow":"follow","max-snippet":"max-snippet:-1","max-image-preview":"max-image-preview:large","max-video-preview":"max-video-preview:-1"},"canonical":"https:\/\/www.plataformadeartecontemporaneo.com\/pac\/rafael-terrachan-en-ourense\/","og_locale":"es_ES","og_type":"article","og_title":"PAC | Rafael Terrach\u00e1n en Ourense","og_description":"La muestra de Terrach\u00e1n es un recorrido por la mejor obra del autor. Desde la d\u00e9cada de los 80 hasta inicios del 2000","og_url":"https:\/\/www.plataformadeartecontemporaneo.com\/pac\/rafael-terrachan-en-ourense\/","og_site_name":"PAC","article_published_time":"2013-07-02T06:34:46+00:00","article_modified_time":"2014-09-10T20:57:48+00:00","og_image":[{"width":900,"height":600,"url":"https:\/\/www.plataformadeartecontemporaneo.com\/pac\/wp-content\/uploads\/2013\/07\/Rafael-Terrach\u00e1n.jpg","type":"image\/jpeg"}],"author":"Diana Mart\u00ednez Castro","twitter_misc":{"Escrito por":"Diana Mart\u00ednez Castro","Tiempo de lectura":"1 minuto"},"schema":{"@context":"https:\/\/schema.org","@graph":[{"@type":"Article","@id":"https:\/\/www.plataformadeartecontemporaneo.com\/pac\/rafael-terrachan-en-ourense\/#article","isPartOf":{"@id":"https:\/\/www.plataformadeartecontemporaneo.com\/pac\/rafael-terrachan-en-ourense\/"},"author":{"name":"Diana Mart\u00ednez Castro","@id":"https:\/\/www.plataformadeartecontemporaneo.com\/pac\/#\/schema\/person\/3808cab91d0498450ff633b7812c385c"},"headline":"Rafael Terrach\u00e1n en Ourense","datePublished":"2013-07-02T06:34:46+00:00","dateModified":"2014-09-10T20:57:48+00:00","mainEntityOfPage":{"@id":"https:\/\/www.plataformadeartecontemporaneo.com\/pac\/rafael-terrachan-en-ourense\/"},"wordCount":291,"commentCount":0,"publisher":{"@id":"https:\/\/www.plataformadeartecontemporaneo.com\/pac\/#organization"},"image":{"@id":"https:\/\/www.plataformadeartecontemporaneo.com\/pac\/rafael-terrachan-en-ourense\/#primaryimage"},"thumbnailUrl":"https:\/\/www.plataformadeartecontemporaneo.com\/pac\/wp-content\/uploads\/2013\/07\/Rafael-Terrach\u00e1n.jpg","keywords":["Terrach\u00e1n"],"articleSection":["Dibujo","Exposiciones","Galicia","Museos","Pintura"],"inLanguage":"es","potentialAction":[{"@type":"CommentAction","name":"Comment","target":["https:\/\/www.plataformadeartecontemporaneo.com\/pac\/rafael-terrachan-en-ourense\/#respond"]}]},{"@type":"WebPage","@id":"https:\/\/www.plataformadeartecontemporaneo.com\/pac\/rafael-terrachan-en-ourense\/","url":"https:\/\/www.plataformadeartecontemporaneo.com\/pac\/rafael-terrachan-en-ourense\/","name":"PAC | Rafael Terrach\u00e1n en Ourense","isPartOf":{"@id":"https:\/\/www.plataformadeartecontemporaneo.com\/pac\/#website"},"primaryImageOfPage":{"@id":"https:\/\/www.plataformadeartecontemporaneo.com\/pac\/rafael-terrachan-en-ourense\/#primaryimage"},"image":{"@id":"https:\/\/www.plataformadeartecontemporaneo.com\/pac\/rafael-terrachan-en-ourense\/#primaryimage"},"thumbnailUrl":"https:\/\/www.plataformadeartecontemporaneo.com\/pac\/wp-content\/uploads\/2013\/07\/Rafael-Terrach\u00e1n.jpg","datePublished":"2013-07-02T06:34:46+00:00","dateModified":"2014-09-10T20:57:48+00:00","description":"La muestra de Terrach\u00e1n es un recorrido por la mejor obra del autor. Desde la d\u00e9cada de los 80 hasta inicios del 2000","breadcrumb":{"@id":"https:\/\/www.plataformadeartecontemporaneo.com\/pac\/rafael-terrachan-en-ourense\/#breadcrumb"},"inLanguage":"es","potentialAction":[{"@type":"ReadAction","target":["https:\/\/www.plataformadeartecontemporaneo.com\/pac\/rafael-terrachan-en-ourense\/"]}]},{"@type":"ImageObject","inLanguage":"es","@id":"https:\/\/www.plataformadeartecontemporaneo.com\/pac\/rafael-terrachan-en-ourense\/#primaryimage","url":"https:\/\/www.plataformadeartecontemporaneo.com\/pac\/wp-content\/uploads\/2013\/07\/Rafael-Terrach\u00e1n.jpg","contentUrl":"https:\/\/www.plataformadeartecontemporaneo.com\/pac\/wp-content\/uploads\/2013\/07\/Rafael-Terrach\u00e1n.jpg","width":900,"height":600,"caption":"Rafael Terrach\u00e1n"},{"@type":"BreadcrumbList","@id":"https:\/\/www.plataformadeartecontemporaneo.com\/pac\/rafael-terrachan-en-ourense\/#breadcrumb","itemListElement":[{"@type":"ListItem","position":1,"name":"Portada","item":"https:\/\/www.plataformadeartecontemporaneo.com\/pac\/"},{"@type":"ListItem","position":2,"name":"Rafael Terrach\u00e1n en Ourense"}]},{"@type":"WebSite","@id":"https:\/\/www.plataformadeartecontemporaneo.com\/pac\/#website","url":"https:\/\/www.plataformadeartecontemporaneo.com\/pac\/","name":"PAC","description":"Plataforma de Arte Contempor\u00e1neo","publisher":{"@id":"https:\/\/www.plataformadeartecontemporaneo.com\/pac\/#organization"},"potentialAction":[{"@type":"SearchAction","target":{"@type":"EntryPoint","urlTemplate":"https:\/\/www.plataformadeartecontemporaneo.com\/pac\/?s={search_term_string}"},"query-input":{"@type":"PropertyValueSpecification","valueRequired":true,"valueName":"search_term_string"}}],"inLanguage":"es"},{"@type":"Organization","@id":"https:\/\/www.plataformadeartecontemporaneo.com\/pac\/#organization","name":"PAC","url":"https:\/\/www.plataformadeartecontemporaneo.com\/pac\/","logo":{"@type":"ImageObject","inLanguage":"es","@id":"https:\/\/www.plataformadeartecontemporaneo.com\/pac\/#\/schema\/logo\/image\/","url":"https:\/\/www.plataformadeartecontemporaneo.com\/pac\/wp-content\/uploads\/2020\/10\/LOGO-PAC-FOOTER-TRANSPARENTE.png","contentUrl":"https:\/\/www.plataformadeartecontemporaneo.com\/pac\/wp-content\/uploads\/2020\/10\/LOGO-PAC-FOOTER-TRANSPARENTE.png","width":200,"height":48,"caption":"PAC"},"image":{"@id":"https:\/\/www.plataformadeartecontemporaneo.com\/pac\/#\/schema\/logo\/image\/"}},{"@type":"Person","@id":"https:\/\/www.plataformadeartecontemporaneo.com\/pac\/#\/schema\/person\/3808cab91d0498450ff633b7812c385c","name":"Diana Mart\u00ednez Castro","image":{"@type":"ImageObject","inLanguage":"es","@id":"https:\/\/www.plataformadeartecontemporaneo.com\/pac\/wp-content\/uploads\/2023\/08\/PAC-ICON-150x150.jpg","url":"https:\/\/www.plataformadeartecontemporaneo.com\/pac\/wp-content\/uploads\/2023\/08\/PAC-ICON-150x150.jpg","contentUrl":"https:\/\/www.plataformadeartecontemporaneo.com\/pac\/wp-content\/uploads\/2023\/08\/PAC-ICON-150x150.jpg","caption":"Diana Mart\u00ednez Castro"},"url":"https:\/\/www.plataformadeartecontemporaneo.com\/pac\/author\/diana\/"}]}},"_links":{"self":[{"href":"https:\/\/www.plataformadeartecontemporaneo.com\/pac\/wp-json\/wp\/v2\/posts\/20058","targetHints":{"allow":["GET"]}}],"collection":[{"href":"https:\/\/www.plataformadeartecontemporaneo.com\/pac\/wp-json\/wp\/v2\/posts"}],"about":[{"href":"https:\/\/www.plataformadeartecontemporaneo.com\/pac\/wp-json\/wp\/v2\/types\/post"}],"author":[{"embeddable":true,"href":"https:\/\/www.plataformadeartecontemporaneo.com\/pac\/wp-json\/wp\/v2\/users\/30"}],"replies":[{"embeddable":true,"href":"https:\/\/www.plataformadeartecontemporaneo.com\/pac\/wp-json\/wp\/v2\/comments?post=20058"}],"version-history":[{"count":9,"href":"https:\/\/www.plataformadeartecontemporaneo.com\/pac\/wp-json\/wp\/v2\/posts\/20058\/revisions"}],"predecessor-version":[{"id":30835,"href":"https:\/\/www.plataformadeartecontemporaneo.com\/pac\/wp-json\/wp\/v2\/posts\/20058\/revisions\/30835"}],"wp:featuredmedia":[{"embeddable":true,"href":"https:\/\/www.plataformadeartecontemporaneo.com\/pac\/wp-json\/wp\/v2\/media\/30834"}],"wp:attachment":[{"href":"https:\/\/www.plataformadeartecontemporaneo.com\/pac\/wp-json\/wp\/v2\/media?parent=20058"}],"wp:term":[{"taxonomy":"category","embeddable":true,"href":"https:\/\/www.plataformadeartecontemporaneo.com\/pac\/wp-json\/wp\/v2\/categories?post=20058"},{"taxonomy":"post_tag","embeddable":true,"href":"https:\/\/www.plataformadeartecontemporaneo.com\/pac\/wp-json\/wp\/v2\/tags?post=20058"}],"curies":[{"name":"wp","href":"https:\/\/api.w.org\/{rel}","templated":true}]}}