




{"id":30460,"date":"2014-09-08T07:10:13","date_gmt":"2014-09-08T05:10:13","guid":{"rendered":"http:\/\/www.plataformadeartecontemporaneo.com\/pac\/?p=30460"},"modified":"2014-09-07T19:55:59","modified_gmt":"2014-09-07T17:55:59","slug":"_fueradecodigo_-en-la-galeria-angeles-banos","status":"publish","type":"post","link":"https:\/\/www.plataformadeartecontemporaneo.com\/pac\/_fueradecodigo_-en-la-galeria-angeles-banos\/","title":{"rendered":"_FueraDeC\u00f3digo_ en la Galer\u00eda \u00c1ngeles Ba\u00f1os"},"content":{"rendered":"<p style=\"text-align: justify;\">La <a href=\"http:\/\/www.galeriaangelesb.com\" target=\"_blank\"><strong>Galer\u00eda \u00c1ngeles Ba\u00f1os<\/strong><\/a> presenta para La Noche en Blanco de Badajoz e inauguraci\u00f3n de la temporada _FueraDeC\u00f3digo_. Segundo proyecto del grupo de trabajo, tras el expuesto en ARCO&#8217;14, en el que dialogan distintas formas de trabajo y se replantean los c\u00f3digos de lectura que nos rodean. Compuesto por <strong>Andr\u00e9s Pach\u00f3n<\/strong>, <strong>Ignacio Bautista (Mutiu)<\/strong>, <strong>Daniel Mart\u00edn Corona<\/strong>, <strong>Manuel Antonio Dom\u00ednguez<\/strong> y <strong>Juan Carlos Bracho<\/strong>, a los que en esta ocasi\u00f3n se suma por primera vez <strong>Miguel \u00c1ngel F\u00fanez<\/strong>.<\/p>\n<p><img fetchpriority=\"high\" decoding=\"async\" class=\"size-large wp-image-30484 aligncenter\" src=\"http:\/\/www.plataformadeartecontemporaneo.com\/pac\/wp-content\/uploads\/2014\/09\/IgnacioBautista-Mutiu-Ensayo-y-caida-N\u00ba1-prueba-y-error.-Madera-policromada.-7-x-1-x-36m.-2014-500x343.jpg\" alt=\"Ignacio Bautista Mutiu Ensayo y caida N\u00ba1 (prueba y error). Madera policromada. 7 x 1 x 3,6m. 2014\" width=\"500\" height=\"343\" srcset=\"https:\/\/www.plataformadeartecontemporaneo.com\/pac\/wp-content\/uploads\/2014\/09\/IgnacioBautista-Mutiu-Ensayo-y-caida-N\u00ba1-prueba-y-error.-Madera-policromada.-7-x-1-x-36m.-2014-500x343.jpg 500w, https:\/\/www.plataformadeartecontemporaneo.com\/pac\/wp-content\/uploads\/2014\/09\/IgnacioBautista-Mutiu-Ensayo-y-caida-N\u00ba1-prueba-y-error.-Madera-policromada.-7-x-1-x-36m.-2014-466x319.jpg 466w, https:\/\/www.plataformadeartecontemporaneo.com\/pac\/wp-content\/uploads\/2014\/09\/IgnacioBautista-Mutiu-Ensayo-y-caida-N\u00ba1-prueba-y-error.-Madera-policromada.-7-x-1-x-36m.-2014-470x322.jpg 470w, https:\/\/www.plataformadeartecontemporaneo.com\/pac\/wp-content\/uploads\/2014\/09\/IgnacioBautista-Mutiu-Ensayo-y-caida-N\u00ba1-prueba-y-error.-Madera-policromada.-7-x-1-x-36m.-2014-325x223.jpg 325w, https:\/\/www.plataformadeartecontemporaneo.com\/pac\/wp-content\/uploads\/2014\/09\/IgnacioBautista-Mutiu-Ensayo-y-caida-N\u00ba1-prueba-y-error.-Madera-policromada.-7-x-1-x-36m.-2014.jpg 874w\" sizes=\"(max-width: 500px) 100vw, 500px\" \/><\/p>\n<p style=\"text-align: justify;\">La intenci\u00f3n de _FueraDeC\u00f3digo_ como grupo es sumar experiencias y energ\u00edas para sacar adelante proyectos en colaboraci\u00f3n entre los artistas y la Galer\u00eda, estableciendo desde un primer momento entre ellos un di\u00e1logo sin jerarqu\u00edas. El trabajo de los seis artistas gira alrededor del concepto de cita, entendido en el sentido m\u00e1s amplio de la palabra, como un lenguaje fuera de c\u00f3digo. Un espacio de relaci\u00f3n que sirve como marco de referencia para recontextualizar las ideas propias a partir del pensamiento y del trabajo ajeno.<\/p>\n<p><img decoding=\"async\" class=\"size-large wp-image-30485 aligncenter\" src=\"http:\/\/www.plataformadeartecontemporaneo.com\/pac\/wp-content\/uploads\/2014\/09\/Andr\u00e9s-Pach\u00f3n-Tropolog\u00edas-V-m\u00f3viles-inmutables.-Impresi\u00f3n-digital-sobre-papel-Hahnem\u00fchle.-90-x-60cm-cu.-2014-400x600.jpg\" alt=\"Andr\u00e9s Pach\u00f3n Tropolog\u00edas V (m\u00f3viles inmutables). Impresi\u00f3n digital sobre papel Hahnem\u00fchle. 90 x 60cm cu. 2014\" width=\"400\" height=\"600\" srcset=\"https:\/\/www.plataformadeartecontemporaneo.com\/pac\/wp-content\/uploads\/2014\/09\/Andr\u00e9s-Pach\u00f3n-Tropolog\u00edas-V-m\u00f3viles-inmutables.-Impresi\u00f3n-digital-sobre-papel-Hahnem\u00fchle.-90-x-60cm-cu.-2014-400x600.jpg 400w, https:\/\/www.plataformadeartecontemporaneo.com\/pac\/wp-content\/uploads\/2014\/09\/Andr\u00e9s-Pach\u00f3n-Tropolog\u00edas-V-m\u00f3viles-inmutables.-Impresi\u00f3n-digital-sobre-papel-Hahnem\u00fchle.-90-x-60cm-cu.-2014-470x704.jpg 470w, https:\/\/www.plataformadeartecontemporaneo.com\/pac\/wp-content\/uploads\/2014\/09\/Andr\u00e9s-Pach\u00f3n-Tropolog\u00edas-V-m\u00f3viles-inmutables.-Impresi\u00f3n-digital-sobre-papel-Hahnem\u00fchle.-90-x-60cm-cu.-2014.jpg 500w\" sizes=\"(max-width: 400px) 100vw, 400px\" \/><\/p>\n<p style=\"text-align: justify;\">La muestra comienza d\u00e1ndonos la bienvenida con seis breves v\u00eddeos editados por cada uno de los artistas, que se presentan independientes, sin t\u00edtulo ni autor\u00eda. Estas narraciones mediante la met\u00e1fora,\u00a0lo absurdo o el discurso directo, se convierten en pistas para interpretar los procesos de trabajo e intereses de cada pieza posterior. De esta manera se invita al visitante que encuentre su propio hilo argumental dentro del discurso abierto, no lineal y colaborativo de la galer\u00eda. Un recorrido de citas que se contaminan, construyen y reconstruyen en un continuo a\u00f1adido de capas de significado.<\/p>\n<p style=\"text-align: justify;\">La inauguraci\u00f3n contar\u00e1 tambi\u00e9n con una mesa redonda de los artistas a partir de las 22:00h.<\/p>\n<p><img decoding=\"async\" class=\"size-full wp-image-30486 aligncenter\" src=\"http:\/\/www.plataformadeartecontemporaneo.com\/pac\/wp-content\/uploads\/2014\/09\/FueraDeC\u00f3digo-Galer\u00eda-\u00c1ngeles-Ba\u00f1os.jpg\" alt=\"FueraDeC\u00f3digo Galer\u00eda \u00c1ngeles Ba\u00f1os\" width=\"500\" height=\"348\" srcset=\"https:\/\/www.plataformadeartecontemporaneo.com\/pac\/wp-content\/uploads\/2014\/09\/FueraDeC\u00f3digo-Galer\u00eda-\u00c1ngeles-Ba\u00f1os.jpg 500w, https:\/\/www.plataformadeartecontemporaneo.com\/pac\/wp-content\/uploads\/2014\/09\/FueraDeC\u00f3digo-Galer\u00eda-\u00c1ngeles-Ba\u00f1os-466x324.jpg 466w, https:\/\/www.plataformadeartecontemporaneo.com\/pac\/wp-content\/uploads\/2014\/09\/FueraDeC\u00f3digo-Galer\u00eda-\u00c1ngeles-Ba\u00f1os-470x327.jpg 470w, https:\/\/www.plataformadeartecontemporaneo.com\/pac\/wp-content\/uploads\/2014\/09\/FueraDeC\u00f3digo-Galer\u00eda-\u00c1ngeles-Ba\u00f1os-325x226.jpg 325w\" sizes=\"(max-width: 500px) 100vw, 500px\" \/><\/p>\n<p style=\"text-align: justify;\"><strong>Artistas:<\/strong> Andr\u00e9s Pach\u00f3n, Ignacio Bautista (Mutiu), Daniel Mart\u00edn Corona, Manuel Antonio Dom\u00ednguez, Juan Carlos Bracho, Miguel \u00c1ngel F\u00fanez<br \/>\n<strong>Fechas:<\/strong> Del 6 de Septiembre al 27 de Octubre de 2014<br \/>\n<strong>Lugar:<\/strong> Galer\u00eda \u00c1ngeles Ba\u00f1os, Badajoz<\/p>\n","protected":false},"excerpt":{"rendered":"<div class=\"tmnf_excerpt\"><p>La Galer\u00eda \u00c1ngeles Ba\u00f1os presenta para La Noche en Blanco de Badajoz e inauguraci\u00f3n de la temporada _FueraDeC\u00f3digo_. Segundo proyecto del grupo de trabajo, tras el expuesto en ARCO&#8217;14, en el que dialogan distintas formas de trabajo y se replantean los c\u00f3digos de lectura que nos rodean. Compuesto por Andr\u00e9s Pach\u00f3n, Ignacio Bautista (Mutiu), Daniel &hellip;<\/p>\n<\/div>","protected":false},"author":2,"featured_media":30487,"comment_status":"open","ping_status":"open","sticky":false,"template":"","format":"standard","meta":{"footnotes":""},"categories":[2249,46,6,4,13,9,7],"tags":[3324,2250,2248,4782,788,2530,4783],"class_list":["post-30460","post","type-post","status-publish","format-standard","has-post-thumbnail","hentry","category-badajoz","category-dibujo","category-escultura","category-exposiciones","category-galerias-de-arte","category-instalacion","category-video","tag-andres-pachon","tag-daniel-martin-corona","tag-galeria-angeles-banos","tag-ignacio-bautista-mutiu","tag-juan-carlos-bracho","tag-manuel-antonio-dominguez","tag-miguel-angel-funez"],"yoast_head":"<!-- This site is optimized with the Yoast SEO plugin v27.4 - https:\/\/yoast.com\/product\/yoast-seo-wordpress\/ -->\n<title>PAC | _FueraDeC\u00f3digo_ en la Galer\u00eda \u00c1ngeles Ba\u00f1os<\/title>\n<meta name=\"description\" content=\"La Galer\u00eda \u00c1ngeles Ba\u00f1os de Badajoz presenta la exposici\u00f3n colectiva _FueraDeC\u00f3digo_, segundo proyecto conjunto que formado por 6 artista emergentes\" \/>\n<meta name=\"robots\" content=\"index, follow, max-snippet:-1, max-image-preview:large, max-video-preview:-1\" \/>\n<link rel=\"canonical\" href=\"https:\/\/www.plataformadeartecontemporaneo.com\/pac\/_fueradecodigo_-en-la-galeria-angeles-banos\/\" \/>\n<meta property=\"og:locale\" content=\"es_ES\" \/>\n<meta property=\"og:type\" content=\"article\" \/>\n<meta property=\"og:title\" content=\"PAC | _FueraDeC\u00f3digo_ en la Galer\u00eda \u00c1ngeles Ba\u00f1os\" \/>\n<meta property=\"og:description\" content=\"La Galer\u00eda \u00c1ngeles Ba\u00f1os de Badajoz presenta la exposici\u00f3n colectiva _FueraDeC\u00f3digo_, segundo proyecto conjunto que formado por 6 artista emergentes\" \/>\n<meta property=\"og:url\" content=\"https:\/\/www.plataformadeartecontemporaneo.com\/pac\/_fueradecodigo_-en-la-galeria-angeles-banos\/\" \/>\n<meta property=\"og:site_name\" content=\"PAC\" \/>\n<meta property=\"article:published_time\" content=\"2014-09-08T05:10:13+00:00\" \/>\n<meta property=\"og:image\" content=\"https:\/\/www.plataformadeartecontemporaneo.com\/pac\/wp-content\/uploads\/2014\/09\/IgnacioBautista-Mutiu-Ensayo-y-caida-N\u00ba1-prueba-y-error.-Madera-policromada.-7-x-1-x-36m.-20141.jpg\" \/>\n\t<meta property=\"og:image:width\" content=\"874\" \/>\n\t<meta property=\"og:image:height\" content=\"600\" \/>\n\t<meta property=\"og:image:type\" content=\"image\/jpeg\" \/>\n<meta name=\"author\" content=\"Oscar Garcia Garcia\" \/>\n<meta name=\"twitter:label1\" content=\"Escrito por\" \/>\n\t<meta name=\"twitter:data1\" content=\"Oscar Garcia Garcia\" \/>\n\t<meta name=\"twitter:label2\" content=\"Tiempo de lectura\" \/>\n\t<meta name=\"twitter:data2\" content=\"2 minutos\" \/>\n<script type=\"application\/ld+json\" class=\"yoast-schema-graph\">{\"@context\":\"https:\\\/\\\/schema.org\",\"@graph\":[{\"@type\":\"Article\",\"@id\":\"https:\\\/\\\/www.plataformadeartecontemporaneo.com\\\/pac\\\/_fueradecodigo_-en-la-galeria-angeles-banos\\\/#article\",\"isPartOf\":{\"@id\":\"https:\\\/\\\/www.plataformadeartecontemporaneo.com\\\/pac\\\/_fueradecodigo_-en-la-galeria-angeles-banos\\\/\"},\"author\":{\"name\":\"Oscar Garcia Garcia\",\"@id\":\"https:\\\/\\\/www.plataformadeartecontemporaneo.com\\\/pac\\\/#\\\/schema\\\/person\\\/1000a254d6e3294f80e1bdfcb17c205c\"},\"headline\":\"_FueraDeC\u00f3digo_ en la Galer\u00eda \u00c1ngeles Ba\u00f1os\",\"datePublished\":\"2014-09-08T05:10:13+00:00\",\"mainEntityOfPage\":{\"@id\":\"https:\\\/\\\/www.plataformadeartecontemporaneo.com\\\/pac\\\/_fueradecodigo_-en-la-galeria-angeles-banos\\\/\"},\"wordCount\":349,\"commentCount\":0,\"publisher\":{\"@id\":\"https:\\\/\\\/www.plataformadeartecontemporaneo.com\\\/pac\\\/#organization\"},\"image\":{\"@id\":\"https:\\\/\\\/www.plataformadeartecontemporaneo.com\\\/pac\\\/_fueradecodigo_-en-la-galeria-angeles-banos\\\/#primaryimage\"},\"thumbnailUrl\":\"https:\\\/\\\/www.plataformadeartecontemporaneo.com\\\/pac\\\/wp-content\\\/uploads\\\/2014\\\/09\\\/IgnacioBautista-Mutiu-Ensayo-y-caida-N\u00ba1-prueba-y-error.-Madera-policromada.-7-x-1-x-36m.-20141.jpg\",\"keywords\":[\"Andr\u00e9s Pach\u00f3n\",\"Daniel Mart\u00edn Corona\",\"Galer\u00eda \u00c1ngeles Ba\u00f1os\",\"Ignacio Bautista (Mutiu)\",\"Juan Carlos Bracho\",\"Manuel Antonio Dom\u00ednguez\",\"Miguel \u00c1ngel F\u00fanez\"],\"articleSection\":[\"Badajoz\",\"Dibujo\",\"Escultura\",\"Exposiciones\",\"Galer\u00edas de arte\",\"Instalaci\u00f3n\",\"V\u00eddeo\"],\"inLanguage\":\"es\",\"potentialAction\":[{\"@type\":\"CommentAction\",\"name\":\"Comment\",\"target\":[\"https:\\\/\\\/www.plataformadeartecontemporaneo.com\\\/pac\\\/_fueradecodigo_-en-la-galeria-angeles-banos\\\/#respond\"]}]},{\"@type\":\"WebPage\",\"@id\":\"https:\\\/\\\/www.plataformadeartecontemporaneo.com\\\/pac\\\/_fueradecodigo_-en-la-galeria-angeles-banos\\\/\",\"url\":\"https:\\\/\\\/www.plataformadeartecontemporaneo.com\\\/pac\\\/_fueradecodigo_-en-la-galeria-angeles-banos\\\/\",\"name\":\"PAC | _FueraDeC\u00f3digo_ en la Galer\u00eda \u00c1ngeles Ba\u00f1os\",\"isPartOf\":{\"@id\":\"https:\\\/\\\/www.plataformadeartecontemporaneo.com\\\/pac\\\/#website\"},\"primaryImageOfPage\":{\"@id\":\"https:\\\/\\\/www.plataformadeartecontemporaneo.com\\\/pac\\\/_fueradecodigo_-en-la-galeria-angeles-banos\\\/#primaryimage\"},\"image\":{\"@id\":\"https:\\\/\\\/www.plataformadeartecontemporaneo.com\\\/pac\\\/_fueradecodigo_-en-la-galeria-angeles-banos\\\/#primaryimage\"},\"thumbnailUrl\":\"https:\\\/\\\/www.plataformadeartecontemporaneo.com\\\/pac\\\/wp-content\\\/uploads\\\/2014\\\/09\\\/IgnacioBautista-Mutiu-Ensayo-y-caida-N\u00ba1-prueba-y-error.-Madera-policromada.-7-x-1-x-36m.-20141.jpg\",\"datePublished\":\"2014-09-08T05:10:13+00:00\",\"description\":\"La Galer\u00eda \u00c1ngeles Ba\u00f1os de Badajoz presenta la exposici\u00f3n colectiva _FueraDeC\u00f3digo_, segundo proyecto conjunto que formado por 6 artista emergentes\",\"breadcrumb\":{\"@id\":\"https:\\\/\\\/www.plataformadeartecontemporaneo.com\\\/pac\\\/_fueradecodigo_-en-la-galeria-angeles-banos\\\/#breadcrumb\"},\"inLanguage\":\"es\",\"potentialAction\":[{\"@type\":\"ReadAction\",\"target\":[\"https:\\\/\\\/www.plataformadeartecontemporaneo.com\\\/pac\\\/_fueradecodigo_-en-la-galeria-angeles-banos\\\/\"]}]},{\"@type\":\"ImageObject\",\"inLanguage\":\"es\",\"@id\":\"https:\\\/\\\/www.plataformadeartecontemporaneo.com\\\/pac\\\/_fueradecodigo_-en-la-galeria-angeles-banos\\\/#primaryimage\",\"url\":\"https:\\\/\\\/www.plataformadeartecontemporaneo.com\\\/pac\\\/wp-content\\\/uploads\\\/2014\\\/09\\\/IgnacioBautista-Mutiu-Ensayo-y-caida-N\u00ba1-prueba-y-error.-Madera-policromada.-7-x-1-x-36m.-20141.jpg\",\"contentUrl\":\"https:\\\/\\\/www.plataformadeartecontemporaneo.com\\\/pac\\\/wp-content\\\/uploads\\\/2014\\\/09\\\/IgnacioBautista-Mutiu-Ensayo-y-caida-N\u00ba1-prueba-y-error.-Madera-policromada.-7-x-1-x-36m.-20141.jpg\",\"width\":874,\"height\":600},{\"@type\":\"BreadcrumbList\",\"@id\":\"https:\\\/\\\/www.plataformadeartecontemporaneo.com\\\/pac\\\/_fueradecodigo_-en-la-galeria-angeles-banos\\\/#breadcrumb\",\"itemListElement\":[{\"@type\":\"ListItem\",\"position\":1,\"name\":\"Portada\",\"item\":\"https:\\\/\\\/www.plataformadeartecontemporaneo.com\\\/pac\\\/\"},{\"@type\":\"ListItem\",\"position\":2,\"name\":\"_FueraDeC\u00f3digo_ en la Galer\u00eda \u00c1ngeles Ba\u00f1os\"}]},{\"@type\":\"WebSite\",\"@id\":\"https:\\\/\\\/www.plataformadeartecontemporaneo.com\\\/pac\\\/#website\",\"url\":\"https:\\\/\\\/www.plataformadeartecontemporaneo.com\\\/pac\\\/\",\"name\":\"PAC\",\"description\":\"Plataforma de Arte Contempor\u00e1neo\",\"publisher\":{\"@id\":\"https:\\\/\\\/www.plataformadeartecontemporaneo.com\\\/pac\\\/#organization\"},\"potentialAction\":[{\"@type\":\"SearchAction\",\"target\":{\"@type\":\"EntryPoint\",\"urlTemplate\":\"https:\\\/\\\/www.plataformadeartecontemporaneo.com\\\/pac\\\/?s={search_term_string}\"},\"query-input\":{\"@type\":\"PropertyValueSpecification\",\"valueRequired\":true,\"valueName\":\"search_term_string\"}}],\"inLanguage\":\"es\"},{\"@type\":\"Organization\",\"@id\":\"https:\\\/\\\/www.plataformadeartecontemporaneo.com\\\/pac\\\/#organization\",\"name\":\"PAC\",\"url\":\"https:\\\/\\\/www.plataformadeartecontemporaneo.com\\\/pac\\\/\",\"logo\":{\"@type\":\"ImageObject\",\"inLanguage\":\"es\",\"@id\":\"https:\\\/\\\/www.plataformadeartecontemporaneo.com\\\/pac\\\/#\\\/schema\\\/logo\\\/image\\\/\",\"url\":\"https:\\\/\\\/www.plataformadeartecontemporaneo.com\\\/pac\\\/wp-content\\\/uploads\\\/2020\\\/10\\\/LOGO-PAC-FOOTER-TRANSPARENTE.png\",\"contentUrl\":\"https:\\\/\\\/www.plataformadeartecontemporaneo.com\\\/pac\\\/wp-content\\\/uploads\\\/2020\\\/10\\\/LOGO-PAC-FOOTER-TRANSPARENTE.png\",\"width\":200,\"height\":48,\"caption\":\"PAC\"},\"image\":{\"@id\":\"https:\\\/\\\/www.plataformadeartecontemporaneo.com\\\/pac\\\/#\\\/schema\\\/logo\\\/image\\\/\"}},{\"@type\":\"Person\",\"@id\":\"https:\\\/\\\/www.plataformadeartecontemporaneo.com\\\/pac\\\/#\\\/schema\\\/person\\\/1000a254d6e3294f80e1bdfcb17c205c\",\"name\":\"Oscar Garcia Garcia\",\"image\":{\"@type\":\"ImageObject\",\"inLanguage\":\"es\",\"@id\":\"https:\\\/\\\/secure.gravatar.com\\\/avatar\\\/79b6fa3c23c1a1052e0da1a947471cce4118465f4e5fd687792f052e187a833d?s=96&d=wp_user_avatar&r=g\",\"url\":\"https:\\\/\\\/secure.gravatar.com\\\/avatar\\\/79b6fa3c23c1a1052e0da1a947471cce4118465f4e5fd687792f052e187a833d?s=96&d=wp_user_avatar&r=g\",\"contentUrl\":\"https:\\\/\\\/secure.gravatar.com\\\/avatar\\\/79b6fa3c23c1a1052e0da1a947471cce4118465f4e5fd687792f052e187a833d?s=96&d=wp_user_avatar&r=g\",\"caption\":\"Oscar Garcia Garcia\"},\"description\":\"Comisario independiente \\\/\\\/ Co-Fundador de PAC Plataforma de Arte Contempor\u00e1neo \\\/\\\/ Director de JustMAD Art Fair y JustLX \\\/\\\/ Autor del libro: Dios Salve el Arte Contempor\u00e1neo\",\"sameAs\":[\"https:\\\/\\\/www.planetadelibros.com\\\/libro-dios-salve-el-arte-contemporaneo\\\/300020\"],\"url\":\"https:\\\/\\\/www.plataformadeartecontemporaneo.com\\\/pac\\\/author\\\/oscar\\\/\"}]}<\/script>\n<!-- \/ Yoast SEO plugin. -->","yoast_head_json":{"title":"PAC | _FueraDeC\u00f3digo_ en la Galer\u00eda \u00c1ngeles Ba\u00f1os","description":"La Galer\u00eda \u00c1ngeles Ba\u00f1os de Badajoz presenta la exposici\u00f3n colectiva _FueraDeC\u00f3digo_, segundo proyecto conjunto que formado por 6 artista emergentes","robots":{"index":"index","follow":"follow","max-snippet":"max-snippet:-1","max-image-preview":"max-image-preview:large","max-video-preview":"max-video-preview:-1"},"canonical":"https:\/\/www.plataformadeartecontemporaneo.com\/pac\/_fueradecodigo_-en-la-galeria-angeles-banos\/","og_locale":"es_ES","og_type":"article","og_title":"PAC | _FueraDeC\u00f3digo_ en la Galer\u00eda \u00c1ngeles Ba\u00f1os","og_description":"La Galer\u00eda \u00c1ngeles Ba\u00f1os de Badajoz presenta la exposici\u00f3n colectiva _FueraDeC\u00f3digo_, segundo proyecto conjunto que formado por 6 artista emergentes","og_url":"https:\/\/www.plataformadeartecontemporaneo.com\/pac\/_fueradecodigo_-en-la-galeria-angeles-banos\/","og_site_name":"PAC","article_published_time":"2014-09-08T05:10:13+00:00","og_image":[{"width":874,"height":600,"url":"https:\/\/www.plataformadeartecontemporaneo.com\/pac\/wp-content\/uploads\/2014\/09\/IgnacioBautista-Mutiu-Ensayo-y-caida-N\u00ba1-prueba-y-error.-Madera-policromada.-7-x-1-x-36m.-20141.jpg","type":"image\/jpeg"}],"author":"Oscar Garcia Garcia","twitter_misc":{"Escrito por":"Oscar Garcia Garcia","Tiempo de lectura":"2 minutos"},"schema":{"@context":"https:\/\/schema.org","@graph":[{"@type":"Article","@id":"https:\/\/www.plataformadeartecontemporaneo.com\/pac\/_fueradecodigo_-en-la-galeria-angeles-banos\/#article","isPartOf":{"@id":"https:\/\/www.plataformadeartecontemporaneo.com\/pac\/_fueradecodigo_-en-la-galeria-angeles-banos\/"},"author":{"name":"Oscar Garcia Garcia","@id":"https:\/\/www.plataformadeartecontemporaneo.com\/pac\/#\/schema\/person\/1000a254d6e3294f80e1bdfcb17c205c"},"headline":"_FueraDeC\u00f3digo_ en la Galer\u00eda \u00c1ngeles Ba\u00f1os","datePublished":"2014-09-08T05:10:13+00:00","mainEntityOfPage":{"@id":"https:\/\/www.plataformadeartecontemporaneo.com\/pac\/_fueradecodigo_-en-la-galeria-angeles-banos\/"},"wordCount":349,"commentCount":0,"publisher":{"@id":"https:\/\/www.plataformadeartecontemporaneo.com\/pac\/#organization"},"image":{"@id":"https:\/\/www.plataformadeartecontemporaneo.com\/pac\/_fueradecodigo_-en-la-galeria-angeles-banos\/#primaryimage"},"thumbnailUrl":"https:\/\/www.plataformadeartecontemporaneo.com\/pac\/wp-content\/uploads\/2014\/09\/IgnacioBautista-Mutiu-Ensayo-y-caida-N\u00ba1-prueba-y-error.-Madera-policromada.-7-x-1-x-36m.-20141.jpg","keywords":["Andr\u00e9s Pach\u00f3n","Daniel Mart\u00edn Corona","Galer\u00eda \u00c1ngeles Ba\u00f1os","Ignacio Bautista (Mutiu)","Juan Carlos Bracho","Manuel Antonio Dom\u00ednguez","Miguel \u00c1ngel F\u00fanez"],"articleSection":["Badajoz","Dibujo","Escultura","Exposiciones","Galer\u00edas de arte","Instalaci\u00f3n","V\u00eddeo"],"inLanguage":"es","potentialAction":[{"@type":"CommentAction","name":"Comment","target":["https:\/\/www.plataformadeartecontemporaneo.com\/pac\/_fueradecodigo_-en-la-galeria-angeles-banos\/#respond"]}]},{"@type":"WebPage","@id":"https:\/\/www.plataformadeartecontemporaneo.com\/pac\/_fueradecodigo_-en-la-galeria-angeles-banos\/","url":"https:\/\/www.plataformadeartecontemporaneo.com\/pac\/_fueradecodigo_-en-la-galeria-angeles-banos\/","name":"PAC | _FueraDeC\u00f3digo_ en la Galer\u00eda \u00c1ngeles Ba\u00f1os","isPartOf":{"@id":"https:\/\/www.plataformadeartecontemporaneo.com\/pac\/#website"},"primaryImageOfPage":{"@id":"https:\/\/www.plataformadeartecontemporaneo.com\/pac\/_fueradecodigo_-en-la-galeria-angeles-banos\/#primaryimage"},"image":{"@id":"https:\/\/www.plataformadeartecontemporaneo.com\/pac\/_fueradecodigo_-en-la-galeria-angeles-banos\/#primaryimage"},"thumbnailUrl":"https:\/\/www.plataformadeartecontemporaneo.com\/pac\/wp-content\/uploads\/2014\/09\/IgnacioBautista-Mutiu-Ensayo-y-caida-N\u00ba1-prueba-y-error.-Madera-policromada.-7-x-1-x-36m.-20141.jpg","datePublished":"2014-09-08T05:10:13+00:00","description":"La Galer\u00eda \u00c1ngeles Ba\u00f1os de Badajoz presenta la exposici\u00f3n colectiva _FueraDeC\u00f3digo_, segundo proyecto conjunto que formado por 6 artista emergentes","breadcrumb":{"@id":"https:\/\/www.plataformadeartecontemporaneo.com\/pac\/_fueradecodigo_-en-la-galeria-angeles-banos\/#breadcrumb"},"inLanguage":"es","potentialAction":[{"@type":"ReadAction","target":["https:\/\/www.plataformadeartecontemporaneo.com\/pac\/_fueradecodigo_-en-la-galeria-angeles-banos\/"]}]},{"@type":"ImageObject","inLanguage":"es","@id":"https:\/\/www.plataformadeartecontemporaneo.com\/pac\/_fueradecodigo_-en-la-galeria-angeles-banos\/#primaryimage","url":"https:\/\/www.plataformadeartecontemporaneo.com\/pac\/wp-content\/uploads\/2014\/09\/IgnacioBautista-Mutiu-Ensayo-y-caida-N\u00ba1-prueba-y-error.-Madera-policromada.-7-x-1-x-36m.-20141.jpg","contentUrl":"https:\/\/www.plataformadeartecontemporaneo.com\/pac\/wp-content\/uploads\/2014\/09\/IgnacioBautista-Mutiu-Ensayo-y-caida-N\u00ba1-prueba-y-error.-Madera-policromada.-7-x-1-x-36m.-20141.jpg","width":874,"height":600},{"@type":"BreadcrumbList","@id":"https:\/\/www.plataformadeartecontemporaneo.com\/pac\/_fueradecodigo_-en-la-galeria-angeles-banos\/#breadcrumb","itemListElement":[{"@type":"ListItem","position":1,"name":"Portada","item":"https:\/\/www.plataformadeartecontemporaneo.com\/pac\/"},{"@type":"ListItem","position":2,"name":"_FueraDeC\u00f3digo_ en la Galer\u00eda \u00c1ngeles Ba\u00f1os"}]},{"@type":"WebSite","@id":"https:\/\/www.plataformadeartecontemporaneo.com\/pac\/#website","url":"https:\/\/www.plataformadeartecontemporaneo.com\/pac\/","name":"PAC","description":"Plataforma de Arte Contempor\u00e1neo","publisher":{"@id":"https:\/\/www.plataformadeartecontemporaneo.com\/pac\/#organization"},"potentialAction":[{"@type":"SearchAction","target":{"@type":"EntryPoint","urlTemplate":"https:\/\/www.plataformadeartecontemporaneo.com\/pac\/?s={search_term_string}"},"query-input":{"@type":"PropertyValueSpecification","valueRequired":true,"valueName":"search_term_string"}}],"inLanguage":"es"},{"@type":"Organization","@id":"https:\/\/www.plataformadeartecontemporaneo.com\/pac\/#organization","name":"PAC","url":"https:\/\/www.plataformadeartecontemporaneo.com\/pac\/","logo":{"@type":"ImageObject","inLanguage":"es","@id":"https:\/\/www.plataformadeartecontemporaneo.com\/pac\/#\/schema\/logo\/image\/","url":"https:\/\/www.plataformadeartecontemporaneo.com\/pac\/wp-content\/uploads\/2020\/10\/LOGO-PAC-FOOTER-TRANSPARENTE.png","contentUrl":"https:\/\/www.plataformadeartecontemporaneo.com\/pac\/wp-content\/uploads\/2020\/10\/LOGO-PAC-FOOTER-TRANSPARENTE.png","width":200,"height":48,"caption":"PAC"},"image":{"@id":"https:\/\/www.plataformadeartecontemporaneo.com\/pac\/#\/schema\/logo\/image\/"}},{"@type":"Person","@id":"https:\/\/www.plataformadeartecontemporaneo.com\/pac\/#\/schema\/person\/1000a254d6e3294f80e1bdfcb17c205c","name":"Oscar Garcia Garcia","image":{"@type":"ImageObject","inLanguage":"es","@id":"https:\/\/secure.gravatar.com\/avatar\/79b6fa3c23c1a1052e0da1a947471cce4118465f4e5fd687792f052e187a833d?s=96&d=wp_user_avatar&r=g","url":"https:\/\/secure.gravatar.com\/avatar\/79b6fa3c23c1a1052e0da1a947471cce4118465f4e5fd687792f052e187a833d?s=96&d=wp_user_avatar&r=g","contentUrl":"https:\/\/secure.gravatar.com\/avatar\/79b6fa3c23c1a1052e0da1a947471cce4118465f4e5fd687792f052e187a833d?s=96&d=wp_user_avatar&r=g","caption":"Oscar Garcia Garcia"},"description":"Comisario independiente \/\/ Co-Fundador de PAC Plataforma de Arte Contempor\u00e1neo \/\/ Director de JustMAD Art Fair y JustLX \/\/ Autor del libro: Dios Salve el Arte Contempor\u00e1neo","sameAs":["https:\/\/www.planetadelibros.com\/libro-dios-salve-el-arte-contemporaneo\/300020"],"url":"https:\/\/www.plataformadeartecontemporaneo.com\/pac\/author\/oscar\/"}]}},"_links":{"self":[{"href":"https:\/\/www.plataformadeartecontemporaneo.com\/pac\/wp-json\/wp\/v2\/posts\/30460","targetHints":{"allow":["GET"]}}],"collection":[{"href":"https:\/\/www.plataformadeartecontemporaneo.com\/pac\/wp-json\/wp\/v2\/posts"}],"about":[{"href":"https:\/\/www.plataformadeartecontemporaneo.com\/pac\/wp-json\/wp\/v2\/types\/post"}],"author":[{"embeddable":true,"href":"https:\/\/www.plataformadeartecontemporaneo.com\/pac\/wp-json\/wp\/v2\/users\/2"}],"replies":[{"embeddable":true,"href":"https:\/\/www.plataformadeartecontemporaneo.com\/pac\/wp-json\/wp\/v2\/comments?post=30460"}],"version-history":[{"count":3,"href":"https:\/\/www.plataformadeartecontemporaneo.com\/pac\/wp-json\/wp\/v2\/posts\/30460\/revisions"}],"predecessor-version":[{"id":30491,"href":"https:\/\/www.plataformadeartecontemporaneo.com\/pac\/wp-json\/wp\/v2\/posts\/30460\/revisions\/30491"}],"wp:featuredmedia":[{"embeddable":true,"href":"https:\/\/www.plataformadeartecontemporaneo.com\/pac\/wp-json\/wp\/v2\/media\/30487"}],"wp:attachment":[{"href":"https:\/\/www.plataformadeartecontemporaneo.com\/pac\/wp-json\/wp\/v2\/media?parent=30460"}],"wp:term":[{"taxonomy":"category","embeddable":true,"href":"https:\/\/www.plataformadeartecontemporaneo.com\/pac\/wp-json\/wp\/v2\/categories?post=30460"},{"taxonomy":"post_tag","embeddable":true,"href":"https:\/\/www.plataformadeartecontemporaneo.com\/pac\/wp-json\/wp\/v2\/tags?post=30460"}],"curies":[{"name":"wp","href":"https:\/\/api.w.org\/{rel}","templated":true}]}}