




{"id":31218,"date":"2014-09-19T07:00:14","date_gmt":"2014-09-19T05:00:14","guid":{"rendered":"http:\/\/www.plataformadeartecontemporaneo.com\/pac\/?p=31218"},"modified":"2016-06-02T23:05:58","modified_gmt":"2016-06-02T21:05:58","slug":"summa-art-fair-2014","status":"publish","type":"post","link":"https:\/\/www.plataformadeartecontemporaneo.com\/pac\/summa-art-fair-2014\/","title":{"rendered":"Recorrido por SUMMA ART FAIR 2014"},"content":{"rendered":"<p style=\"text-align: justify;\">Acaba de comenzar la segunda edici\u00f3n de <a title=\"SUMMA\" href=\"http:\/\/www.plataformadeartecontemporaneo.com\/pac\/2a-edicion-summa-contemporary-feria-internacional-de-arte-madrid\/\" target=\"_blank\">SUMMA Art Fair<\/a>, que ocupar\u00e1 hasta el pr\u00f3ximo domingo 21 de septiembre la nave 16 de <a href=\"http:\/\/www.mataderomadrid.org\/ficha\/4656\/summa-art-fair.html\" target=\"_blank\">Matadero Madrid<\/a>. La feria cuenta con 60 expositores nacionales e internacionales que presentan \u2013en palabras de su director art\u00edstico Juan de Nieves- propuestas ajustadas al tiempo en que vivimos. Os invitamos a hacer un recorrido por lo que podemos encontrar este a\u00f1o.<\/p>\n<p style=\"text-align: justify;\"><a href=\"http:\/\/www.plataformadeartecontemporaneo.com\/pac\/wp-content\/uploads\/2014\/09\/DSCN1463.jpg\"><img fetchpriority=\"high\" decoding=\"async\" class=\"aligncenter size-large wp-image-31220\" src=\"http:\/\/www.plataformadeartecontemporaneo.com\/pac\/wp-content\/uploads\/2014\/09\/DSCN1463-500x375.jpg\" alt=\"SUMMA 2014\" width=\"500\" height=\"375\" srcset=\"https:\/\/www.plataformadeartecontemporaneo.com\/pac\/wp-content\/uploads\/2014\/09\/DSCN1463-500x375.jpg 500w, https:\/\/www.plataformadeartecontemporaneo.com\/pac\/wp-content\/uploads\/2014\/09\/DSCN1463-466x349.jpg 466w, https:\/\/www.plataformadeartecontemporaneo.com\/pac\/wp-content\/uploads\/2014\/09\/DSCN1463-255x190.jpg 255w, https:\/\/www.plataformadeartecontemporaneo.com\/pac\/wp-content\/uploads\/2014\/09\/DSCN1463-470x352.jpg 470w, https:\/\/www.plataformadeartecontemporaneo.com\/pac\/wp-content\/uploads\/2014\/09\/DSCN1463-325x243.jpg 325w, https:\/\/www.plataformadeartecontemporaneo.com\/pac\/wp-content\/uploads\/2014\/09\/DSCN1463-80x60.jpg 80w, https:\/\/www.plataformadeartecontemporaneo.com\/pac\/wp-content\/uploads\/2014\/09\/DSCN1463.jpg 800w\" sizes=\"(max-width: 500px) 100vw, 500px\" \/><\/a><\/p>\n<p style=\"text-align: justify;\"><a href=\"http:\/\/www.plataformadeartecontemporaneo.com\/pac\/wp-content\/uploads\/2014\/09\/31.jpg\"><img decoding=\"async\" class=\"aligncenter size-large wp-image-31222\" src=\"http:\/\/www.plataformadeartecontemporaneo.com\/pac\/wp-content\/uploads\/2014\/09\/31-500x356.jpg\" alt=\"SUMMA 2014\" width=\"500\" height=\"356\" srcset=\"https:\/\/www.plataformadeartecontemporaneo.com\/pac\/wp-content\/uploads\/2014\/09\/31-500x356.jpg 500w, https:\/\/www.plataformadeartecontemporaneo.com\/pac\/wp-content\/uploads\/2014\/09\/31-466x332.jpg 466w, https:\/\/www.plataformadeartecontemporaneo.com\/pac\/wp-content\/uploads\/2014\/09\/31-470x334.jpg 470w, https:\/\/www.plataformadeartecontemporaneo.com\/pac\/wp-content\/uploads\/2014\/09\/31-325x231.jpg 325w, https:\/\/www.plataformadeartecontemporaneo.com\/pac\/wp-content\/uploads\/2014\/09\/31.jpg 842w\" sizes=\"(max-width: 500px) 100vw, 500px\" \/><\/a><\/p>\n<p style=\"text-align: justify;\"><a href=\"http:\/\/www.plataformadeartecontemporaneo.com\/pac\/wp-content\/uploads\/2014\/09\/6.jpg\"><img decoding=\"async\" class=\"aligncenter size-large wp-image-31223\" src=\"http:\/\/www.plataformadeartecontemporaneo.com\/pac\/wp-content\/uploads\/2014\/09\/6-500x361.jpg\" alt=\"SUMMA 2014\" width=\"500\" height=\"361\" srcset=\"https:\/\/www.plataformadeartecontemporaneo.com\/pac\/wp-content\/uploads\/2014\/09\/6-500x361.jpg 500w, https:\/\/www.plataformadeartecontemporaneo.com\/pac\/wp-content\/uploads\/2014\/09\/6-466x336.jpg 466w, https:\/\/www.plataformadeartecontemporaneo.com\/pac\/wp-content\/uploads\/2014\/09\/6-470x339.jpg 470w, https:\/\/www.plataformadeartecontemporaneo.com\/pac\/wp-content\/uploads\/2014\/09\/6-325x234.jpg 325w, https:\/\/www.plataformadeartecontemporaneo.com\/pac\/wp-content\/uploads\/2014\/09\/6.jpg 831w\" sizes=\"(max-width: 500px) 100vw, 500px\" \/><\/a><\/p>\n<p style=\"text-align: justify;\"><a href=\"http:\/\/www.plataformadeartecontemporaneo.com\/pac\/wp-content\/uploads\/2014\/09\/DSCN1344.jpg\"><img loading=\"lazy\" decoding=\"async\" class=\"aligncenter size-large wp-image-31225\" src=\"http:\/\/www.plataformadeartecontemporaneo.com\/pac\/wp-content\/uploads\/2014\/09\/DSCN1344-500x375.jpg\" alt=\"SUMMA 2014\" width=\"500\" height=\"375\" srcset=\"https:\/\/www.plataformadeartecontemporaneo.com\/pac\/wp-content\/uploads\/2014\/09\/DSCN1344-500x375.jpg 500w, https:\/\/www.plataformadeartecontemporaneo.com\/pac\/wp-content\/uploads\/2014\/09\/DSCN1344-466x349.jpg 466w, https:\/\/www.plataformadeartecontemporaneo.com\/pac\/wp-content\/uploads\/2014\/09\/DSCN1344-255x190.jpg 255w, https:\/\/www.plataformadeartecontemporaneo.com\/pac\/wp-content\/uploads\/2014\/09\/DSCN1344-470x352.jpg 470w, https:\/\/www.plataformadeartecontemporaneo.com\/pac\/wp-content\/uploads\/2014\/09\/DSCN1344-325x243.jpg 325w, https:\/\/www.plataformadeartecontemporaneo.com\/pac\/wp-content\/uploads\/2014\/09\/DSCN1344-80x60.jpg 80w, https:\/\/www.plataformadeartecontemporaneo.com\/pac\/wp-content\/uploads\/2014\/09\/DSCN1344.jpg 800w\" sizes=\"(max-width: 500px) 100vw, 500px\" \/><\/a><\/p>\n<p style=\"text-align: justify;\"><a href=\"http:\/\/www.plataformadeartecontemporaneo.com\/pac\/wp-content\/uploads\/2014\/09\/DSCN1472.jpg\"><img loading=\"lazy\" decoding=\"async\" class=\"aligncenter size-large wp-image-31226\" src=\"http:\/\/www.plataformadeartecontemporaneo.com\/pac\/wp-content\/uploads\/2014\/09\/DSCN1472-500x375.jpg\" alt=\"SUMMA 2014\" width=\"500\" height=\"375\" srcset=\"https:\/\/www.plataformadeartecontemporaneo.com\/pac\/wp-content\/uploads\/2014\/09\/DSCN1472-500x375.jpg 500w, https:\/\/www.plataformadeartecontemporaneo.com\/pac\/wp-content\/uploads\/2014\/09\/DSCN1472-466x349.jpg 466w, https:\/\/www.plataformadeartecontemporaneo.com\/pac\/wp-content\/uploads\/2014\/09\/DSCN1472-255x190.jpg 255w, https:\/\/www.plataformadeartecontemporaneo.com\/pac\/wp-content\/uploads\/2014\/09\/DSCN1472-470x352.jpg 470w, https:\/\/www.plataformadeartecontemporaneo.com\/pac\/wp-content\/uploads\/2014\/09\/DSCN1472-325x243.jpg 325w, https:\/\/www.plataformadeartecontemporaneo.com\/pac\/wp-content\/uploads\/2014\/09\/DSCN1472-80x60.jpg 80w, https:\/\/www.plataformadeartecontemporaneo.com\/pac\/wp-content\/uploads\/2014\/09\/DSCN1472.jpg 800w\" sizes=\"(max-width: 500px) 100vw, 500px\" \/><\/a><\/p>\n<p style=\"text-align: justify;\"><a href=\"http:\/\/www.plataformadeartecontemporaneo.com\/pac\/wp-content\/uploads\/2014\/09\/DSCN1407.jpg\"><img loading=\"lazy\" decoding=\"async\" class=\"aligncenter size-large wp-image-31228\" src=\"http:\/\/www.plataformadeartecontemporaneo.com\/pac\/wp-content\/uploads\/2014\/09\/DSCN1407-500x375.jpg\" alt=\"SUMMA 2014\" width=\"500\" height=\"375\" srcset=\"https:\/\/www.plataformadeartecontemporaneo.com\/pac\/wp-content\/uploads\/2014\/09\/DSCN1407-500x375.jpg 500w, https:\/\/www.plataformadeartecontemporaneo.com\/pac\/wp-content\/uploads\/2014\/09\/DSCN1407-466x349.jpg 466w, https:\/\/www.plataformadeartecontemporaneo.com\/pac\/wp-content\/uploads\/2014\/09\/DSCN1407-255x190.jpg 255w, https:\/\/www.plataformadeartecontemporaneo.com\/pac\/wp-content\/uploads\/2014\/09\/DSCN1407-470x352.jpg 470w, https:\/\/www.plataformadeartecontemporaneo.com\/pac\/wp-content\/uploads\/2014\/09\/DSCN1407-325x243.jpg 325w, https:\/\/www.plataformadeartecontemporaneo.com\/pac\/wp-content\/uploads\/2014\/09\/DSCN1407-80x60.jpg 80w, https:\/\/www.plataformadeartecontemporaneo.com\/pac\/wp-content\/uploads\/2014\/09\/DSCN1407.jpg 800w\" sizes=\"(max-width: 500px) 100vw, 500px\" \/><\/a><\/p>\n<p style=\"text-align: justify;\"><a href=\"http:\/\/www.plataformadeartecontemporaneo.com\/pac\/wp-content\/uploads\/2014\/09\/DSCN1363.jpg\"><img loading=\"lazy\" decoding=\"async\" class=\"aligncenter size-large wp-image-31230\" src=\"http:\/\/www.plataformadeartecontemporaneo.com\/pac\/wp-content\/uploads\/2014\/09\/DSCN1363-450x600.jpg\" alt=\"SUMMA 2014\" width=\"450\" height=\"600\" srcset=\"https:\/\/www.plataformadeartecontemporaneo.com\/pac\/wp-content\/uploads\/2014\/09\/DSCN1363-450x600.jpg 450w, https:\/\/www.plataformadeartecontemporaneo.com\/pac\/wp-content\/uploads\/2014\/09\/DSCN1363-470x626.jpg 470w, https:\/\/www.plataformadeartecontemporaneo.com\/pac\/wp-content\/uploads\/2014\/09\/DSCN1363-325x433.jpg 325w, https:\/\/www.plataformadeartecontemporaneo.com\/pac\/wp-content\/uploads\/2014\/09\/DSCN1363.jpg 600w\" sizes=\"(max-width: 450px) 100vw, 450px\" \/><\/a><\/p>\n<p style=\"text-align: justify;\"><a href=\"http:\/\/www.plataformadeartecontemporaneo.com\/pac\/wp-content\/uploads\/2014\/09\/DSCN1362.jpg\"><img loading=\"lazy\" decoding=\"async\" class=\"aligncenter size-large wp-image-31231\" src=\"http:\/\/www.plataformadeartecontemporaneo.com\/pac\/wp-content\/uploads\/2014\/09\/DSCN1362-500x375.jpg\" alt=\"SUMMA 2014\" width=\"500\" height=\"375\" srcset=\"https:\/\/www.plataformadeartecontemporaneo.com\/pac\/wp-content\/uploads\/2014\/09\/DSCN1362-500x375.jpg 500w, https:\/\/www.plataformadeartecontemporaneo.com\/pac\/wp-content\/uploads\/2014\/09\/DSCN1362-466x349.jpg 466w, https:\/\/www.plataformadeartecontemporaneo.com\/pac\/wp-content\/uploads\/2014\/09\/DSCN1362-255x190.jpg 255w, https:\/\/www.plataformadeartecontemporaneo.com\/pac\/wp-content\/uploads\/2014\/09\/DSCN1362-470x352.jpg 470w, https:\/\/www.plataformadeartecontemporaneo.com\/pac\/wp-content\/uploads\/2014\/09\/DSCN1362-325x243.jpg 325w, https:\/\/www.plataformadeartecontemporaneo.com\/pac\/wp-content\/uploads\/2014\/09\/DSCN1362-80x60.jpg 80w, https:\/\/www.plataformadeartecontemporaneo.com\/pac\/wp-content\/uploads\/2014\/09\/DSCN1362.jpg 800w\" sizes=\"(max-width: 500px) 100vw, 500px\" \/><\/a><\/p>\n<p>[flickrset id=&#8221;72157647346352157&#8243; images_height=&#8221;350&#8243;]<\/p>\n","protected":false},"excerpt":{"rendered":"<div class=\"tmnf_excerpt\"><p>Acaba de comenzar la segunda edici\u00f3n de SUMMA Art Fair, que ocupar\u00e1 hasta el pr\u00f3ximo domingo 21 de septiembre la nave 16 de Matadero Madrid. La feria cuenta con 60 expositores nacionales e internacionales que presentan \u2013en palabras de su director art\u00edstico Juan de Nieves- propuestas ajustadas al tiempo en que vivimos. Os invitamos a &hellip;<\/p>\n<\/div>","protected":false},"author":3,"featured_media":31230,"comment_status":"open","ping_status":"open","sticky":false,"template":"","format":"standard","meta":{"footnotes":""},"categories":[90,43,4544],"tags":[4655,4831,2927],"class_list":["post-31218","post","type-post","status-publish","format-standard","has-post-thumbnail","hentry","category-ferias","category-madrid","category-pac-on-tour","tag-pacontour","tag-pac-on-tour-2","tag-summa"],"yoast_head":"<!-- This site is optimized with the Yoast SEO plugin v27.4 - https:\/\/yoast.com\/product\/yoast-seo-wordpress\/ -->\n<title>PAC | Recorrido por SUMMA ART FAIR 2014<\/title>\n<meta name=\"description\" content=\"Te invitamos a recorrer con im\u00e1genes la segunda edici\u00f3n de SUMMA Art Fair , una feria de arte que ocupa la nave 16 de Matadero Madrid\" \/>\n<meta name=\"robots\" content=\"index, follow, max-snippet:-1, max-image-preview:large, max-video-preview:-1\" \/>\n<link rel=\"canonical\" href=\"https:\/\/www.plataformadeartecontemporaneo.com\/pac\/summa-art-fair-2014\/\" \/>\n<meta property=\"og:locale\" content=\"es_ES\" \/>\n<meta property=\"og:type\" content=\"article\" \/>\n<meta property=\"og:title\" content=\"PAC | Recorrido por SUMMA ART FAIR 2014\" \/>\n<meta property=\"og:description\" content=\"Te invitamos a recorrer con im\u00e1genes la segunda edici\u00f3n de SUMMA Art Fair , una feria de arte que ocupa la nave 16 de Matadero Madrid\" \/>\n<meta property=\"og:url\" content=\"https:\/\/www.plataformadeartecontemporaneo.com\/pac\/summa-art-fair-2014\/\" \/>\n<meta property=\"og:site_name\" content=\"PAC\" \/>\n<meta property=\"article:published_time\" content=\"2014-09-19T05:00:14+00:00\" \/>\n<meta property=\"article:modified_time\" content=\"2016-06-02T21:05:58+00:00\" \/>\n<meta property=\"og:image\" content=\"https:\/\/www.plataformadeartecontemporaneo.com\/pac\/wp-content\/uploads\/2014\/09\/DSCN1363.jpg\" \/>\n\t<meta property=\"og:image:width\" content=\"600\" \/>\n\t<meta property=\"og:image:height\" content=\"800\" \/>\n\t<meta property=\"og:image:type\" content=\"image\/jpeg\" \/>\n<meta name=\"author\" content=\"Sara Torres Sif\u00f3n\" \/>\n<meta name=\"twitter:label1\" content=\"Escrito por\" \/>\n\t<meta name=\"twitter:data1\" content=\"Sara Torres Sif\u00f3n\" \/>\n<script type=\"application\/ld+json\" class=\"yoast-schema-graph\">{\"@context\":\"https:\\\/\\\/schema.org\",\"@graph\":[{\"@type\":\"Article\",\"@id\":\"https:\\\/\\\/www.plataformadeartecontemporaneo.com\\\/pac\\\/summa-art-fair-2014\\\/#article\",\"isPartOf\":{\"@id\":\"https:\\\/\\\/www.plataformadeartecontemporaneo.com\\\/pac\\\/summa-art-fair-2014\\\/\"},\"author\":{\"name\":\"Sara Torres Sif\u00f3n\",\"@id\":\"https:\\\/\\\/www.plataformadeartecontemporaneo.com\\\/pac\\\/#\\\/schema\\\/person\\\/c9f47d02f1c69d24c7435c36a2bb45b6\"},\"headline\":\"Recorrido por SUMMA ART FAIR 2014\",\"datePublished\":\"2014-09-19T05:00:14+00:00\",\"dateModified\":\"2016-06-02T21:05:58+00:00\",\"mainEntityOfPage\":{\"@id\":\"https:\\\/\\\/www.plataformadeartecontemporaneo.com\\\/pac\\\/summa-art-fair-2014\\\/\"},\"wordCount\":75,\"commentCount\":1,\"publisher\":{\"@id\":\"https:\\\/\\\/www.plataformadeartecontemporaneo.com\\\/pac\\\/#organization\"},\"image\":{\"@id\":\"https:\\\/\\\/www.plataformadeartecontemporaneo.com\\\/pac\\\/summa-art-fair-2014\\\/#primaryimage\"},\"thumbnailUrl\":\"https:\\\/\\\/www.plataformadeartecontemporaneo.com\\\/pac\\\/wp-content\\\/uploads\\\/2014\\\/09\\\/DSCN1363.jpg\",\"keywords\":[\"#PAConTour\",\"PAC ON TOUR\",\"SUMMA\"],\"articleSection\":[\"Ferias\",\"Madrid\",\"PAC on Tour\"],\"inLanguage\":\"es\",\"potentialAction\":[{\"@type\":\"CommentAction\",\"name\":\"Comment\",\"target\":[\"https:\\\/\\\/www.plataformadeartecontemporaneo.com\\\/pac\\\/summa-art-fair-2014\\\/#respond\"]}]},{\"@type\":\"WebPage\",\"@id\":\"https:\\\/\\\/www.plataformadeartecontemporaneo.com\\\/pac\\\/summa-art-fair-2014\\\/\",\"url\":\"https:\\\/\\\/www.plataformadeartecontemporaneo.com\\\/pac\\\/summa-art-fair-2014\\\/\",\"name\":\"PAC | Recorrido por SUMMA ART FAIR 2014\",\"isPartOf\":{\"@id\":\"https:\\\/\\\/www.plataformadeartecontemporaneo.com\\\/pac\\\/#website\"},\"primaryImageOfPage\":{\"@id\":\"https:\\\/\\\/www.plataformadeartecontemporaneo.com\\\/pac\\\/summa-art-fair-2014\\\/#primaryimage\"},\"image\":{\"@id\":\"https:\\\/\\\/www.plataformadeartecontemporaneo.com\\\/pac\\\/summa-art-fair-2014\\\/#primaryimage\"},\"thumbnailUrl\":\"https:\\\/\\\/www.plataformadeartecontemporaneo.com\\\/pac\\\/wp-content\\\/uploads\\\/2014\\\/09\\\/DSCN1363.jpg\",\"datePublished\":\"2014-09-19T05:00:14+00:00\",\"dateModified\":\"2016-06-02T21:05:58+00:00\",\"description\":\"Te invitamos a recorrer con im\u00e1genes la segunda edici\u00f3n de SUMMA Art Fair , una feria de arte que ocupa la nave 16 de Matadero Madrid\",\"breadcrumb\":{\"@id\":\"https:\\\/\\\/www.plataformadeartecontemporaneo.com\\\/pac\\\/summa-art-fair-2014\\\/#breadcrumb\"},\"inLanguage\":\"es\",\"potentialAction\":[{\"@type\":\"ReadAction\",\"target\":[\"https:\\\/\\\/www.plataformadeartecontemporaneo.com\\\/pac\\\/summa-art-fair-2014\\\/\"]}]},{\"@type\":\"ImageObject\",\"inLanguage\":\"es\",\"@id\":\"https:\\\/\\\/www.plataformadeartecontemporaneo.com\\\/pac\\\/summa-art-fair-2014\\\/#primaryimage\",\"url\":\"https:\\\/\\\/www.plataformadeartecontemporaneo.com\\\/pac\\\/wp-content\\\/uploads\\\/2014\\\/09\\\/DSCN1363.jpg\",\"contentUrl\":\"https:\\\/\\\/www.plataformadeartecontemporaneo.com\\\/pac\\\/wp-content\\\/uploads\\\/2014\\\/09\\\/DSCN1363.jpg\",\"width\":600,\"height\":800,\"caption\":\"SUMMA ART FAIR\"},{\"@type\":\"BreadcrumbList\",\"@id\":\"https:\\\/\\\/www.plataformadeartecontemporaneo.com\\\/pac\\\/summa-art-fair-2014\\\/#breadcrumb\",\"itemListElement\":[{\"@type\":\"ListItem\",\"position\":1,\"name\":\"Portada\",\"item\":\"https:\\\/\\\/www.plataformadeartecontemporaneo.com\\\/pac\\\/\"},{\"@type\":\"ListItem\",\"position\":2,\"name\":\"Recorrido por SUMMA ART FAIR 2014\"}]},{\"@type\":\"WebSite\",\"@id\":\"https:\\\/\\\/www.plataformadeartecontemporaneo.com\\\/pac\\\/#website\",\"url\":\"https:\\\/\\\/www.plataformadeartecontemporaneo.com\\\/pac\\\/\",\"name\":\"PAC\",\"description\":\"Plataforma de Arte Contempor\u00e1neo\",\"publisher\":{\"@id\":\"https:\\\/\\\/www.plataformadeartecontemporaneo.com\\\/pac\\\/#organization\"},\"potentialAction\":[{\"@type\":\"SearchAction\",\"target\":{\"@type\":\"EntryPoint\",\"urlTemplate\":\"https:\\\/\\\/www.plataformadeartecontemporaneo.com\\\/pac\\\/?s={search_term_string}\"},\"query-input\":{\"@type\":\"PropertyValueSpecification\",\"valueRequired\":true,\"valueName\":\"search_term_string\"}}],\"inLanguage\":\"es\"},{\"@type\":\"Organization\",\"@id\":\"https:\\\/\\\/www.plataformadeartecontemporaneo.com\\\/pac\\\/#organization\",\"name\":\"PAC\",\"url\":\"https:\\\/\\\/www.plataformadeartecontemporaneo.com\\\/pac\\\/\",\"logo\":{\"@type\":\"ImageObject\",\"inLanguage\":\"es\",\"@id\":\"https:\\\/\\\/www.plataformadeartecontemporaneo.com\\\/pac\\\/#\\\/schema\\\/logo\\\/image\\\/\",\"url\":\"https:\\\/\\\/www.plataformadeartecontemporaneo.com\\\/pac\\\/wp-content\\\/uploads\\\/2020\\\/10\\\/LOGO-PAC-FOOTER-TRANSPARENTE.png\",\"contentUrl\":\"https:\\\/\\\/www.plataformadeartecontemporaneo.com\\\/pac\\\/wp-content\\\/uploads\\\/2020\\\/10\\\/LOGO-PAC-FOOTER-TRANSPARENTE.png\",\"width\":200,\"height\":48,\"caption\":\"PAC\"},\"image\":{\"@id\":\"https:\\\/\\\/www.plataformadeartecontemporaneo.com\\\/pac\\\/#\\\/schema\\\/logo\\\/image\\\/\"}},{\"@type\":\"Person\",\"@id\":\"https:\\\/\\\/www.plataformadeartecontemporaneo.com\\\/pac\\\/#\\\/schema\\\/person\\\/c9f47d02f1c69d24c7435c36a2bb45b6\",\"name\":\"Sara Torres Sif\u00f3n\",\"image\":{\"@type\":\"ImageObject\",\"inLanguage\":\"es\",\"@id\":\"https:\\\/\\\/www.plataformadeartecontemporaneo.com\\\/pac\\\/wp-content\\\/uploads\\\/2020\\\/03\\\/sara.jpg\",\"url\":\"https:\\\/\\\/www.plataformadeartecontemporaneo.com\\\/pac\\\/wp-content\\\/uploads\\\/2020\\\/03\\\/sara.jpg\",\"contentUrl\":\"https:\\\/\\\/www.plataformadeartecontemporaneo.com\\\/pac\\\/wp-content\\\/uploads\\\/2020\\\/03\\\/sara.jpg\",\"caption\":\"Sara Torres Sif\u00f3n\"},\"description\":\"Directora de PAC Plataforma de Arte Contempor\u00e1neo, cr\u00edtica de arte y comisaria de exposiciones. Es licenciada en Historia del Arte, especializada en Museograf\u00eda y montaje de exposiciones por la UCM.\",\"sameAs\":[\"https:\\\/\\\/www.instagram.com\\\/saratorressifon\\\/\"],\"url\":\"https:\\\/\\\/www.plataformadeartecontemporaneo.com\\\/pac\\\/author\\\/sara\\\/\"}]}<\/script>\n<!-- \/ Yoast SEO plugin. -->","yoast_head_json":{"title":"PAC | Recorrido por SUMMA ART FAIR 2014","description":"Te invitamos a recorrer con im\u00e1genes la segunda edici\u00f3n de SUMMA Art Fair , una feria de arte que ocupa la nave 16 de Matadero Madrid","robots":{"index":"index","follow":"follow","max-snippet":"max-snippet:-1","max-image-preview":"max-image-preview:large","max-video-preview":"max-video-preview:-1"},"canonical":"https:\/\/www.plataformadeartecontemporaneo.com\/pac\/summa-art-fair-2014\/","og_locale":"es_ES","og_type":"article","og_title":"PAC | Recorrido por SUMMA ART FAIR 2014","og_description":"Te invitamos a recorrer con im\u00e1genes la segunda edici\u00f3n de SUMMA Art Fair , una feria de arte que ocupa la nave 16 de Matadero Madrid","og_url":"https:\/\/www.plataformadeartecontemporaneo.com\/pac\/summa-art-fair-2014\/","og_site_name":"PAC","article_published_time":"2014-09-19T05:00:14+00:00","article_modified_time":"2016-06-02T21:05:58+00:00","og_image":[{"width":600,"height":800,"url":"https:\/\/www.plataformadeartecontemporaneo.com\/pac\/wp-content\/uploads\/2014\/09\/DSCN1363.jpg","type":"image\/jpeg"}],"author":"Sara Torres Sif\u00f3n","twitter_misc":{"Escrito por":"Sara Torres Sif\u00f3n"},"schema":{"@context":"https:\/\/schema.org","@graph":[{"@type":"Article","@id":"https:\/\/www.plataformadeartecontemporaneo.com\/pac\/summa-art-fair-2014\/#article","isPartOf":{"@id":"https:\/\/www.plataformadeartecontemporaneo.com\/pac\/summa-art-fair-2014\/"},"author":{"name":"Sara Torres Sif\u00f3n","@id":"https:\/\/www.plataformadeartecontemporaneo.com\/pac\/#\/schema\/person\/c9f47d02f1c69d24c7435c36a2bb45b6"},"headline":"Recorrido por SUMMA ART FAIR 2014","datePublished":"2014-09-19T05:00:14+00:00","dateModified":"2016-06-02T21:05:58+00:00","mainEntityOfPage":{"@id":"https:\/\/www.plataformadeartecontemporaneo.com\/pac\/summa-art-fair-2014\/"},"wordCount":75,"commentCount":1,"publisher":{"@id":"https:\/\/www.plataformadeartecontemporaneo.com\/pac\/#organization"},"image":{"@id":"https:\/\/www.plataformadeartecontemporaneo.com\/pac\/summa-art-fair-2014\/#primaryimage"},"thumbnailUrl":"https:\/\/www.plataformadeartecontemporaneo.com\/pac\/wp-content\/uploads\/2014\/09\/DSCN1363.jpg","keywords":["#PAConTour","PAC ON TOUR","SUMMA"],"articleSection":["Ferias","Madrid","PAC on Tour"],"inLanguage":"es","potentialAction":[{"@type":"CommentAction","name":"Comment","target":["https:\/\/www.plataformadeartecontemporaneo.com\/pac\/summa-art-fair-2014\/#respond"]}]},{"@type":"WebPage","@id":"https:\/\/www.plataformadeartecontemporaneo.com\/pac\/summa-art-fair-2014\/","url":"https:\/\/www.plataformadeartecontemporaneo.com\/pac\/summa-art-fair-2014\/","name":"PAC | Recorrido por SUMMA ART FAIR 2014","isPartOf":{"@id":"https:\/\/www.plataformadeartecontemporaneo.com\/pac\/#website"},"primaryImageOfPage":{"@id":"https:\/\/www.plataformadeartecontemporaneo.com\/pac\/summa-art-fair-2014\/#primaryimage"},"image":{"@id":"https:\/\/www.plataformadeartecontemporaneo.com\/pac\/summa-art-fair-2014\/#primaryimage"},"thumbnailUrl":"https:\/\/www.plataformadeartecontemporaneo.com\/pac\/wp-content\/uploads\/2014\/09\/DSCN1363.jpg","datePublished":"2014-09-19T05:00:14+00:00","dateModified":"2016-06-02T21:05:58+00:00","description":"Te invitamos a recorrer con im\u00e1genes la segunda edici\u00f3n de SUMMA Art Fair , una feria de arte que ocupa la nave 16 de Matadero Madrid","breadcrumb":{"@id":"https:\/\/www.plataformadeartecontemporaneo.com\/pac\/summa-art-fair-2014\/#breadcrumb"},"inLanguage":"es","potentialAction":[{"@type":"ReadAction","target":["https:\/\/www.plataformadeartecontemporaneo.com\/pac\/summa-art-fair-2014\/"]}]},{"@type":"ImageObject","inLanguage":"es","@id":"https:\/\/www.plataformadeartecontemporaneo.com\/pac\/summa-art-fair-2014\/#primaryimage","url":"https:\/\/www.plataformadeartecontemporaneo.com\/pac\/wp-content\/uploads\/2014\/09\/DSCN1363.jpg","contentUrl":"https:\/\/www.plataformadeartecontemporaneo.com\/pac\/wp-content\/uploads\/2014\/09\/DSCN1363.jpg","width":600,"height":800,"caption":"SUMMA ART FAIR"},{"@type":"BreadcrumbList","@id":"https:\/\/www.plataformadeartecontemporaneo.com\/pac\/summa-art-fair-2014\/#breadcrumb","itemListElement":[{"@type":"ListItem","position":1,"name":"Portada","item":"https:\/\/www.plataformadeartecontemporaneo.com\/pac\/"},{"@type":"ListItem","position":2,"name":"Recorrido por SUMMA ART FAIR 2014"}]},{"@type":"WebSite","@id":"https:\/\/www.plataformadeartecontemporaneo.com\/pac\/#website","url":"https:\/\/www.plataformadeartecontemporaneo.com\/pac\/","name":"PAC","description":"Plataforma de Arte Contempor\u00e1neo","publisher":{"@id":"https:\/\/www.plataformadeartecontemporaneo.com\/pac\/#organization"},"potentialAction":[{"@type":"SearchAction","target":{"@type":"EntryPoint","urlTemplate":"https:\/\/www.plataformadeartecontemporaneo.com\/pac\/?s={search_term_string}"},"query-input":{"@type":"PropertyValueSpecification","valueRequired":true,"valueName":"search_term_string"}}],"inLanguage":"es"},{"@type":"Organization","@id":"https:\/\/www.plataformadeartecontemporaneo.com\/pac\/#organization","name":"PAC","url":"https:\/\/www.plataformadeartecontemporaneo.com\/pac\/","logo":{"@type":"ImageObject","inLanguage":"es","@id":"https:\/\/www.plataformadeartecontemporaneo.com\/pac\/#\/schema\/logo\/image\/","url":"https:\/\/www.plataformadeartecontemporaneo.com\/pac\/wp-content\/uploads\/2020\/10\/LOGO-PAC-FOOTER-TRANSPARENTE.png","contentUrl":"https:\/\/www.plataformadeartecontemporaneo.com\/pac\/wp-content\/uploads\/2020\/10\/LOGO-PAC-FOOTER-TRANSPARENTE.png","width":200,"height":48,"caption":"PAC"},"image":{"@id":"https:\/\/www.plataformadeartecontemporaneo.com\/pac\/#\/schema\/logo\/image\/"}},{"@type":"Person","@id":"https:\/\/www.plataformadeartecontemporaneo.com\/pac\/#\/schema\/person\/c9f47d02f1c69d24c7435c36a2bb45b6","name":"Sara Torres Sif\u00f3n","image":{"@type":"ImageObject","inLanguage":"es","@id":"https:\/\/www.plataformadeartecontemporaneo.com\/pac\/wp-content\/uploads\/2020\/03\/sara.jpg","url":"https:\/\/www.plataformadeartecontemporaneo.com\/pac\/wp-content\/uploads\/2020\/03\/sara.jpg","contentUrl":"https:\/\/www.plataformadeartecontemporaneo.com\/pac\/wp-content\/uploads\/2020\/03\/sara.jpg","caption":"Sara Torres Sif\u00f3n"},"description":"Directora de PAC Plataforma de Arte Contempor\u00e1neo, cr\u00edtica de arte y comisaria de exposiciones. Es licenciada en Historia del Arte, especializada en Museograf\u00eda y montaje de exposiciones por la UCM.","sameAs":["https:\/\/www.instagram.com\/saratorressifon\/"],"url":"https:\/\/www.plataformadeartecontemporaneo.com\/pac\/author\/sara\/"}]}},"_links":{"self":[{"href":"https:\/\/www.plataformadeartecontemporaneo.com\/pac\/wp-json\/wp\/v2\/posts\/31218","targetHints":{"allow":["GET"]}}],"collection":[{"href":"https:\/\/www.plataformadeartecontemporaneo.com\/pac\/wp-json\/wp\/v2\/posts"}],"about":[{"href":"https:\/\/www.plataformadeartecontemporaneo.com\/pac\/wp-json\/wp\/v2\/types\/post"}],"author":[{"embeddable":true,"href":"https:\/\/www.plataformadeartecontemporaneo.com\/pac\/wp-json\/wp\/v2\/users\/3"}],"replies":[{"embeddable":true,"href":"https:\/\/www.plataformadeartecontemporaneo.com\/pac\/wp-json\/wp\/v2\/comments?post=31218"}],"version-history":[{"count":25,"href":"https:\/\/www.plataformadeartecontemporaneo.com\/pac\/wp-json\/wp\/v2\/posts\/31218\/revisions"}],"predecessor-version":[{"id":41084,"href":"https:\/\/www.plataformadeartecontemporaneo.com\/pac\/wp-json\/wp\/v2\/posts\/31218\/revisions\/41084"}],"wp:featuredmedia":[{"embeddable":true,"href":"https:\/\/www.plataformadeartecontemporaneo.com\/pac\/wp-json\/wp\/v2\/media\/31230"}],"wp:attachment":[{"href":"https:\/\/www.plataformadeartecontemporaneo.com\/pac\/wp-json\/wp\/v2\/media?parent=31218"}],"wp:term":[{"taxonomy":"category","embeddable":true,"href":"https:\/\/www.plataformadeartecontemporaneo.com\/pac\/wp-json\/wp\/v2\/categories?post=31218"},{"taxonomy":"post_tag","embeddable":true,"href":"https:\/\/www.plataformadeartecontemporaneo.com\/pac\/wp-json\/wp\/v2\/tags?post=31218"}],"curies":[{"name":"wp","href":"https:\/\/api.w.org\/{rel}","templated":true}]}}