




{"id":34757,"date":"2015-04-09T07:00:38","date_gmt":"2015-04-09T05:00:38","guid":{"rendered":"http:\/\/www.plataformadeartecontemporaneo.com\/pac\/?p=34757"},"modified":"2015-04-08T21:25:50","modified_gmt":"2015-04-08T19:25:50","slug":"david-cata-dejame-volar","status":"publish","type":"post","link":"https:\/\/www.plataformadeartecontemporaneo.com\/pac\/david-cata-dejame-volar\/","title":{"rendered":"David Cat\u00e1: D\u00e9jame Volar"},"content":{"rendered":"<p style=\"text-align: justify;\">\u201c<em>Hay que haber empezado a perder la memoria, aunque sea s\u00f3lo a retazos, para darse cuenta de que esta memoria es lo que constituye toda nuestra vida. Una vida sin memoria no ser\u00eda vida&#8230; Nuestra memoria es nuestra coherencia, nuestra raz\u00f3n, nuestra acci\u00f3n, nuestro sentimiento. Sin ella, no somos nada\u2026\u201d<\/em><sub>1<\/sub><\/p>\n<p style=\"text-align: justify;\"><a href=\"http:\/\/www.plataformadeartecontemporaneo.com\/pac\/wp-content\/uploads\/2015\/04\/Principal.jpg\"><img fetchpriority=\"high\" decoding=\"async\" class=\"aligncenter size-large wp-image-34836\" src=\"http:\/\/www.plataformadeartecontemporaneo.com\/pac\/wp-content\/uploads\/2015\/04\/Principal-500x304.jpg\" alt=\"David Cat\u00e1\" width=\"500\" height=\"304\" srcset=\"https:\/\/www.plataformadeartecontemporaneo.com\/pac\/wp-content\/uploads\/2015\/04\/Principal-500x304.jpg 500w, https:\/\/www.plataformadeartecontemporaneo.com\/pac\/wp-content\/uploads\/2015\/04\/Principal-466x283.jpg 466w, https:\/\/www.plataformadeartecontemporaneo.com\/pac\/wp-content\/uploads\/2015\/04\/Principal-470x286.jpg 470w, https:\/\/www.plataformadeartecontemporaneo.com\/pac\/wp-content\/uploads\/2015\/04\/Principal-325x197.jpg 325w, https:\/\/www.plataformadeartecontemporaneo.com\/pac\/wp-content\/uploads\/2015\/04\/Principal-100x60.jpg 100w, https:\/\/www.plataformadeartecontemporaneo.com\/pac\/wp-content\/uploads\/2015\/04\/Principal.jpg 986w\" sizes=\"(max-width: 500px) 100vw, 500px\" \/><\/a><\/p>\n<p style=\"text-align: justify;\">En la antigua Roma el peor castigo que alguien pod\u00eda recibir era la denominada Damnatio Memoriae, cuya ejecuci\u00f3n consist\u00eda en la absoluta desintegraci\u00f3n de cualquier trazo, imagen o texto que contribuyera a recordar al condenado. Arrojar a alguien al olvido era peor incluso que la muerte. El trabajo de <a href=\"http:\/\/davidcata.com\">David Cat\u00e1<\/a> (Viveiro -1988) gravita en torno al concepto de identidad. Sin memoria, sin recuerdos no existimos, nuestra construcci\u00f3n como individuos est\u00e1 edificada sobre momentos, lugares, sensaciones y personas que act\u00faan como cimientos, que sustentan lo que somos.<\/p>\n<p style=\"text-align: justify;\">De manera recurrente, la epidermis en Cat\u00e1 es experimentada como campo de batalla donde librar las guerras del olvido, pero si en sus anteriores trabajos, desde <strong>\u201cSegunda piel\u201d<\/strong> hasta <strong>\u201cCicatrices Abiertas\u201d<\/strong>, trataba de alg\u00fan modo de anclar esos recuerdos con hilo a la piel, retenerlos, obligarles a permanecer, en <strong>\u201cD\u00e9jame volar\u201d<\/strong> asistimos a un sutil cambio, las cicatrices han dejado paso a una suave brisa. Ahora las cipselas se posan ligeramente sobre cuerpos y objetos, nos hablan de la levedad y de la temporalidad, comprendiendo que por encima de nuestros deseos reina lo ef\u00edmero de la existencia, que no podemos retener esos momentos, que debemos dejarlos marchar, como el diente de le\u00f3n, arrastrados por el viento.<\/p>\n<p style=\"text-align: justify;\">[flickrset id=&#8221;72157649515944823&#8243; images_height=&#8221;375&#8243;]<\/p>\n<p style=\"text-align: justify;\">Estructurado en dos partes, las im\u00e1genes parecen querer atrapar en \u00e1mbar esos recuerdos, de una manera retorica y auto-reflexiva, antiguas instant\u00e1neas familiares transitan rutas selectivas y fragmentadas, participan de la afluencia de las plantas tambi\u00e9n en su superficie, en su particular piel. Un incendio marca la transici\u00f3n, el \u00e1lbum familiar en llamas insiste en la necesidad de seguir hacia delante, propiciando la entrada a una nueva serie de retratos que, participando de las mismas cualidades nos muestran un presente que en el futuro ser\u00e1 recuerdo.<\/p>\n<p style=\"text-align: justify;\">El artista ha elegido en esta ocasi\u00f3n, como medio para aglutinar sus trabajos<strong> \u201cD\u00e9jame volar\u201d<\/strong> y <strong>\u201cD\u00e9jame volar II\u201d<\/strong>, el <em>libro<\/em> como soporte de representaci\u00f3n. Elecci\u00f3n que proporciona un nuevo tipo de relaci\u00f3n entre la obra y el espectador, un nuevo modo contemplativo en el que una vez m\u00e1s la piel juega un papel determinante. Es ahora nuestra piel la que puede tocar la obra, que convertida en objeto, act\u00faa como depositario de la memoria por excelencia, y a\u00f1ade a la contemplaci\u00f3n una dimensi\u00f3n temporal, expresada en la ineludible y necesaria cadencia del pasar las hojas.<\/p>\n<p style=\"text-align: justify;\">Los \u00faltimos ejemplares del libro estar\u00e1n disponibles en la pr\u00f3xima Ferial del Libro de Autor (LUFT) el 31 de mayo: <a href=\"http:\/\/grundkreuz.com\">www.grundkreuz.com<\/a><\/p>\n<ol>\n<li style=\"text-align: justify;\">Luis Bu\u00f1uel \u2013 Mi \u00daltimo Suspiro \u2013 Debolsillo. 2012<\/li>\n<\/ol>\n","protected":false},"excerpt":{"rendered":"<div class=\"tmnf_excerpt\"><p>\u201cHay que haber empezado a perder la memoria, aunque sea s\u00f3lo a retazos, para darse cuenta de que esta memoria es lo que constituye toda nuestra vida. Una vida sin memoria no ser\u00eda vida&#8230; Nuestra memoria es nuestra coherencia, nuestra raz\u00f3n, nuestra acci\u00f3n, nuestro sentimiento. Sin ella, no somos nada\u2026\u201d1 En la antigua Roma el &hellip;<\/p>\n<\/div>","protected":false},"author":83,"featured_media":34836,"comment_status":"open","ping_status":"open","sticky":false,"template":"","format":"standard","meta":{"footnotes":""},"categories":[29,4359],"tags":[4012,9179,4121,5592],"class_list":["post-34757","post","type-post","status-publish","format-standard","has-post-thumbnail","hentry","category-fotografia","category-fotolibro","tag-david-cata","tag-fotografia","tag-memoria","tag-tiempo"],"yoast_head":"<!-- This site is optimized with the Yoast SEO plugin v27.4 - https:\/\/yoast.com\/product\/yoast-seo-wordpress\/ -->\n<title>PAC | David Cat\u00e1: D\u00e9jame Volar<\/title>\n<meta name=\"description\" content=\"El trabajo de David Cat\u00e1 gravita en torno al concepto de identidad. Sin memoria, sin recuerdos no existimos, sobre momentos, lugares, sensaciones y personas\" \/>\n<meta name=\"robots\" content=\"index, follow, max-snippet:-1, max-image-preview:large, max-video-preview:-1\" \/>\n<link rel=\"canonical\" href=\"https:\/\/www.plataformadeartecontemporaneo.com\/pac\/david-cata-dejame-volar\/\" \/>\n<meta property=\"og:locale\" content=\"es_ES\" \/>\n<meta property=\"og:type\" content=\"article\" \/>\n<meta property=\"og:title\" content=\"PAC | David Cat\u00e1: D\u00e9jame Volar\" \/>\n<meta property=\"og:description\" content=\"El trabajo de David Cat\u00e1 gravita en torno al concepto de identidad. Sin memoria, sin recuerdos no existimos, sobre momentos, lugares, sensaciones y personas\" \/>\n<meta property=\"og:url\" content=\"https:\/\/www.plataformadeartecontemporaneo.com\/pac\/david-cata-dejame-volar\/\" \/>\n<meta property=\"og:site_name\" content=\"PAC\" \/>\n<meta property=\"article:published_time\" content=\"2015-04-09T05:00:38+00:00\" \/>\n<meta property=\"og:image\" content=\"https:\/\/www.plataformadeartecontemporaneo.com\/pac\/wp-content\/uploads\/2015\/04\/Principal.jpg\" \/>\n\t<meta property=\"og:image:width\" content=\"986\" \/>\n\t<meta property=\"og:image:height\" content=\"600\" \/>\n\t<meta property=\"og:image:type\" content=\"image\/jpeg\" \/>\n<meta name=\"author\" content=\"Ricardo Recuero\" \/>\n<meta name=\"twitter:label1\" content=\"Escrito por\" \/>\n\t<meta name=\"twitter:data1\" content=\"Ricardo Recuero\" \/>\n\t<meta name=\"twitter:label2\" content=\"Tiempo de lectura\" \/>\n\t<meta name=\"twitter:data2\" content=\"2 minutos\" \/>\n<script type=\"application\/ld+json\" class=\"yoast-schema-graph\">{\"@context\":\"https:\\\/\\\/schema.org\",\"@graph\":[{\"@type\":\"Article\",\"@id\":\"https:\\\/\\\/www.plataformadeartecontemporaneo.com\\\/pac\\\/david-cata-dejame-volar\\\/#article\",\"isPartOf\":{\"@id\":\"https:\\\/\\\/www.plataformadeartecontemporaneo.com\\\/pac\\\/david-cata-dejame-volar\\\/\"},\"author\":{\"name\":\"Ricardo Recuero\",\"@id\":\"https:\\\/\\\/www.plataformadeartecontemporaneo.com\\\/pac\\\/#\\\/schema\\\/person\\\/d7e53675adc8166608a7036f1f8c56b2\"},\"headline\":\"David Cat\u00e1: D\u00e9jame Volar\",\"datePublished\":\"2015-04-09T05:00:38+00:00\",\"mainEntityOfPage\":{\"@id\":\"https:\\\/\\\/www.plataformadeartecontemporaneo.com\\\/pac\\\/david-cata-dejame-volar\\\/\"},\"wordCount\":503,\"commentCount\":0,\"publisher\":{\"@id\":\"https:\\\/\\\/www.plataformadeartecontemporaneo.com\\\/pac\\\/#organization\"},\"image\":{\"@id\":\"https:\\\/\\\/www.plataformadeartecontemporaneo.com\\\/pac\\\/david-cata-dejame-volar\\\/#primaryimage\"},\"thumbnailUrl\":\"https:\\\/\\\/www.plataformadeartecontemporaneo.com\\\/pac\\\/wp-content\\\/uploads\\\/2015\\\/04\\\/Principal.jpg\",\"keywords\":[\"David Cat\u00e1\",\"Fotograf\u00eda\",\"memoria\",\"Tiempo\"],\"articleSection\":[\"Fotograf\u00eda\",\"Fotolibro\"],\"inLanguage\":\"es\",\"potentialAction\":[{\"@type\":\"CommentAction\",\"name\":\"Comment\",\"target\":[\"https:\\\/\\\/www.plataformadeartecontemporaneo.com\\\/pac\\\/david-cata-dejame-volar\\\/#respond\"]}]},{\"@type\":\"WebPage\",\"@id\":\"https:\\\/\\\/www.plataformadeartecontemporaneo.com\\\/pac\\\/david-cata-dejame-volar\\\/\",\"url\":\"https:\\\/\\\/www.plataformadeartecontemporaneo.com\\\/pac\\\/david-cata-dejame-volar\\\/\",\"name\":\"PAC | David Cat\u00e1: D\u00e9jame Volar\",\"isPartOf\":{\"@id\":\"https:\\\/\\\/www.plataformadeartecontemporaneo.com\\\/pac\\\/#website\"},\"primaryImageOfPage\":{\"@id\":\"https:\\\/\\\/www.plataformadeartecontemporaneo.com\\\/pac\\\/david-cata-dejame-volar\\\/#primaryimage\"},\"image\":{\"@id\":\"https:\\\/\\\/www.plataformadeartecontemporaneo.com\\\/pac\\\/david-cata-dejame-volar\\\/#primaryimage\"},\"thumbnailUrl\":\"https:\\\/\\\/www.plataformadeartecontemporaneo.com\\\/pac\\\/wp-content\\\/uploads\\\/2015\\\/04\\\/Principal.jpg\",\"datePublished\":\"2015-04-09T05:00:38+00:00\",\"description\":\"El trabajo de David Cat\u00e1 gravita en torno al concepto de identidad. Sin memoria, sin recuerdos no existimos, sobre momentos, lugares, sensaciones y personas\",\"breadcrumb\":{\"@id\":\"https:\\\/\\\/www.plataformadeartecontemporaneo.com\\\/pac\\\/david-cata-dejame-volar\\\/#breadcrumb\"},\"inLanguage\":\"es\",\"potentialAction\":[{\"@type\":\"ReadAction\",\"target\":[\"https:\\\/\\\/www.plataformadeartecontemporaneo.com\\\/pac\\\/david-cata-dejame-volar\\\/\"]}]},{\"@type\":\"ImageObject\",\"inLanguage\":\"es\",\"@id\":\"https:\\\/\\\/www.plataformadeartecontemporaneo.com\\\/pac\\\/david-cata-dejame-volar\\\/#primaryimage\",\"url\":\"https:\\\/\\\/www.plataformadeartecontemporaneo.com\\\/pac\\\/wp-content\\\/uploads\\\/2015\\\/04\\\/Principal.jpg\",\"contentUrl\":\"https:\\\/\\\/www.plataformadeartecontemporaneo.com\\\/pac\\\/wp-content\\\/uploads\\\/2015\\\/04\\\/Principal.jpg\",\"width\":986,\"height\":600,\"caption\":\"David Cat\u00e1\"},{\"@type\":\"BreadcrumbList\",\"@id\":\"https:\\\/\\\/www.plataformadeartecontemporaneo.com\\\/pac\\\/david-cata-dejame-volar\\\/#breadcrumb\",\"itemListElement\":[{\"@type\":\"ListItem\",\"position\":1,\"name\":\"Portada\",\"item\":\"https:\\\/\\\/www.plataformadeartecontemporaneo.com\\\/pac\\\/\"},{\"@type\":\"ListItem\",\"position\":2,\"name\":\"David Cat\u00e1: D\u00e9jame Volar\"}]},{\"@type\":\"WebSite\",\"@id\":\"https:\\\/\\\/www.plataformadeartecontemporaneo.com\\\/pac\\\/#website\",\"url\":\"https:\\\/\\\/www.plataformadeartecontemporaneo.com\\\/pac\\\/\",\"name\":\"PAC\",\"description\":\"Plataforma de Arte Contempor\u00e1neo\",\"publisher\":{\"@id\":\"https:\\\/\\\/www.plataformadeartecontemporaneo.com\\\/pac\\\/#organization\"},\"potentialAction\":[{\"@type\":\"SearchAction\",\"target\":{\"@type\":\"EntryPoint\",\"urlTemplate\":\"https:\\\/\\\/www.plataformadeartecontemporaneo.com\\\/pac\\\/?s={search_term_string}\"},\"query-input\":{\"@type\":\"PropertyValueSpecification\",\"valueRequired\":true,\"valueName\":\"search_term_string\"}}],\"inLanguage\":\"es\"},{\"@type\":\"Organization\",\"@id\":\"https:\\\/\\\/www.plataformadeartecontemporaneo.com\\\/pac\\\/#organization\",\"name\":\"PAC\",\"url\":\"https:\\\/\\\/www.plataformadeartecontemporaneo.com\\\/pac\\\/\",\"logo\":{\"@type\":\"ImageObject\",\"inLanguage\":\"es\",\"@id\":\"https:\\\/\\\/www.plataformadeartecontemporaneo.com\\\/pac\\\/#\\\/schema\\\/logo\\\/image\\\/\",\"url\":\"https:\\\/\\\/www.plataformadeartecontemporaneo.com\\\/pac\\\/wp-content\\\/uploads\\\/2020\\\/10\\\/LOGO-PAC-FOOTER-TRANSPARENTE.png\",\"contentUrl\":\"https:\\\/\\\/www.plataformadeartecontemporaneo.com\\\/pac\\\/wp-content\\\/uploads\\\/2020\\\/10\\\/LOGO-PAC-FOOTER-TRANSPARENTE.png\",\"width\":200,\"height\":48,\"caption\":\"PAC\"},\"image\":{\"@id\":\"https:\\\/\\\/www.plataformadeartecontemporaneo.com\\\/pac\\\/#\\\/schema\\\/logo\\\/image\\\/\"}},{\"@type\":\"Person\",\"@id\":\"https:\\\/\\\/www.plataformadeartecontemporaneo.com\\\/pac\\\/#\\\/schema\\\/person\\\/d7e53675adc8166608a7036f1f8c56b2\",\"name\":\"Ricardo Recuero\",\"image\":{\"@type\":\"ImageObject\",\"inLanguage\":\"es\",\"@id\":\"https:\\\/\\\/www.plataformadeartecontemporaneo.com\\\/pac\\\/wp-content\\\/uploads\\\/2020\\\/03\\\/RicardoRecuero.jpg\",\"url\":\"https:\\\/\\\/www.plataformadeartecontemporaneo.com\\\/pac\\\/wp-content\\\/uploads\\\/2020\\\/03\\\/RicardoRecuero.jpg\",\"contentUrl\":\"https:\\\/\\\/www.plataformadeartecontemporaneo.com\\\/pac\\\/wp-content\\\/uploads\\\/2020\\\/03\\\/RicardoRecuero.jpg\",\"caption\":\"Ricardo Recuero\"},\"description\":\"Licenciado en Historia del Arte por la Universidad Complutense de Madrid - Especializado en Arte Contempor\u00e1neo y Nuevos Medios - Comisario independiente. Como elecci\u00f3n personal ha querido focalizar su actividad en aquellas manifestaciones art\u00edsticas vinculadas a lo social desde absoluto el convencimiento de que el Arte es una poderosa herramienta para transformar la Sociedad.\",\"url\":\"https:\\\/\\\/www.plataformadeartecontemporaneo.com\\\/pac\\\/author\\\/ricardorecuero\\\/\"}]}<\/script>\n<!-- \/ Yoast SEO plugin. -->","yoast_head_json":{"title":"PAC | David Cat\u00e1: D\u00e9jame Volar","description":"El trabajo de David Cat\u00e1 gravita en torno al concepto de identidad. Sin memoria, sin recuerdos no existimos, sobre momentos, lugares, sensaciones y personas","robots":{"index":"index","follow":"follow","max-snippet":"max-snippet:-1","max-image-preview":"max-image-preview:large","max-video-preview":"max-video-preview:-1"},"canonical":"https:\/\/www.plataformadeartecontemporaneo.com\/pac\/david-cata-dejame-volar\/","og_locale":"es_ES","og_type":"article","og_title":"PAC | David Cat\u00e1: D\u00e9jame Volar","og_description":"El trabajo de David Cat\u00e1 gravita en torno al concepto de identidad. Sin memoria, sin recuerdos no existimos, sobre momentos, lugares, sensaciones y personas","og_url":"https:\/\/www.plataformadeartecontemporaneo.com\/pac\/david-cata-dejame-volar\/","og_site_name":"PAC","article_published_time":"2015-04-09T05:00:38+00:00","og_image":[{"width":986,"height":600,"url":"https:\/\/www.plataformadeartecontemporaneo.com\/pac\/wp-content\/uploads\/2015\/04\/Principal.jpg","type":"image\/jpeg"}],"author":"Ricardo Recuero","twitter_misc":{"Escrito por":"Ricardo Recuero","Tiempo de lectura":"2 minutos"},"schema":{"@context":"https:\/\/schema.org","@graph":[{"@type":"Article","@id":"https:\/\/www.plataformadeartecontemporaneo.com\/pac\/david-cata-dejame-volar\/#article","isPartOf":{"@id":"https:\/\/www.plataformadeartecontemporaneo.com\/pac\/david-cata-dejame-volar\/"},"author":{"name":"Ricardo Recuero","@id":"https:\/\/www.plataformadeartecontemporaneo.com\/pac\/#\/schema\/person\/d7e53675adc8166608a7036f1f8c56b2"},"headline":"David Cat\u00e1: D\u00e9jame Volar","datePublished":"2015-04-09T05:00:38+00:00","mainEntityOfPage":{"@id":"https:\/\/www.plataformadeartecontemporaneo.com\/pac\/david-cata-dejame-volar\/"},"wordCount":503,"commentCount":0,"publisher":{"@id":"https:\/\/www.plataformadeartecontemporaneo.com\/pac\/#organization"},"image":{"@id":"https:\/\/www.plataformadeartecontemporaneo.com\/pac\/david-cata-dejame-volar\/#primaryimage"},"thumbnailUrl":"https:\/\/www.plataformadeartecontemporaneo.com\/pac\/wp-content\/uploads\/2015\/04\/Principal.jpg","keywords":["David Cat\u00e1","Fotograf\u00eda","memoria","Tiempo"],"articleSection":["Fotograf\u00eda","Fotolibro"],"inLanguage":"es","potentialAction":[{"@type":"CommentAction","name":"Comment","target":["https:\/\/www.plataformadeartecontemporaneo.com\/pac\/david-cata-dejame-volar\/#respond"]}]},{"@type":"WebPage","@id":"https:\/\/www.plataformadeartecontemporaneo.com\/pac\/david-cata-dejame-volar\/","url":"https:\/\/www.plataformadeartecontemporaneo.com\/pac\/david-cata-dejame-volar\/","name":"PAC | David Cat\u00e1: D\u00e9jame Volar","isPartOf":{"@id":"https:\/\/www.plataformadeartecontemporaneo.com\/pac\/#website"},"primaryImageOfPage":{"@id":"https:\/\/www.plataformadeartecontemporaneo.com\/pac\/david-cata-dejame-volar\/#primaryimage"},"image":{"@id":"https:\/\/www.plataformadeartecontemporaneo.com\/pac\/david-cata-dejame-volar\/#primaryimage"},"thumbnailUrl":"https:\/\/www.plataformadeartecontemporaneo.com\/pac\/wp-content\/uploads\/2015\/04\/Principal.jpg","datePublished":"2015-04-09T05:00:38+00:00","description":"El trabajo de David Cat\u00e1 gravita en torno al concepto de identidad. Sin memoria, sin recuerdos no existimos, sobre momentos, lugares, sensaciones y personas","breadcrumb":{"@id":"https:\/\/www.plataformadeartecontemporaneo.com\/pac\/david-cata-dejame-volar\/#breadcrumb"},"inLanguage":"es","potentialAction":[{"@type":"ReadAction","target":["https:\/\/www.plataformadeartecontemporaneo.com\/pac\/david-cata-dejame-volar\/"]}]},{"@type":"ImageObject","inLanguage":"es","@id":"https:\/\/www.plataformadeartecontemporaneo.com\/pac\/david-cata-dejame-volar\/#primaryimage","url":"https:\/\/www.plataformadeartecontemporaneo.com\/pac\/wp-content\/uploads\/2015\/04\/Principal.jpg","contentUrl":"https:\/\/www.plataformadeartecontemporaneo.com\/pac\/wp-content\/uploads\/2015\/04\/Principal.jpg","width":986,"height":600,"caption":"David Cat\u00e1"},{"@type":"BreadcrumbList","@id":"https:\/\/www.plataformadeartecontemporaneo.com\/pac\/david-cata-dejame-volar\/#breadcrumb","itemListElement":[{"@type":"ListItem","position":1,"name":"Portada","item":"https:\/\/www.plataformadeartecontemporaneo.com\/pac\/"},{"@type":"ListItem","position":2,"name":"David Cat\u00e1: D\u00e9jame Volar"}]},{"@type":"WebSite","@id":"https:\/\/www.plataformadeartecontemporaneo.com\/pac\/#website","url":"https:\/\/www.plataformadeartecontemporaneo.com\/pac\/","name":"PAC","description":"Plataforma de Arte Contempor\u00e1neo","publisher":{"@id":"https:\/\/www.plataformadeartecontemporaneo.com\/pac\/#organization"},"potentialAction":[{"@type":"SearchAction","target":{"@type":"EntryPoint","urlTemplate":"https:\/\/www.plataformadeartecontemporaneo.com\/pac\/?s={search_term_string}"},"query-input":{"@type":"PropertyValueSpecification","valueRequired":true,"valueName":"search_term_string"}}],"inLanguage":"es"},{"@type":"Organization","@id":"https:\/\/www.plataformadeartecontemporaneo.com\/pac\/#organization","name":"PAC","url":"https:\/\/www.plataformadeartecontemporaneo.com\/pac\/","logo":{"@type":"ImageObject","inLanguage":"es","@id":"https:\/\/www.plataformadeartecontemporaneo.com\/pac\/#\/schema\/logo\/image\/","url":"https:\/\/www.plataformadeartecontemporaneo.com\/pac\/wp-content\/uploads\/2020\/10\/LOGO-PAC-FOOTER-TRANSPARENTE.png","contentUrl":"https:\/\/www.plataformadeartecontemporaneo.com\/pac\/wp-content\/uploads\/2020\/10\/LOGO-PAC-FOOTER-TRANSPARENTE.png","width":200,"height":48,"caption":"PAC"},"image":{"@id":"https:\/\/www.plataformadeartecontemporaneo.com\/pac\/#\/schema\/logo\/image\/"}},{"@type":"Person","@id":"https:\/\/www.plataformadeartecontemporaneo.com\/pac\/#\/schema\/person\/d7e53675adc8166608a7036f1f8c56b2","name":"Ricardo Recuero","image":{"@type":"ImageObject","inLanguage":"es","@id":"https:\/\/www.plataformadeartecontemporaneo.com\/pac\/wp-content\/uploads\/2020\/03\/RicardoRecuero.jpg","url":"https:\/\/www.plataformadeartecontemporaneo.com\/pac\/wp-content\/uploads\/2020\/03\/RicardoRecuero.jpg","contentUrl":"https:\/\/www.plataformadeartecontemporaneo.com\/pac\/wp-content\/uploads\/2020\/03\/RicardoRecuero.jpg","caption":"Ricardo Recuero"},"description":"Licenciado en Historia del Arte por la Universidad Complutense de Madrid - Especializado en Arte Contempor\u00e1neo y Nuevos Medios - Comisario independiente. Como elecci\u00f3n personal ha querido focalizar su actividad en aquellas manifestaciones art\u00edsticas vinculadas a lo social desde absoluto el convencimiento de que el Arte es una poderosa herramienta para transformar la Sociedad.","url":"https:\/\/www.plataformadeartecontemporaneo.com\/pac\/author\/ricardorecuero\/"}]}},"_links":{"self":[{"href":"https:\/\/www.plataformadeartecontemporaneo.com\/pac\/wp-json\/wp\/v2\/posts\/34757","targetHints":{"allow":["GET"]}}],"collection":[{"href":"https:\/\/www.plataformadeartecontemporaneo.com\/pac\/wp-json\/wp\/v2\/posts"}],"about":[{"href":"https:\/\/www.plataformadeartecontemporaneo.com\/pac\/wp-json\/wp\/v2\/types\/post"}],"author":[{"embeddable":true,"href":"https:\/\/www.plataformadeartecontemporaneo.com\/pac\/wp-json\/wp\/v2\/users\/83"}],"replies":[{"embeddable":true,"href":"https:\/\/www.plataformadeartecontemporaneo.com\/pac\/wp-json\/wp\/v2\/comments?post=34757"}],"version-history":[{"count":6,"href":"https:\/\/www.plataformadeartecontemporaneo.com\/pac\/wp-json\/wp\/v2\/posts\/34757\/revisions"}],"predecessor-version":[{"id":34847,"href":"https:\/\/www.plataformadeartecontemporaneo.com\/pac\/wp-json\/wp\/v2\/posts\/34757\/revisions\/34847"}],"wp:featuredmedia":[{"embeddable":true,"href":"https:\/\/www.plataformadeartecontemporaneo.com\/pac\/wp-json\/wp\/v2\/media\/34836"}],"wp:attachment":[{"href":"https:\/\/www.plataformadeartecontemporaneo.com\/pac\/wp-json\/wp\/v2\/media?parent=34757"}],"wp:term":[{"taxonomy":"category","embeddable":true,"href":"https:\/\/www.plataformadeartecontemporaneo.com\/pac\/wp-json\/wp\/v2\/categories?post=34757"},{"taxonomy":"post_tag","embeddable":true,"href":"https:\/\/www.plataformadeartecontemporaneo.com\/pac\/wp-json\/wp\/v2\/tags?post=34757"}],"curies":[{"name":"wp","href":"https:\/\/api.w.org\/{rel}","templated":true}]}}