




{"id":34909,"date":"2015-04-15T07:00:41","date_gmt":"2015-04-15T05:00:41","guid":{"rendered":"http:\/\/www.plataformadeartecontemporaneo.com\/pac\/?p=34909"},"modified":"2015-04-14T21:47:14","modified_gmt":"2015-04-14T19:47:14","slug":"festival-symphonos-15","status":"publish","type":"post","link":"https:\/\/www.plataformadeartecontemporaneo.com\/pac\/festival-symphonos-15\/","title":{"rendered":"FESTIVAL SYMPHONOS 15"},"content":{"rendered":"<p style=\"text-align: justify;\">La <a href=\"http:\/\/www.entornocondeduque.es\/\" target=\"_blank\"><strong>Asociaci\u00f3n Cultural Entorno Conde Duque<\/strong><\/a> presenta la primera edici\u00f3n del <a href=\"http:\/\/www.entornocondeduque.es\/festival-symphonos\/\" target=\"_blank\"><strong>Festival Symphonos 15<\/strong><\/a> (De com\u00fan acuerdo, con una sola voz). En \u00e9l propone jugar con el tiempo y retroceder 100 a\u00f1os, hasta 1915, para repasar y revisitar nuestro entorno f\u00edsico, cultural y art\u00edstico. De este modo, del 13 al 19 de abril Symphonos 15 ofrecer\u00e1 conciertos, exposiciones, conferencias, visitas guiadas, cine\u2026, en los distintos espacios de Entorno Conde Duque.<\/p>\n<p><img fetchpriority=\"high\" decoding=\"async\" class=\"size-large wp-image-34911 aligncenter\" src=\"http:\/\/www.plataformadeartecontemporaneo.com\/pac\/wp-content\/uploads\/2015\/04\/1915c_ElenaFerna\u00cc\u0081ndezPrada_LaNewGallery-500x392.jpg\" alt=\"1915c Elena Ferna\u00e1ndez Prada_LaNewGallery\" width=\"500\" height=\"392\" srcset=\"https:\/\/www.plataformadeartecontemporaneo.com\/pac\/wp-content\/uploads\/2015\/04\/1915c_ElenaFerna\u00cc\u0081ndezPrada_LaNewGallery-500x392.jpg 500w, https:\/\/www.plataformadeartecontemporaneo.com\/pac\/wp-content\/uploads\/2015\/04\/1915c_ElenaFerna\u00cc\u0081ndezPrada_LaNewGallery-466x366.jpg 466w, https:\/\/www.plataformadeartecontemporaneo.com\/pac\/wp-content\/uploads\/2015\/04\/1915c_ElenaFerna\u00cc\u0081ndezPrada_LaNewGallery-470x369.jpg 470w, https:\/\/www.plataformadeartecontemporaneo.com\/pac\/wp-content\/uploads\/2015\/04\/1915c_ElenaFerna\u00cc\u0081ndezPrada_LaNewGallery-325x255.jpg 325w, https:\/\/www.plataformadeartecontemporaneo.com\/pac\/wp-content\/uploads\/2015\/04\/1915c_ElenaFerna\u00cc\u0081ndezPrada_LaNewGallery.jpg 891w\" sizes=\"(max-width: 500px) 100vw, 500px\" \/><\/p>\n<p style=\"text-align: justify;\">Las galer\u00edas de arte que forman parte de la Asociaci\u00f3n Cultural Entorno Conde Duque \u2013Blanca Berl\u00edn, La New Gallery, Movart y Twin Gallery\u2013 presentan para el Festival Symphonos 15, dentro de la Sala Polivalente del Centro Cultural Conde Duque, la muestra colectiva: 1915-2015, una relectura del siglo. Para ello han propuesto a sus artistas que realicen obra de formato libre que tenga que ver con todo lo acaecido en los \u00faltimos 100 a\u00f1os. La exposici\u00f3n, que tendr\u00e1 lugar del 16 al 19 de abril, estar\u00e1 acompa\u00f1ada por los conciertos de los alumnos del Conservatorio Profesional de M\u00fasica Amaniel, aunando arte y m\u00fasica como es la filosof\u00eda de la Asociaci\u00f3n: el di\u00e1logo entre las artes.<\/p>\n<p><img decoding=\"async\" class=\"size-large wp-image-34912 aligncenter\" src=\"http:\/\/www.plataformadeartecontemporaneo.com\/pac\/wp-content\/uploads\/2015\/04\/TormentasDeOro_Iva\u00cc\u0081nCantos_TwinGallery-400x600.jpg\" alt=\"Tormentas De Oro Iv\u00e1n Cantos_TwinGallery\" width=\"400\" height=\"600\" srcset=\"https:\/\/www.plataformadeartecontemporaneo.com\/pac\/wp-content\/uploads\/2015\/04\/TormentasDeOro_Iva\u00cc\u0081nCantos_TwinGallery-400x600.jpg 400w, https:\/\/www.plataformadeartecontemporaneo.com\/pac\/wp-content\/uploads\/2015\/04\/TormentasDeOro_Iva\u00cc\u0081nCantos_TwinGallery-470x705.jpg 470w, https:\/\/www.plataformadeartecontemporaneo.com\/pac\/wp-content\/uploads\/2015\/04\/TormentasDeOro_Iva\u00cc\u0081nCantos_TwinGallery-325x487.jpg 325w, https:\/\/www.plataformadeartecontemporaneo.com\/pac\/wp-content\/uploads\/2015\/04\/TormentasDeOro_Iva\u00cc\u0081nCantos_TwinGallery.jpg 700w\" sizes=\"(max-width: 400px) 100vw, 400px\" \/><\/p>\n<p style=\"text-align: justify;\">Los artistas que dan forma a la muestra son Ana Moy\u00e1, Daniel Vega Borrego, Elena Fern\u00e1ndez Prada, Gema Rup\u00e9rez, Iv\u00e1n Cantos, Manuel Franquelo Giner, Marla Jacarilla, Pep Carri\u00f3, Rafael de Rivera, Rosal\u00eda Banet, Salim Malla y Tito P\u00e9rez Mora.<\/p>\n<p style=\"text-align: justify;\"><strong>Fechas:<\/strong> Del 16 al 19 de Abril de 2015<br \/>\n<strong>Lugar:<\/strong> Sala Polivalente, Centro Conde Duque, Madrid<span id=\"yui_3_16_0_1_1428999143039_9438\" class=\"yiv2137513520titulo2\" style=\"font-family: Arial, regular, sharp; font-size: 16px; color: #222222;\"><\/span><\/p>\n","protected":false},"excerpt":{"rendered":"<div class=\"tmnf_excerpt\"><p>La Asociaci\u00f3n Cultural Entorno Conde Duque presenta la primera edici\u00f3n del Festival Symphonos 15 (De com\u00fan acuerdo, con una sola voz). En \u00e9l propone jugar con el tiempo y retroceder 100 a\u00f1os, hasta 1915, para repasar y revisitar nuestro entorno f\u00edsico, cultural y art\u00edstico. De este modo, del 13 al 19 de abril Symphonos 15 &hellip;<\/p>\n<\/div>","protected":false},"author":2,"featured_media":34911,"comment_status":"open","ping_status":"open","sticky":false,"template":"","format":"standard","meta":{"footnotes":""},"categories":[15,4,128,43],"tags":[5618,1568,3851,1107,1016,4263,5617,990,2346,4228,2424,4007,4210,5619,5620,3345,4788,4358,1108],"class_list":["post-34909","post","type-post","status-publish","format-standard","has-post-thumbnail","hentry","category-centros-de-arte","category-exposiciones","category-festival","category-madrid","tag-ana-moya","tag-blanca-berlin","tag-centro-conde-duque","tag-daniel-vega-borrego","tag-elena-fernandez-prada","tag-entorno-conde-duque","tag-festival-symphonos","tag-galeria-de-arte-movart","tag-gema-ruperez","tag-ivan-cantos","tag-la-new-gallery","tag-manuel-franquelo-giner","tag-marla-jacarilla","tag-pep-carrio","tag-rafael-de-rivera","tag-rosalia-banet","tag-salim-malla","tag-tito-perez-mora","tag-twin-gallery"],"yoast_head":"<!-- This site is optimized with the Yoast SEO plugin v27.4 - https:\/\/yoast.com\/product\/yoast-seo-wordpress\/ -->\n<title>PAC | FESTIVAL SYMPHONOS 15<\/title>\n<meta name=\"description\" content=\"La Asociaci\u00f3n Cultural Entorno Conde Duque presenta la primera edici\u00f3n del Festival Symphonos 15 (De com\u00fan acuerdo, con una sola voz).\" \/>\n<meta name=\"robots\" content=\"index, follow, max-snippet:-1, max-image-preview:large, max-video-preview:-1\" \/>\n<link rel=\"canonical\" href=\"https:\/\/www.plataformadeartecontemporaneo.com\/pac\/festival-symphonos-15\/\" \/>\n<meta property=\"og:locale\" content=\"es_ES\" \/>\n<meta property=\"og:type\" content=\"article\" \/>\n<meta property=\"og:title\" content=\"PAC | FESTIVAL SYMPHONOS 15\" \/>\n<meta property=\"og:description\" content=\"La Asociaci\u00f3n Cultural Entorno Conde Duque presenta la primera edici\u00f3n del Festival Symphonos 15 (De com\u00fan acuerdo, con una sola voz).\" \/>\n<meta property=\"og:url\" content=\"https:\/\/www.plataformadeartecontemporaneo.com\/pac\/festival-symphonos-15\/\" \/>\n<meta property=\"og:site_name\" content=\"PAC\" \/>\n<meta property=\"article:published_time\" content=\"2015-04-15T05:00:41+00:00\" \/>\n<meta property=\"og:image\" content=\"https:\/\/www.plataformadeartecontemporaneo.com\/pac\/wp-content\/uploads\/2015\/04\/1915c_ElenaFerna\u00cc\u0081ndezPrada_LaNewGallery.jpg\" \/>\n\t<meta property=\"og:image:width\" content=\"891\" \/>\n\t<meta property=\"og:image:height\" content=\"700\" \/>\n\t<meta property=\"og:image:type\" content=\"image\/jpeg\" \/>\n<meta name=\"author\" content=\"Oscar Garcia Garcia\" \/>\n<meta name=\"twitter:label1\" content=\"Escrito por\" \/>\n\t<meta name=\"twitter:data1\" content=\"Oscar Garcia Garcia\" \/>\n\t<meta name=\"twitter:label2\" content=\"Tiempo de lectura\" \/>\n\t<meta name=\"twitter:data2\" content=\"1 minuto\" \/>\n<script type=\"application\/ld+json\" class=\"yoast-schema-graph\">{\"@context\":\"https:\\\/\\\/schema.org\",\"@graph\":[{\"@type\":\"Article\",\"@id\":\"https:\\\/\\\/www.plataformadeartecontemporaneo.com\\\/pac\\\/festival-symphonos-15\\\/#article\",\"isPartOf\":{\"@id\":\"https:\\\/\\\/www.plataformadeartecontemporaneo.com\\\/pac\\\/festival-symphonos-15\\\/\"},\"author\":{\"name\":\"Oscar Garcia Garcia\",\"@id\":\"https:\\\/\\\/www.plataformadeartecontemporaneo.com\\\/pac\\\/#\\\/schema\\\/person\\\/1000a254d6e3294f80e1bdfcb17c205c\"},\"headline\":\"FESTIVAL SYMPHONOS 15\",\"datePublished\":\"2015-04-15T05:00:41+00:00\",\"mainEntityOfPage\":{\"@id\":\"https:\\\/\\\/www.plataformadeartecontemporaneo.com\\\/pac\\\/festival-symphonos-15\\\/\"},\"wordCount\":250,\"commentCount\":0,\"publisher\":{\"@id\":\"https:\\\/\\\/www.plataformadeartecontemporaneo.com\\\/pac\\\/#organization\"},\"image\":{\"@id\":\"https:\\\/\\\/www.plataformadeartecontemporaneo.com\\\/pac\\\/festival-symphonos-15\\\/#primaryimage\"},\"thumbnailUrl\":\"https:\\\/\\\/www.plataformadeartecontemporaneo.com\\\/pac\\\/wp-content\\\/uploads\\\/2015\\\/04\\\/1915c_ElenaFerna\u00cc\u0081ndezPrada_LaNewGallery.jpg\",\"keywords\":[\"Ana Moy\u00e1\",\"Blanca Berl\u00edn\",\"Centro Conde Duque\",\"Daniel Vega Borrego\",\"Elena Fern\u00e1ndez Prada\",\"Entorno Conde Duque\",\"Festival Symphonos\",\"Galer\u00eda de arte MOVART\",\"Gema R\u00faperez\",\"Iv\u00e1n Cantos\",\"La New Gallery\",\"Manuel Franquelo Giner\",\"Marla Jacarilla\",\"Pep Carri\u00f3\",\"Rafael de Rivera\",\"Rosal\u00eda Banet\",\"Salim Malla\",\"Tito P\u00e9rez Mora\",\"Twin Gallery\"],\"articleSection\":[\"Centros de arte\",\"Exposiciones\",\"Festival\",\"Madrid\"],\"inLanguage\":\"es\",\"potentialAction\":[{\"@type\":\"CommentAction\",\"name\":\"Comment\",\"target\":[\"https:\\\/\\\/www.plataformadeartecontemporaneo.com\\\/pac\\\/festival-symphonos-15\\\/#respond\"]}]},{\"@type\":\"WebPage\",\"@id\":\"https:\\\/\\\/www.plataformadeartecontemporaneo.com\\\/pac\\\/festival-symphonos-15\\\/\",\"url\":\"https:\\\/\\\/www.plataformadeartecontemporaneo.com\\\/pac\\\/festival-symphonos-15\\\/\",\"name\":\"PAC | FESTIVAL SYMPHONOS 15\",\"isPartOf\":{\"@id\":\"https:\\\/\\\/www.plataformadeartecontemporaneo.com\\\/pac\\\/#website\"},\"primaryImageOfPage\":{\"@id\":\"https:\\\/\\\/www.plataformadeartecontemporaneo.com\\\/pac\\\/festival-symphonos-15\\\/#primaryimage\"},\"image\":{\"@id\":\"https:\\\/\\\/www.plataformadeartecontemporaneo.com\\\/pac\\\/festival-symphonos-15\\\/#primaryimage\"},\"thumbnailUrl\":\"https:\\\/\\\/www.plataformadeartecontemporaneo.com\\\/pac\\\/wp-content\\\/uploads\\\/2015\\\/04\\\/1915c_ElenaFerna\u00cc\u0081ndezPrada_LaNewGallery.jpg\",\"datePublished\":\"2015-04-15T05:00:41+00:00\",\"description\":\"La Asociaci\u00f3n Cultural Entorno Conde Duque presenta la primera edici\u00f3n del Festival Symphonos 15 (De com\u00fan acuerdo, con una sola voz).\",\"breadcrumb\":{\"@id\":\"https:\\\/\\\/www.plataformadeartecontemporaneo.com\\\/pac\\\/festival-symphonos-15\\\/#breadcrumb\"},\"inLanguage\":\"es\",\"potentialAction\":[{\"@type\":\"ReadAction\",\"target\":[\"https:\\\/\\\/www.plataformadeartecontemporaneo.com\\\/pac\\\/festival-symphonos-15\\\/\"]}]},{\"@type\":\"ImageObject\",\"inLanguage\":\"es\",\"@id\":\"https:\\\/\\\/www.plataformadeartecontemporaneo.com\\\/pac\\\/festival-symphonos-15\\\/#primaryimage\",\"url\":\"https:\\\/\\\/www.plataformadeartecontemporaneo.com\\\/pac\\\/wp-content\\\/uploads\\\/2015\\\/04\\\/1915c_ElenaFerna\u00cc\u0081ndezPrada_LaNewGallery.jpg\",\"contentUrl\":\"https:\\\/\\\/www.plataformadeartecontemporaneo.com\\\/pac\\\/wp-content\\\/uploads\\\/2015\\\/04\\\/1915c_ElenaFerna\u00cc\u0081ndezPrada_LaNewGallery.jpg\",\"width\":891,\"height\":700,\"caption\":\"1915c Elena Ferna\u00e1ndez Prada_LaNewGallery\"},{\"@type\":\"BreadcrumbList\",\"@id\":\"https:\\\/\\\/www.plataformadeartecontemporaneo.com\\\/pac\\\/festival-symphonos-15\\\/#breadcrumb\",\"itemListElement\":[{\"@type\":\"ListItem\",\"position\":1,\"name\":\"Portada\",\"item\":\"https:\\\/\\\/www.plataformadeartecontemporaneo.com\\\/pac\\\/\"},{\"@type\":\"ListItem\",\"position\":2,\"name\":\"FESTIVAL SYMPHONOS 15\"}]},{\"@type\":\"WebSite\",\"@id\":\"https:\\\/\\\/www.plataformadeartecontemporaneo.com\\\/pac\\\/#website\",\"url\":\"https:\\\/\\\/www.plataformadeartecontemporaneo.com\\\/pac\\\/\",\"name\":\"PAC\",\"description\":\"Plataforma de Arte Contempor\u00e1neo\",\"publisher\":{\"@id\":\"https:\\\/\\\/www.plataformadeartecontemporaneo.com\\\/pac\\\/#organization\"},\"potentialAction\":[{\"@type\":\"SearchAction\",\"target\":{\"@type\":\"EntryPoint\",\"urlTemplate\":\"https:\\\/\\\/www.plataformadeartecontemporaneo.com\\\/pac\\\/?s={search_term_string}\"},\"query-input\":{\"@type\":\"PropertyValueSpecification\",\"valueRequired\":true,\"valueName\":\"search_term_string\"}}],\"inLanguage\":\"es\"},{\"@type\":\"Organization\",\"@id\":\"https:\\\/\\\/www.plataformadeartecontemporaneo.com\\\/pac\\\/#organization\",\"name\":\"PAC\",\"url\":\"https:\\\/\\\/www.plataformadeartecontemporaneo.com\\\/pac\\\/\",\"logo\":{\"@type\":\"ImageObject\",\"inLanguage\":\"es\",\"@id\":\"https:\\\/\\\/www.plataformadeartecontemporaneo.com\\\/pac\\\/#\\\/schema\\\/logo\\\/image\\\/\",\"url\":\"https:\\\/\\\/www.plataformadeartecontemporaneo.com\\\/pac\\\/wp-content\\\/uploads\\\/2020\\\/10\\\/LOGO-PAC-FOOTER-TRANSPARENTE.png\",\"contentUrl\":\"https:\\\/\\\/www.plataformadeartecontemporaneo.com\\\/pac\\\/wp-content\\\/uploads\\\/2020\\\/10\\\/LOGO-PAC-FOOTER-TRANSPARENTE.png\",\"width\":200,\"height\":48,\"caption\":\"PAC\"},\"image\":{\"@id\":\"https:\\\/\\\/www.plataformadeartecontemporaneo.com\\\/pac\\\/#\\\/schema\\\/logo\\\/image\\\/\"}},{\"@type\":\"Person\",\"@id\":\"https:\\\/\\\/www.plataformadeartecontemporaneo.com\\\/pac\\\/#\\\/schema\\\/person\\\/1000a254d6e3294f80e1bdfcb17c205c\",\"name\":\"Oscar Garcia Garcia\",\"image\":{\"@type\":\"ImageObject\",\"inLanguage\":\"es\",\"@id\":\"https:\\\/\\\/secure.gravatar.com\\\/avatar\\\/79b6fa3c23c1a1052e0da1a947471cce4118465f4e5fd687792f052e187a833d?s=96&d=wp_user_avatar&r=g\",\"url\":\"https:\\\/\\\/secure.gravatar.com\\\/avatar\\\/79b6fa3c23c1a1052e0da1a947471cce4118465f4e5fd687792f052e187a833d?s=96&d=wp_user_avatar&r=g\",\"contentUrl\":\"https:\\\/\\\/secure.gravatar.com\\\/avatar\\\/79b6fa3c23c1a1052e0da1a947471cce4118465f4e5fd687792f052e187a833d?s=96&d=wp_user_avatar&r=g\",\"caption\":\"Oscar Garcia Garcia\"},\"description\":\"Comisario independiente \\\/\\\/ Co-Fundador de PAC Plataforma de Arte Contempor\u00e1neo \\\/\\\/ Director de JustMAD Art Fair y JustLX \\\/\\\/ Autor del libro: Dios Salve el Arte Contempor\u00e1neo\",\"sameAs\":[\"https:\\\/\\\/www.planetadelibros.com\\\/libro-dios-salve-el-arte-contemporaneo\\\/300020\"],\"url\":\"https:\\\/\\\/www.plataformadeartecontemporaneo.com\\\/pac\\\/author\\\/oscar\\\/\"}]}<\/script>\n<!-- \/ Yoast SEO plugin. -->","yoast_head_json":{"title":"PAC | FESTIVAL SYMPHONOS 15","description":"La Asociaci\u00f3n Cultural Entorno Conde Duque presenta la primera edici\u00f3n del Festival Symphonos 15 (De com\u00fan acuerdo, con una sola voz).","robots":{"index":"index","follow":"follow","max-snippet":"max-snippet:-1","max-image-preview":"max-image-preview:large","max-video-preview":"max-video-preview:-1"},"canonical":"https:\/\/www.plataformadeartecontemporaneo.com\/pac\/festival-symphonos-15\/","og_locale":"es_ES","og_type":"article","og_title":"PAC | FESTIVAL SYMPHONOS 15","og_description":"La Asociaci\u00f3n Cultural Entorno Conde Duque presenta la primera edici\u00f3n del Festival Symphonos 15 (De com\u00fan acuerdo, con una sola voz).","og_url":"https:\/\/www.plataformadeartecontemporaneo.com\/pac\/festival-symphonos-15\/","og_site_name":"PAC","article_published_time":"2015-04-15T05:00:41+00:00","og_image":[{"width":891,"height":700,"url":"https:\/\/www.plataformadeartecontemporaneo.com\/pac\/wp-content\/uploads\/2015\/04\/1915c_ElenaFerna\u00cc\u0081ndezPrada_LaNewGallery.jpg","type":"image\/jpeg"}],"author":"Oscar Garcia Garcia","twitter_misc":{"Escrito por":"Oscar Garcia Garcia","Tiempo de lectura":"1 minuto"},"schema":{"@context":"https:\/\/schema.org","@graph":[{"@type":"Article","@id":"https:\/\/www.plataformadeartecontemporaneo.com\/pac\/festival-symphonos-15\/#article","isPartOf":{"@id":"https:\/\/www.plataformadeartecontemporaneo.com\/pac\/festival-symphonos-15\/"},"author":{"name":"Oscar Garcia Garcia","@id":"https:\/\/www.plataformadeartecontemporaneo.com\/pac\/#\/schema\/person\/1000a254d6e3294f80e1bdfcb17c205c"},"headline":"FESTIVAL SYMPHONOS 15","datePublished":"2015-04-15T05:00:41+00:00","mainEntityOfPage":{"@id":"https:\/\/www.plataformadeartecontemporaneo.com\/pac\/festival-symphonos-15\/"},"wordCount":250,"commentCount":0,"publisher":{"@id":"https:\/\/www.plataformadeartecontemporaneo.com\/pac\/#organization"},"image":{"@id":"https:\/\/www.plataformadeartecontemporaneo.com\/pac\/festival-symphonos-15\/#primaryimage"},"thumbnailUrl":"https:\/\/www.plataformadeartecontemporaneo.com\/pac\/wp-content\/uploads\/2015\/04\/1915c_ElenaFerna\u00cc\u0081ndezPrada_LaNewGallery.jpg","keywords":["Ana Moy\u00e1","Blanca Berl\u00edn","Centro Conde Duque","Daniel Vega Borrego","Elena Fern\u00e1ndez Prada","Entorno Conde Duque","Festival Symphonos","Galer\u00eda de arte MOVART","Gema R\u00faperez","Iv\u00e1n Cantos","La New Gallery","Manuel Franquelo Giner","Marla Jacarilla","Pep Carri\u00f3","Rafael de Rivera","Rosal\u00eda Banet","Salim Malla","Tito P\u00e9rez Mora","Twin Gallery"],"articleSection":["Centros de arte","Exposiciones","Festival","Madrid"],"inLanguage":"es","potentialAction":[{"@type":"CommentAction","name":"Comment","target":["https:\/\/www.plataformadeartecontemporaneo.com\/pac\/festival-symphonos-15\/#respond"]}]},{"@type":"WebPage","@id":"https:\/\/www.plataformadeartecontemporaneo.com\/pac\/festival-symphonos-15\/","url":"https:\/\/www.plataformadeartecontemporaneo.com\/pac\/festival-symphonos-15\/","name":"PAC | FESTIVAL SYMPHONOS 15","isPartOf":{"@id":"https:\/\/www.plataformadeartecontemporaneo.com\/pac\/#website"},"primaryImageOfPage":{"@id":"https:\/\/www.plataformadeartecontemporaneo.com\/pac\/festival-symphonos-15\/#primaryimage"},"image":{"@id":"https:\/\/www.plataformadeartecontemporaneo.com\/pac\/festival-symphonos-15\/#primaryimage"},"thumbnailUrl":"https:\/\/www.plataformadeartecontemporaneo.com\/pac\/wp-content\/uploads\/2015\/04\/1915c_ElenaFerna\u00cc\u0081ndezPrada_LaNewGallery.jpg","datePublished":"2015-04-15T05:00:41+00:00","description":"La Asociaci\u00f3n Cultural Entorno Conde Duque presenta la primera edici\u00f3n del Festival Symphonos 15 (De com\u00fan acuerdo, con una sola voz).","breadcrumb":{"@id":"https:\/\/www.plataformadeartecontemporaneo.com\/pac\/festival-symphonos-15\/#breadcrumb"},"inLanguage":"es","potentialAction":[{"@type":"ReadAction","target":["https:\/\/www.plataformadeartecontemporaneo.com\/pac\/festival-symphonos-15\/"]}]},{"@type":"ImageObject","inLanguage":"es","@id":"https:\/\/www.plataformadeartecontemporaneo.com\/pac\/festival-symphonos-15\/#primaryimage","url":"https:\/\/www.plataformadeartecontemporaneo.com\/pac\/wp-content\/uploads\/2015\/04\/1915c_ElenaFerna\u00cc\u0081ndezPrada_LaNewGallery.jpg","contentUrl":"https:\/\/www.plataformadeartecontemporaneo.com\/pac\/wp-content\/uploads\/2015\/04\/1915c_ElenaFerna\u00cc\u0081ndezPrada_LaNewGallery.jpg","width":891,"height":700,"caption":"1915c Elena Ferna\u00e1ndez Prada_LaNewGallery"},{"@type":"BreadcrumbList","@id":"https:\/\/www.plataformadeartecontemporaneo.com\/pac\/festival-symphonos-15\/#breadcrumb","itemListElement":[{"@type":"ListItem","position":1,"name":"Portada","item":"https:\/\/www.plataformadeartecontemporaneo.com\/pac\/"},{"@type":"ListItem","position":2,"name":"FESTIVAL SYMPHONOS 15"}]},{"@type":"WebSite","@id":"https:\/\/www.plataformadeartecontemporaneo.com\/pac\/#website","url":"https:\/\/www.plataformadeartecontemporaneo.com\/pac\/","name":"PAC","description":"Plataforma de Arte Contempor\u00e1neo","publisher":{"@id":"https:\/\/www.plataformadeartecontemporaneo.com\/pac\/#organization"},"potentialAction":[{"@type":"SearchAction","target":{"@type":"EntryPoint","urlTemplate":"https:\/\/www.plataformadeartecontemporaneo.com\/pac\/?s={search_term_string}"},"query-input":{"@type":"PropertyValueSpecification","valueRequired":true,"valueName":"search_term_string"}}],"inLanguage":"es"},{"@type":"Organization","@id":"https:\/\/www.plataformadeartecontemporaneo.com\/pac\/#organization","name":"PAC","url":"https:\/\/www.plataformadeartecontemporaneo.com\/pac\/","logo":{"@type":"ImageObject","inLanguage":"es","@id":"https:\/\/www.plataformadeartecontemporaneo.com\/pac\/#\/schema\/logo\/image\/","url":"https:\/\/www.plataformadeartecontemporaneo.com\/pac\/wp-content\/uploads\/2020\/10\/LOGO-PAC-FOOTER-TRANSPARENTE.png","contentUrl":"https:\/\/www.plataformadeartecontemporaneo.com\/pac\/wp-content\/uploads\/2020\/10\/LOGO-PAC-FOOTER-TRANSPARENTE.png","width":200,"height":48,"caption":"PAC"},"image":{"@id":"https:\/\/www.plataformadeartecontemporaneo.com\/pac\/#\/schema\/logo\/image\/"}},{"@type":"Person","@id":"https:\/\/www.plataformadeartecontemporaneo.com\/pac\/#\/schema\/person\/1000a254d6e3294f80e1bdfcb17c205c","name":"Oscar Garcia Garcia","image":{"@type":"ImageObject","inLanguage":"es","@id":"https:\/\/secure.gravatar.com\/avatar\/79b6fa3c23c1a1052e0da1a947471cce4118465f4e5fd687792f052e187a833d?s=96&d=wp_user_avatar&r=g","url":"https:\/\/secure.gravatar.com\/avatar\/79b6fa3c23c1a1052e0da1a947471cce4118465f4e5fd687792f052e187a833d?s=96&d=wp_user_avatar&r=g","contentUrl":"https:\/\/secure.gravatar.com\/avatar\/79b6fa3c23c1a1052e0da1a947471cce4118465f4e5fd687792f052e187a833d?s=96&d=wp_user_avatar&r=g","caption":"Oscar Garcia Garcia"},"description":"Comisario independiente \/\/ Co-Fundador de PAC Plataforma de Arte Contempor\u00e1neo \/\/ Director de JustMAD Art Fair y JustLX \/\/ Autor del libro: Dios Salve el Arte Contempor\u00e1neo","sameAs":["https:\/\/www.planetadelibros.com\/libro-dios-salve-el-arte-contemporaneo\/300020"],"url":"https:\/\/www.plataformadeartecontemporaneo.com\/pac\/author\/oscar\/"}]}},"_links":{"self":[{"href":"https:\/\/www.plataformadeartecontemporaneo.com\/pac\/wp-json\/wp\/v2\/posts\/34909","targetHints":{"allow":["GET"]}}],"collection":[{"href":"https:\/\/www.plataformadeartecontemporaneo.com\/pac\/wp-json\/wp\/v2\/posts"}],"about":[{"href":"https:\/\/www.plataformadeartecontemporaneo.com\/pac\/wp-json\/wp\/v2\/types\/post"}],"author":[{"embeddable":true,"href":"https:\/\/www.plataformadeartecontemporaneo.com\/pac\/wp-json\/wp\/v2\/users\/2"}],"replies":[{"embeddable":true,"href":"https:\/\/www.plataformadeartecontemporaneo.com\/pac\/wp-json\/wp\/v2\/comments?post=34909"}],"version-history":[{"count":2,"href":"https:\/\/www.plataformadeartecontemporaneo.com\/pac\/wp-json\/wp\/v2\/posts\/34909\/revisions"}],"predecessor-version":[{"id":34913,"href":"https:\/\/www.plataformadeartecontemporaneo.com\/pac\/wp-json\/wp\/v2\/posts\/34909\/revisions\/34913"}],"wp:featuredmedia":[{"embeddable":true,"href":"https:\/\/www.plataformadeartecontemporaneo.com\/pac\/wp-json\/wp\/v2\/media\/34911"}],"wp:attachment":[{"href":"https:\/\/www.plataformadeartecontemporaneo.com\/pac\/wp-json\/wp\/v2\/media?parent=34909"}],"wp:term":[{"taxonomy":"category","embeddable":true,"href":"https:\/\/www.plataformadeartecontemporaneo.com\/pac\/wp-json\/wp\/v2\/categories?post=34909"},{"taxonomy":"post_tag","embeddable":true,"href":"https:\/\/www.plataformadeartecontemporaneo.com\/pac\/wp-json\/wp\/v2\/tags?post=34909"}],"curies":[{"name":"wp","href":"https:\/\/api.w.org\/{rel}","templated":true}]}}