




{"id":36986,"date":"2015-09-17T07:05:53","date_gmt":"2015-09-17T05:05:53","guid":{"rendered":"http:\/\/www.plataformadeartecontemporaneo.com\/pac\/?p=36986"},"modified":"2015-09-16T21:37:29","modified_gmt":"2015-09-16T19:37:29","slug":"a-n-t-arte-y-naturalezas-tecnologicas-en-la-galeria-punto","status":"publish","type":"post","link":"https:\/\/www.plataformadeartecontemporaneo.com\/pac\/a-n-t-arte-y-naturalezas-tecnologicas-en-la-galeria-punto\/","title":{"rendered":"A.N.T (Arte y Naturalezas Tecnol\u00f3gicas) en la Galer\u00eda Punto"},"content":{"rendered":"<p id=\"yui_3_16_0_1_1442251819113_6132\" class=\"yiv7145170838MsoNormal\" style=\"text-align: justify;\"><b id=\"yui_3_16_0_1_1442251819113_6137\"><span id=\"yui_3_16_0_1_1442251819113_6136\">A.N.T<\/span><\/b><span id=\"yui_3_16_0_1_1442251819113_6133\">\u00a0surge desde\u00a0<a href=\"http:\/\/www.galeriapunto.com\/\" target=\"_blank\"><b>Galer\u00eda Punto<\/b><\/a>\u00a0como una v\u00eda de comunicaci\u00f3n entre la tecnolog\u00eda y los discursos art\u00edsticos contempor\u00e1neos, los procesos de producci\u00f3n y re-producci\u00f3n digital, desde traducciones de modelos tangibles a mundos intangibles de informaci\u00f3n, luz y sonido; 6 artistas y 3 generaciones que dialogan entre s\u00ed.<\/span><\/p>\n<p class=\"yiv7145170838MsoNormal\" style=\"text-align: justify;\"><img fetchpriority=\"high\" decoding=\"async\" class=\" size-large wp-image-36994 aligncenter\" src=\"http:\/\/www.plataformadeartecontemporaneo.com\/pac\/wp-content\/uploads\/2015\/09\/11222722_1101167946563093_7665187110790050363_o-500x277.jpg\" alt=\"A.N.T (Arte y Naturalezas Tecnol\u00f3gicas) - Galer\u00eda Punto\" width=\"500\" height=\"277\" srcset=\"https:\/\/www.plataformadeartecontemporaneo.com\/pac\/wp-content\/uploads\/2015\/09\/11222722_1101167946563093_7665187110790050363_o-500x277.jpg 500w, https:\/\/www.plataformadeartecontemporaneo.com\/pac\/wp-content\/uploads\/2015\/09\/11222722_1101167946563093_7665187110790050363_o-466x258.jpg 466w, https:\/\/www.plataformadeartecontemporaneo.com\/pac\/wp-content\/uploads\/2015\/09\/11222722_1101167946563093_7665187110790050363_o-470x260.jpg 470w, https:\/\/www.plataformadeartecontemporaneo.com\/pac\/wp-content\/uploads\/2015\/09\/11222722_1101167946563093_7665187110790050363_o-325x180.jpg 325w, https:\/\/www.plataformadeartecontemporaneo.com\/pac\/wp-content\/uploads\/2015\/09\/11222722_1101167946563093_7665187110790050363_o.jpg 1263w\" sizes=\"(max-width: 500px) 100vw, 500px\" \/><\/p>\n<p id=\"yui_3_16_0_1_1442251819113_6129\" class=\"yiv7145170838MsoNormal\" style=\"text-align: justify;\"><span id=\"yui_3_16_0_1_1442251819113_6131\">Con la evoluci\u00f3n y expansi\u00f3n de las tecnolog\u00edas digitales se ha generado todo un cambio en la sociedad y en los llamados ambientes de informaci\u00f3n; la producci\u00f3n art\u00edstica, como reflejo de su tiempo ha sido part\u00edcipe de este cambio. Esto es una realidad en las producciones contempor\u00e1neas, y desde Galer\u00eda Punto queremos reunir, algunas de las producciones realizadas por los artistas mas activos del panorama nacional e internacional, reuniendo en A.N.T (Arte y Naturalezas Tecnol\u00f3gicas) un conjunto de obras que buscan crear la necesidad de observar de una forma diferente, partiendo desde su visualidad, pero exigiendo al espectador un esfuerzo mayor, una interactividad, una complicidad intuitiva y l\u00fadica.\u00a0Que el visitante asuma un rol central, siendo \u00e9l quien deba \u201crealizar\u201d la obra (acci\u00f3n) y a la vez \u201cser parte\u201d de la obra (su n\u00facleo), convirti\u00e9ndose de ese modo en un espectador\/participante, en un interactor, para localizar el sentido de las obras.<\/span><\/p>\n<p id=\"yui_3_16_0_1_1442251819113_6121\" class=\"yiv7145170838MsoNormal\" style=\"text-align: justify;\"><b id=\"yui_3_16_0_1_1442251819113_6128\"><span id=\"yui_3_16_0_1_1442251819113_6127\">Jos\u00e9 Antonio Orts<\/span><\/b>\u00a0(Valencia, 1955); <b>Hugo Mart\u00ednez-Tormo<\/b>\u00a0(Valencia, 1979);\u00a0<b>Bosch &amp; Simons<\/b>\u00a0(Amsterdam, 1958 -1961); <b>Rafael Lozano-Hemmer<\/b>\u00a0(M\u00e9xico, 1967);\u00a0<b>Solim\u00e1n L\u00f3pez<\/b>\u00a0(Burgos 1981); y\u00a0<b>Enrique Radigales<\/b>\u00a0(Zaragoza 1970).<\/p>\n<p class=\"yiv7145170838MsoNormal\" style=\"text-align: justify;\">[flickrset id=&#8221;72157658557947676&#8243; images_height=&#8221;375&#8243;]<\/p>\n<p id=\"yui_3_16_0_1_1442251819113_6123\" class=\"yiv7145170838MsoNormal\" style=\"text-align: justify;\"><span id=\"yui_3_16_0_1_1442251819113_6120\">El dise\u00f1o expositivo de la exhibici\u00f3n se ha realizado de manera flexible y vers\u00e1til, como met\u00e1fora de un rizoma, presentando las creaciones de los artistas invitados como un continuo devenir de sensaciones, donde la presencia de cada espectador transforma su fisonom\u00eda, otorg\u00e1ndole un nuevo tipo de naturaleza, un modelo que no cesa de construirse y de desaparecer, que no es objeto de reproducci\u00f3n, que s\u00f3lo est\u00e1 hecho de l\u00edneas ef\u00edmeras, como un sistema\u00a0centralizado\u00a0y no jer\u00e1rquico, definido \u00fanicamente por una circulaci\u00f3n de estados donde el espectador es el n\u00facleo.<\/span><\/p>\n<p class=\"yiv7145170838MsoNormal\" style=\"text-align: justify;\"><span id=\"yui_3_16_0_1_1442251819113_6125\">Los\u00a06 artistas\u00a0que componen A.N.T utilizan los datos &#8211; informaci\u00f3n \u2013 como sentido y origen de la obra art\u00edstica.\u00a0Todos ellos crean arte a trav\u00e9s de la interpretaci\u00f3n digital de datos.<\/span><\/p>\n<p class=\"yiv7145170838MsoNormal\" style=\"text-align: justify;\"><strong>Artistas: <\/strong><span id=\"yui_3_16_0_1_1442251819113_6127\">Jos\u00e9 Antonio Orts,<\/span> Hugo Mart\u00ednez-Tormo, Bosch &amp; Simons, Rafael Lozano-Hemmer, Solim\u00e1n L\u00f3pez, Enrique Radigales<strong><br \/>\nFechas:<\/strong> <span id=\"yui_3_16_0_1_1442251819113_6135\">Del 18 de septiembre al 14 de noviembre<\/span> de 2015<br \/>\n<strong>Lugar:<\/strong> Galer\u00eda Punto, Valencia<\/p>\n","protected":false},"excerpt":{"rendered":"<div class=\"tmnf_excerpt\"><p>A.N.T\u00a0surge desde\u00a0Galer\u00eda Punto\u00a0como una v\u00eda de comunicaci\u00f3n entre la tecnolog\u00eda y los discursos art\u00edsticos contempor\u00e1neos, los procesos de producci\u00f3n y re-producci\u00f3n digital, desde traducciones de modelos tangibles a mundos intangibles de informaci\u00f3n, luz y sonido; 6 artistas y 3 generaciones que dialogan entre s\u00ed. Con la evoluci\u00f3n y expansi\u00f3n de las tecnolog\u00edas digitales se ha &hellip;<\/p>\n<\/div>","protected":false},"author":2,"featured_media":36994,"comment_status":"open","ping_status":"open","sticky":false,"template":"","format":"standard","meta":{"footnotes":""},"categories":[2411,4,13,9,4031,2260,3201,32],"tags":[6255,2498,1760,1647,6254,4327,2345],"class_list":["post-36986","post","type-post","status-publish","format-standard","has-post-thumbnail","hentry","category-arte-digital","category-exposiciones","category-galerias-de-arte","category-instalacion","category-net-art","category-new-media","category-nuevas-tecnologias","category-valencia","tag-bosch-simons","tag-enrique-radigales","tag-galeria-punto","tag-hugo-martinez-tormo","tag-jose-antonio-orts","tag-rafael-lozano-hemmer","tag-soliman-lopez"],"yoast_head":"<!-- This site is optimized with the Yoast SEO plugin v27.4 - https:\/\/yoast.com\/product\/yoast-seo-wordpress\/ -->\n<title>PAC | A.N.T (Arte y Naturalezas Tecnol\u00f3gicas) en la Galer\u00eda Punto<\/title>\n<meta name=\"description\" content=\"Colectiva A.N.T en la Galer\u00eda Punto con Jos\u00e9 Antonio Orts, Hugo Mart\u00ednez-Tormo, Bosch &amp; Simons, Rafael Lozano-Hemmer, Solim\u00e1n L\u00f3pez y Enrique Radigales\" \/>\n<meta name=\"robots\" content=\"index, follow, max-snippet:-1, max-image-preview:large, max-video-preview:-1\" \/>\n<link rel=\"canonical\" href=\"https:\/\/www.plataformadeartecontemporaneo.com\/pac\/a-n-t-arte-y-naturalezas-tecnologicas-en-la-galeria-punto\/\" \/>\n<meta property=\"og:locale\" content=\"es_ES\" \/>\n<meta property=\"og:type\" content=\"article\" \/>\n<meta property=\"og:title\" content=\"PAC | A.N.T (Arte y Naturalezas Tecnol\u00f3gicas) en la Galer\u00eda Punto\" \/>\n<meta property=\"og:description\" content=\"Colectiva A.N.T en la Galer\u00eda Punto con Jos\u00e9 Antonio Orts, Hugo Mart\u00ednez-Tormo, Bosch &amp; Simons, Rafael Lozano-Hemmer, Solim\u00e1n L\u00f3pez y Enrique Radigales\" \/>\n<meta property=\"og:url\" content=\"https:\/\/www.plataformadeartecontemporaneo.com\/pac\/a-n-t-arte-y-naturalezas-tecnologicas-en-la-galeria-punto\/\" \/>\n<meta property=\"og:site_name\" content=\"PAC\" \/>\n<meta property=\"article:published_time\" content=\"2015-09-17T05:05:53+00:00\" \/>\n<meta property=\"og:image\" content=\"https:\/\/www.plataformadeartecontemporaneo.com\/pac\/wp-content\/uploads\/2015\/09\/11222722_1101167946563093_7665187110790050363_o.jpg\" \/>\n\t<meta property=\"og:image:width\" content=\"1263\" \/>\n\t<meta property=\"og:image:height\" content=\"700\" \/>\n\t<meta property=\"og:image:type\" content=\"image\/jpeg\" \/>\n<meta name=\"author\" content=\"Oscar Garcia Garcia\" \/>\n<meta name=\"twitter:label1\" content=\"Escrito por\" \/>\n\t<meta name=\"twitter:data1\" content=\"Oscar Garcia Garcia\" \/>\n\t<meta name=\"twitter:label2\" content=\"Tiempo de lectura\" \/>\n\t<meta name=\"twitter:data2\" content=\"2 minutos\" \/>\n<script type=\"application\/ld+json\" class=\"yoast-schema-graph\">{\"@context\":\"https:\\\/\\\/schema.org\",\"@graph\":[{\"@type\":\"Article\",\"@id\":\"https:\\\/\\\/www.plataformadeartecontemporaneo.com\\\/pac\\\/a-n-t-arte-y-naturalezas-tecnologicas-en-la-galeria-punto\\\/#article\",\"isPartOf\":{\"@id\":\"https:\\\/\\\/www.plataformadeartecontemporaneo.com\\\/pac\\\/a-n-t-arte-y-naturalezas-tecnologicas-en-la-galeria-punto\\\/\"},\"author\":{\"name\":\"Oscar Garcia Garcia\",\"@id\":\"https:\\\/\\\/www.plataformadeartecontemporaneo.com\\\/pac\\\/#\\\/schema\\\/person\\\/1000a254d6e3294f80e1bdfcb17c205c\"},\"headline\":\"A.N.T (Arte y Naturalezas Tecnol\u00f3gicas) en la Galer\u00eda Punto\",\"datePublished\":\"2015-09-17T05:05:53+00:00\",\"mainEntityOfPage\":{\"@id\":\"https:\\\/\\\/www.plataformadeartecontemporaneo.com\\\/pac\\\/a-n-t-arte-y-naturalezas-tecnologicas-en-la-galeria-punto\\\/\"},\"wordCount\":437,\"commentCount\":1,\"publisher\":{\"@id\":\"https:\\\/\\\/www.plataformadeartecontemporaneo.com\\\/pac\\\/#organization\"},\"image\":{\"@id\":\"https:\\\/\\\/www.plataformadeartecontemporaneo.com\\\/pac\\\/a-n-t-arte-y-naturalezas-tecnologicas-en-la-galeria-punto\\\/#primaryimage\"},\"thumbnailUrl\":\"https:\\\/\\\/www.plataformadeartecontemporaneo.com\\\/pac\\\/wp-content\\\/uploads\\\/2015\\\/09\\\/11222722_1101167946563093_7665187110790050363_o.jpg\",\"keywords\":[\"Bosch &amp; Simons\",\"Enrique Radigales\",\"Galer\u00eda Punto\",\"Hugo Mart\u00ednez-Tormo\",\"Jos\u00e9 Antonio Orts\",\"Rafael Lozano-Hemmer\",\"Solim\u00e1n L\u00f3pez\"],\"articleSection\":[\"Arte Digital\",\"Exposiciones\",\"Galer\u00edas de arte\",\"Instalaci\u00f3n\",\"Net.Art\",\"New Media\",\"Nuevas Tecnolog\u00edas\",\"Valencia\"],\"inLanguage\":\"es\",\"potentialAction\":[{\"@type\":\"CommentAction\",\"name\":\"Comment\",\"target\":[\"https:\\\/\\\/www.plataformadeartecontemporaneo.com\\\/pac\\\/a-n-t-arte-y-naturalezas-tecnologicas-en-la-galeria-punto\\\/#respond\"]}]},{\"@type\":\"WebPage\",\"@id\":\"https:\\\/\\\/www.plataformadeartecontemporaneo.com\\\/pac\\\/a-n-t-arte-y-naturalezas-tecnologicas-en-la-galeria-punto\\\/\",\"url\":\"https:\\\/\\\/www.plataformadeartecontemporaneo.com\\\/pac\\\/a-n-t-arte-y-naturalezas-tecnologicas-en-la-galeria-punto\\\/\",\"name\":\"PAC | A.N.T (Arte y Naturalezas Tecnol\u00f3gicas) en la Galer\u00eda Punto\",\"isPartOf\":{\"@id\":\"https:\\\/\\\/www.plataformadeartecontemporaneo.com\\\/pac\\\/#website\"},\"primaryImageOfPage\":{\"@id\":\"https:\\\/\\\/www.plataformadeartecontemporaneo.com\\\/pac\\\/a-n-t-arte-y-naturalezas-tecnologicas-en-la-galeria-punto\\\/#primaryimage\"},\"image\":{\"@id\":\"https:\\\/\\\/www.plataformadeartecontemporaneo.com\\\/pac\\\/a-n-t-arte-y-naturalezas-tecnologicas-en-la-galeria-punto\\\/#primaryimage\"},\"thumbnailUrl\":\"https:\\\/\\\/www.plataformadeartecontemporaneo.com\\\/pac\\\/wp-content\\\/uploads\\\/2015\\\/09\\\/11222722_1101167946563093_7665187110790050363_o.jpg\",\"datePublished\":\"2015-09-17T05:05:53+00:00\",\"description\":\"Colectiva A.N.T en la Galer\u00eda Punto con Jos\u00e9 Antonio Orts, Hugo Mart\u00ednez-Tormo, Bosch & Simons, Rafael Lozano-Hemmer, Solim\u00e1n L\u00f3pez y Enrique Radigales\",\"breadcrumb\":{\"@id\":\"https:\\\/\\\/www.plataformadeartecontemporaneo.com\\\/pac\\\/a-n-t-arte-y-naturalezas-tecnologicas-en-la-galeria-punto\\\/#breadcrumb\"},\"inLanguage\":\"es\",\"potentialAction\":[{\"@type\":\"ReadAction\",\"target\":[\"https:\\\/\\\/www.plataformadeartecontemporaneo.com\\\/pac\\\/a-n-t-arte-y-naturalezas-tecnologicas-en-la-galeria-punto\\\/\"]}]},{\"@type\":\"ImageObject\",\"inLanguage\":\"es\",\"@id\":\"https:\\\/\\\/www.plataformadeartecontemporaneo.com\\\/pac\\\/a-n-t-arte-y-naturalezas-tecnologicas-en-la-galeria-punto\\\/#primaryimage\",\"url\":\"https:\\\/\\\/www.plataformadeartecontemporaneo.com\\\/pac\\\/wp-content\\\/uploads\\\/2015\\\/09\\\/11222722_1101167946563093_7665187110790050363_o.jpg\",\"contentUrl\":\"https:\\\/\\\/www.plataformadeartecontemporaneo.com\\\/pac\\\/wp-content\\\/uploads\\\/2015\\\/09\\\/11222722_1101167946563093_7665187110790050363_o.jpg\",\"width\":1263,\"height\":700,\"caption\":\"A.N.T (Arte y Naturalezas Tecnol\u00f3gicas) - Galer\u00eda Punto\"},{\"@type\":\"BreadcrumbList\",\"@id\":\"https:\\\/\\\/www.plataformadeartecontemporaneo.com\\\/pac\\\/a-n-t-arte-y-naturalezas-tecnologicas-en-la-galeria-punto\\\/#breadcrumb\",\"itemListElement\":[{\"@type\":\"ListItem\",\"position\":1,\"name\":\"Portada\",\"item\":\"https:\\\/\\\/www.plataformadeartecontemporaneo.com\\\/pac\\\/\"},{\"@type\":\"ListItem\",\"position\":2,\"name\":\"A.N.T (Arte y Naturalezas Tecnol\u00f3gicas) en la Galer\u00eda Punto\"}]},{\"@type\":\"WebSite\",\"@id\":\"https:\\\/\\\/www.plataformadeartecontemporaneo.com\\\/pac\\\/#website\",\"url\":\"https:\\\/\\\/www.plataformadeartecontemporaneo.com\\\/pac\\\/\",\"name\":\"PAC\",\"description\":\"Plataforma de Arte Contempor\u00e1neo\",\"publisher\":{\"@id\":\"https:\\\/\\\/www.plataformadeartecontemporaneo.com\\\/pac\\\/#organization\"},\"potentialAction\":[{\"@type\":\"SearchAction\",\"target\":{\"@type\":\"EntryPoint\",\"urlTemplate\":\"https:\\\/\\\/www.plataformadeartecontemporaneo.com\\\/pac\\\/?s={search_term_string}\"},\"query-input\":{\"@type\":\"PropertyValueSpecification\",\"valueRequired\":true,\"valueName\":\"search_term_string\"}}],\"inLanguage\":\"es\"},{\"@type\":\"Organization\",\"@id\":\"https:\\\/\\\/www.plataformadeartecontemporaneo.com\\\/pac\\\/#organization\",\"name\":\"PAC\",\"url\":\"https:\\\/\\\/www.plataformadeartecontemporaneo.com\\\/pac\\\/\",\"logo\":{\"@type\":\"ImageObject\",\"inLanguage\":\"es\",\"@id\":\"https:\\\/\\\/www.plataformadeartecontemporaneo.com\\\/pac\\\/#\\\/schema\\\/logo\\\/image\\\/\",\"url\":\"https:\\\/\\\/www.plataformadeartecontemporaneo.com\\\/pac\\\/wp-content\\\/uploads\\\/2020\\\/10\\\/LOGO-PAC-FOOTER-TRANSPARENTE.png\",\"contentUrl\":\"https:\\\/\\\/www.plataformadeartecontemporaneo.com\\\/pac\\\/wp-content\\\/uploads\\\/2020\\\/10\\\/LOGO-PAC-FOOTER-TRANSPARENTE.png\",\"width\":200,\"height\":48,\"caption\":\"PAC\"},\"image\":{\"@id\":\"https:\\\/\\\/www.plataformadeartecontemporaneo.com\\\/pac\\\/#\\\/schema\\\/logo\\\/image\\\/\"}},{\"@type\":\"Person\",\"@id\":\"https:\\\/\\\/www.plataformadeartecontemporaneo.com\\\/pac\\\/#\\\/schema\\\/person\\\/1000a254d6e3294f80e1bdfcb17c205c\",\"name\":\"Oscar Garcia Garcia\",\"image\":{\"@type\":\"ImageObject\",\"inLanguage\":\"es\",\"@id\":\"https:\\\/\\\/secure.gravatar.com\\\/avatar\\\/79b6fa3c23c1a1052e0da1a947471cce4118465f4e5fd687792f052e187a833d?s=96&d=wp_user_avatar&r=g\",\"url\":\"https:\\\/\\\/secure.gravatar.com\\\/avatar\\\/79b6fa3c23c1a1052e0da1a947471cce4118465f4e5fd687792f052e187a833d?s=96&d=wp_user_avatar&r=g\",\"contentUrl\":\"https:\\\/\\\/secure.gravatar.com\\\/avatar\\\/79b6fa3c23c1a1052e0da1a947471cce4118465f4e5fd687792f052e187a833d?s=96&d=wp_user_avatar&r=g\",\"caption\":\"Oscar Garcia Garcia\"},\"description\":\"Comisario independiente \\\/\\\/ Co-Fundador de PAC Plataforma de Arte Contempor\u00e1neo \\\/\\\/ Director de JustMAD Art Fair y JustLX \\\/\\\/ Autor del libro: Dios Salve el Arte Contempor\u00e1neo\",\"sameAs\":[\"https:\\\/\\\/www.planetadelibros.com\\\/libro-dios-salve-el-arte-contemporaneo\\\/300020\"],\"url\":\"https:\\\/\\\/www.plataformadeartecontemporaneo.com\\\/pac\\\/author\\\/oscar\\\/\"}]}<\/script>\n<!-- \/ Yoast SEO plugin. -->","yoast_head_json":{"title":"PAC | A.N.T (Arte y Naturalezas Tecnol\u00f3gicas) en la Galer\u00eda Punto","description":"Colectiva A.N.T en la Galer\u00eda Punto con Jos\u00e9 Antonio Orts, Hugo Mart\u00ednez-Tormo, Bosch & Simons, Rafael Lozano-Hemmer, Solim\u00e1n L\u00f3pez y Enrique Radigales","robots":{"index":"index","follow":"follow","max-snippet":"max-snippet:-1","max-image-preview":"max-image-preview:large","max-video-preview":"max-video-preview:-1"},"canonical":"https:\/\/www.plataformadeartecontemporaneo.com\/pac\/a-n-t-arte-y-naturalezas-tecnologicas-en-la-galeria-punto\/","og_locale":"es_ES","og_type":"article","og_title":"PAC | A.N.T (Arte y Naturalezas Tecnol\u00f3gicas) en la Galer\u00eda Punto","og_description":"Colectiva A.N.T en la Galer\u00eda Punto con Jos\u00e9 Antonio Orts, Hugo Mart\u00ednez-Tormo, Bosch & Simons, Rafael Lozano-Hemmer, Solim\u00e1n L\u00f3pez y Enrique Radigales","og_url":"https:\/\/www.plataformadeartecontemporaneo.com\/pac\/a-n-t-arte-y-naturalezas-tecnologicas-en-la-galeria-punto\/","og_site_name":"PAC","article_published_time":"2015-09-17T05:05:53+00:00","og_image":[{"width":1263,"height":700,"url":"https:\/\/www.plataformadeartecontemporaneo.com\/pac\/wp-content\/uploads\/2015\/09\/11222722_1101167946563093_7665187110790050363_o.jpg","type":"image\/jpeg"}],"author":"Oscar Garcia Garcia","twitter_misc":{"Escrito por":"Oscar Garcia Garcia","Tiempo de lectura":"2 minutos"},"schema":{"@context":"https:\/\/schema.org","@graph":[{"@type":"Article","@id":"https:\/\/www.plataformadeartecontemporaneo.com\/pac\/a-n-t-arte-y-naturalezas-tecnologicas-en-la-galeria-punto\/#article","isPartOf":{"@id":"https:\/\/www.plataformadeartecontemporaneo.com\/pac\/a-n-t-arte-y-naturalezas-tecnologicas-en-la-galeria-punto\/"},"author":{"name":"Oscar Garcia Garcia","@id":"https:\/\/www.plataformadeartecontemporaneo.com\/pac\/#\/schema\/person\/1000a254d6e3294f80e1bdfcb17c205c"},"headline":"A.N.T (Arte y Naturalezas Tecnol\u00f3gicas) en la Galer\u00eda Punto","datePublished":"2015-09-17T05:05:53+00:00","mainEntityOfPage":{"@id":"https:\/\/www.plataformadeartecontemporaneo.com\/pac\/a-n-t-arte-y-naturalezas-tecnologicas-en-la-galeria-punto\/"},"wordCount":437,"commentCount":1,"publisher":{"@id":"https:\/\/www.plataformadeartecontemporaneo.com\/pac\/#organization"},"image":{"@id":"https:\/\/www.plataformadeartecontemporaneo.com\/pac\/a-n-t-arte-y-naturalezas-tecnologicas-en-la-galeria-punto\/#primaryimage"},"thumbnailUrl":"https:\/\/www.plataformadeartecontemporaneo.com\/pac\/wp-content\/uploads\/2015\/09\/11222722_1101167946563093_7665187110790050363_o.jpg","keywords":["Bosch &amp; Simons","Enrique Radigales","Galer\u00eda Punto","Hugo Mart\u00ednez-Tormo","Jos\u00e9 Antonio Orts","Rafael Lozano-Hemmer","Solim\u00e1n L\u00f3pez"],"articleSection":["Arte Digital","Exposiciones","Galer\u00edas de arte","Instalaci\u00f3n","Net.Art","New Media","Nuevas Tecnolog\u00edas","Valencia"],"inLanguage":"es","potentialAction":[{"@type":"CommentAction","name":"Comment","target":["https:\/\/www.plataformadeartecontemporaneo.com\/pac\/a-n-t-arte-y-naturalezas-tecnologicas-en-la-galeria-punto\/#respond"]}]},{"@type":"WebPage","@id":"https:\/\/www.plataformadeartecontemporaneo.com\/pac\/a-n-t-arte-y-naturalezas-tecnologicas-en-la-galeria-punto\/","url":"https:\/\/www.plataformadeartecontemporaneo.com\/pac\/a-n-t-arte-y-naturalezas-tecnologicas-en-la-galeria-punto\/","name":"PAC | A.N.T (Arte y Naturalezas Tecnol\u00f3gicas) en la Galer\u00eda Punto","isPartOf":{"@id":"https:\/\/www.plataformadeartecontemporaneo.com\/pac\/#website"},"primaryImageOfPage":{"@id":"https:\/\/www.plataformadeartecontemporaneo.com\/pac\/a-n-t-arte-y-naturalezas-tecnologicas-en-la-galeria-punto\/#primaryimage"},"image":{"@id":"https:\/\/www.plataformadeartecontemporaneo.com\/pac\/a-n-t-arte-y-naturalezas-tecnologicas-en-la-galeria-punto\/#primaryimage"},"thumbnailUrl":"https:\/\/www.plataformadeartecontemporaneo.com\/pac\/wp-content\/uploads\/2015\/09\/11222722_1101167946563093_7665187110790050363_o.jpg","datePublished":"2015-09-17T05:05:53+00:00","description":"Colectiva A.N.T en la Galer\u00eda Punto con Jos\u00e9 Antonio Orts, Hugo Mart\u00ednez-Tormo, Bosch & Simons, Rafael Lozano-Hemmer, Solim\u00e1n L\u00f3pez y Enrique Radigales","breadcrumb":{"@id":"https:\/\/www.plataformadeartecontemporaneo.com\/pac\/a-n-t-arte-y-naturalezas-tecnologicas-en-la-galeria-punto\/#breadcrumb"},"inLanguage":"es","potentialAction":[{"@type":"ReadAction","target":["https:\/\/www.plataformadeartecontemporaneo.com\/pac\/a-n-t-arte-y-naturalezas-tecnologicas-en-la-galeria-punto\/"]}]},{"@type":"ImageObject","inLanguage":"es","@id":"https:\/\/www.plataformadeartecontemporaneo.com\/pac\/a-n-t-arte-y-naturalezas-tecnologicas-en-la-galeria-punto\/#primaryimage","url":"https:\/\/www.plataformadeartecontemporaneo.com\/pac\/wp-content\/uploads\/2015\/09\/11222722_1101167946563093_7665187110790050363_o.jpg","contentUrl":"https:\/\/www.plataformadeartecontemporaneo.com\/pac\/wp-content\/uploads\/2015\/09\/11222722_1101167946563093_7665187110790050363_o.jpg","width":1263,"height":700,"caption":"A.N.T (Arte y Naturalezas Tecnol\u00f3gicas) - Galer\u00eda Punto"},{"@type":"BreadcrumbList","@id":"https:\/\/www.plataformadeartecontemporaneo.com\/pac\/a-n-t-arte-y-naturalezas-tecnologicas-en-la-galeria-punto\/#breadcrumb","itemListElement":[{"@type":"ListItem","position":1,"name":"Portada","item":"https:\/\/www.plataformadeartecontemporaneo.com\/pac\/"},{"@type":"ListItem","position":2,"name":"A.N.T (Arte y Naturalezas Tecnol\u00f3gicas) en la Galer\u00eda Punto"}]},{"@type":"WebSite","@id":"https:\/\/www.plataformadeartecontemporaneo.com\/pac\/#website","url":"https:\/\/www.plataformadeartecontemporaneo.com\/pac\/","name":"PAC","description":"Plataforma de Arte Contempor\u00e1neo","publisher":{"@id":"https:\/\/www.plataformadeartecontemporaneo.com\/pac\/#organization"},"potentialAction":[{"@type":"SearchAction","target":{"@type":"EntryPoint","urlTemplate":"https:\/\/www.plataformadeartecontemporaneo.com\/pac\/?s={search_term_string}"},"query-input":{"@type":"PropertyValueSpecification","valueRequired":true,"valueName":"search_term_string"}}],"inLanguage":"es"},{"@type":"Organization","@id":"https:\/\/www.plataformadeartecontemporaneo.com\/pac\/#organization","name":"PAC","url":"https:\/\/www.plataformadeartecontemporaneo.com\/pac\/","logo":{"@type":"ImageObject","inLanguage":"es","@id":"https:\/\/www.plataformadeartecontemporaneo.com\/pac\/#\/schema\/logo\/image\/","url":"https:\/\/www.plataformadeartecontemporaneo.com\/pac\/wp-content\/uploads\/2020\/10\/LOGO-PAC-FOOTER-TRANSPARENTE.png","contentUrl":"https:\/\/www.plataformadeartecontemporaneo.com\/pac\/wp-content\/uploads\/2020\/10\/LOGO-PAC-FOOTER-TRANSPARENTE.png","width":200,"height":48,"caption":"PAC"},"image":{"@id":"https:\/\/www.plataformadeartecontemporaneo.com\/pac\/#\/schema\/logo\/image\/"}},{"@type":"Person","@id":"https:\/\/www.plataformadeartecontemporaneo.com\/pac\/#\/schema\/person\/1000a254d6e3294f80e1bdfcb17c205c","name":"Oscar Garcia Garcia","image":{"@type":"ImageObject","inLanguage":"es","@id":"https:\/\/secure.gravatar.com\/avatar\/79b6fa3c23c1a1052e0da1a947471cce4118465f4e5fd687792f052e187a833d?s=96&d=wp_user_avatar&r=g","url":"https:\/\/secure.gravatar.com\/avatar\/79b6fa3c23c1a1052e0da1a947471cce4118465f4e5fd687792f052e187a833d?s=96&d=wp_user_avatar&r=g","contentUrl":"https:\/\/secure.gravatar.com\/avatar\/79b6fa3c23c1a1052e0da1a947471cce4118465f4e5fd687792f052e187a833d?s=96&d=wp_user_avatar&r=g","caption":"Oscar Garcia Garcia"},"description":"Comisario independiente \/\/ Co-Fundador de PAC Plataforma de Arte Contempor\u00e1neo \/\/ Director de JustMAD Art Fair y JustLX \/\/ Autor del libro: Dios Salve el Arte Contempor\u00e1neo","sameAs":["https:\/\/www.planetadelibros.com\/libro-dios-salve-el-arte-contemporaneo\/300020"],"url":"https:\/\/www.plataformadeartecontemporaneo.com\/pac\/author\/oscar\/"}]}},"_links":{"self":[{"href":"https:\/\/www.plataformadeartecontemporaneo.com\/pac\/wp-json\/wp\/v2\/posts\/36986","targetHints":{"allow":["GET"]}}],"collection":[{"href":"https:\/\/www.plataformadeartecontemporaneo.com\/pac\/wp-json\/wp\/v2\/posts"}],"about":[{"href":"https:\/\/www.plataformadeartecontemporaneo.com\/pac\/wp-json\/wp\/v2\/types\/post"}],"author":[{"embeddable":true,"href":"https:\/\/www.plataformadeartecontemporaneo.com\/pac\/wp-json\/wp\/v2\/users\/2"}],"replies":[{"embeddable":true,"href":"https:\/\/www.plataformadeartecontemporaneo.com\/pac\/wp-json\/wp\/v2\/comments?post=36986"}],"version-history":[{"count":3,"href":"https:\/\/www.plataformadeartecontemporaneo.com\/pac\/wp-json\/wp\/v2\/posts\/36986\/revisions"}],"predecessor-version":[{"id":36995,"href":"https:\/\/www.plataformadeartecontemporaneo.com\/pac\/wp-json\/wp\/v2\/posts\/36986\/revisions\/36995"}],"wp:featuredmedia":[{"embeddable":true,"href":"https:\/\/www.plataformadeartecontemporaneo.com\/pac\/wp-json\/wp\/v2\/media\/36994"}],"wp:attachment":[{"href":"https:\/\/www.plataformadeartecontemporaneo.com\/pac\/wp-json\/wp\/v2\/media?parent=36986"}],"wp:term":[{"taxonomy":"category","embeddable":true,"href":"https:\/\/www.plataformadeartecontemporaneo.com\/pac\/wp-json\/wp\/v2\/categories?post=36986"},{"taxonomy":"post_tag","embeddable":true,"href":"https:\/\/www.plataformadeartecontemporaneo.com\/pac\/wp-json\/wp\/v2\/tags?post=36986"}],"curies":[{"name":"wp","href":"https:\/\/api.w.org\/{rel}","templated":true}]}}