




{"id":48844,"date":"2017-10-11T07:03:52","date_gmt":"2017-10-11T05:03:52","guid":{"rendered":"http:\/\/www.plataformadeartecontemporaneo.com\/pac\/?p=48844"},"modified":"2017-10-10T22:31:20","modified_gmt":"2017-10-10T20:31:20","slug":"javier-palacios-magic-dolmen","status":"publish","type":"post","link":"https:\/\/www.plataformadeartecontemporaneo.com\/pac\/javier-palacios-magic-dolmen\/","title":{"rendered":"Javier Palacios \u201cMagic Dolmen\u201d"},"content":{"rendered":"<p style=\"text-align: justify;\">La Galer\u00eda <a href=\"http:\/\/espaitactel.com\" target=\"_blank\"><strong>ESPAI TACTEL<\/strong><\/a> abre nueva temporada con la muestra\u00a0\u201cMagic Dolmen\u201d del artista <a href=\"http:\/\/www.javierpalacios.es\" target=\"_blank\"><strong>Javier Palacios<\/strong><\/a> (Jerez de la Frontera, 1985). Segunda exposici\u00f3n individual en su galer\u00eda valenciana despu\u00e9s de haber expuesto en galer\u00edas, museos, ferias de arte nacionales e internacionales y obtener recientemente la Beca Vel\u00e1zquez 2017.<\/p>\n<p style=\"text-align: justify;\"><img fetchpriority=\"high\" decoding=\"async\" class=\" size-medium wp-image-48847 aligncenter\" src=\"http:\/\/www.plataformadeartecontemporaneo.com\/pac\/wp-content\/uploads\/2017\/10\/Javier-Palacios-Espai-Tactel-466x585.jpg\" alt=\"Javier Palacios - Espai Tactel\" width=\"466\" height=\"585\" srcset=\"https:\/\/www.plataformadeartecontemporaneo.com\/pac\/wp-content\/uploads\/2017\/10\/Javier-Palacios-Espai-Tactel-466x585.jpg 466w, https:\/\/www.plataformadeartecontemporaneo.com\/pac\/wp-content\/uploads\/2017\/10\/Javier-Palacios-Espai-Tactel-478x600.jpg 478w, https:\/\/www.plataformadeartecontemporaneo.com\/pac\/wp-content\/uploads\/2017\/10\/Javier-Palacios-Espai-Tactel-470x590.jpg 470w, https:\/\/www.plataformadeartecontemporaneo.com\/pac\/wp-content\/uploads\/2017\/10\/Javier-Palacios-Espai-Tactel-325x408.jpg 325w, https:\/\/www.plataformadeartecontemporaneo.com\/pac\/wp-content\/uploads\/2017\/10\/Javier-Palacios-Espai-Tactel.jpg 600w\" sizes=\"(max-width: 466px) 100vw, 466px\" \/><\/p>\n<p style=\"text-align: justify;\">El trabajo de Javier Palacios cuestiona y reivindica el lenguaje de la pintura figurativa. A trav\u00e9s de sus proyectos construye una revisi\u00f3n de los g\u00e9neros tradicionales para generar un mapa visual de la percepci\u00f3n contempor\u00e1nea de la imagen. Donde una parte importante del proceso es la selecci\u00f3n de im\u00e1genes fotogr\u00e1ficas que utiliza como referentes para su pintura. Por un lado, emplea im\u00e1genes encontradas en Internet que retoca y descontextualiza buscando nuevas relaciones y significados. Por otro lado, fabrica sus propias maquetas con materiales de desecho, que fotograf\u00eda y retoca para traducirlas posteriormente al lenguaje pict\u00f3rico. Se produce as\u00ed un di\u00e1logo continuo entre imagen virtual, escultura, fotograf\u00eda y pintura.<\/p>\n<p style=\"text-align: justify;\">Las obras se relacionan entre s\u00ed por la sensaci\u00f3n com\u00fan de que algo inquietante se encuentra detr\u00e1s de lo aparentemente bello y fr\u00edvolo, como im\u00e1genes cercanas a lo pop que esconden algo defectuoso en su interior. Se produce una fluctuaci\u00f3n entre lo superficial y lo profundo que plantea la siguiente hip\u00f3tesis, actualizando la frase de Paul Valery, radicalmente contempor\u00e1nea: \u00abLo m\u00e1s profundo es la piel\u00bb.<\/p>\n<p style=\"text-align: justify;\"><strong>Artista:<\/strong> Javier Palacios<br \/>\n<strong>Fechas:<\/strong> Del 29 de Octubre al 11 de Noviembre de 2017<br \/>\n<strong>Lugar:<\/strong>\u00a0Galer\u00eda ESPAI TACTEL, Valencia<\/p>\n","protected":false},"excerpt":{"rendered":"<div class=\"tmnf_excerpt\"><p>La Galer\u00eda ESPAI TACTEL abre nueva temporada con la muestra\u00a0\u201cMagic Dolmen\u201d del artista Javier Palacios (Jerez de la Frontera, 1985). Segunda exposici\u00f3n individual en su galer\u00eda valenciana despu\u00e9s de haber expuesto en galer\u00edas, museos, ferias de arte nacionales e internacionales y obtener recientemente la Beca Vel\u00e1zquez 2017. El trabajo de Javier Palacios cuestiona y reivindica &hellip;<\/p>\n<\/div>","protected":false},"author":2,"featured_media":48847,"comment_status":"open","ping_status":"open","sticky":false,"template":"","format":"standard","meta":{"footnotes":""},"categories":[4,13,5,32],"tags":[3089,4303],"class_list":["post-48844","post","type-post","status-publish","format-standard","has-post-thumbnail","hentry","category-exposiciones","category-galerias-de-arte","category-pintura","category-valencia","tag-espai-tactel","tag-javier-palacios"],"yoast_head":"<!-- This site is optimized with the Yoast SEO plugin v27.4 - https:\/\/yoast.com\/product\/yoast-seo-wordpress\/ -->\n<title>PAC | Javier Palacios \u201cMagic Dolmen\u201d<\/title>\n<meta name=\"description\" content=\"La galer\u00eda ESPAI TACTEL de Valencia abre nueva temporada con la muestra \u201cMagic Dolmen\u201d del artista Javier Palacios (Jerez de la Frontera, 1985)\" \/>\n<meta name=\"robots\" content=\"index, follow, max-snippet:-1, max-image-preview:large, max-video-preview:-1\" \/>\n<link rel=\"canonical\" href=\"https:\/\/www.plataformadeartecontemporaneo.com\/pac\/javier-palacios-magic-dolmen\/\" \/>\n<meta property=\"og:locale\" content=\"es_ES\" \/>\n<meta property=\"og:type\" content=\"article\" \/>\n<meta property=\"og:title\" content=\"PAC | Javier Palacios \u201cMagic Dolmen\u201d\" \/>\n<meta property=\"og:description\" content=\"La galer\u00eda ESPAI TACTEL de Valencia abre nueva temporada con la muestra \u201cMagic Dolmen\u201d del artista Javier Palacios (Jerez de la Frontera, 1985)\" \/>\n<meta property=\"og:url\" content=\"https:\/\/www.plataformadeartecontemporaneo.com\/pac\/javier-palacios-magic-dolmen\/\" \/>\n<meta property=\"og:site_name\" content=\"PAC\" \/>\n<meta property=\"article:published_time\" content=\"2017-10-11T05:03:52+00:00\" \/>\n<meta property=\"og:image\" content=\"https:\/\/www.plataformadeartecontemporaneo.com\/pac\/wp-content\/uploads\/2017\/10\/Javier-Palacios-Espai-Tactel.jpg\" \/>\n\t<meta property=\"og:image:width\" content=\"600\" \/>\n\t<meta property=\"og:image:height\" content=\"753\" \/>\n\t<meta property=\"og:image:type\" content=\"image\/jpeg\" \/>\n<meta name=\"author\" content=\"Oscar Garcia Garcia\" \/>\n<meta name=\"twitter:label1\" content=\"Escrito por\" \/>\n\t<meta name=\"twitter:data1\" content=\"Oscar Garcia Garcia\" \/>\n\t<meta name=\"twitter:label2\" content=\"Tiempo de lectura\" \/>\n\t<meta name=\"twitter:data2\" content=\"1 minuto\" \/>\n<script type=\"application\/ld+json\" class=\"yoast-schema-graph\">{\"@context\":\"https:\\\/\\\/schema.org\",\"@graph\":[{\"@type\":\"Article\",\"@id\":\"https:\\\/\\\/www.plataformadeartecontemporaneo.com\\\/pac\\\/javier-palacios-magic-dolmen\\\/#article\",\"isPartOf\":{\"@id\":\"https:\\\/\\\/www.plataformadeartecontemporaneo.com\\\/pac\\\/javier-palacios-magic-dolmen\\\/\"},\"author\":{\"name\":\"Oscar Garcia Garcia\",\"@id\":\"https:\\\/\\\/www.plataformadeartecontemporaneo.com\\\/pac\\\/#\\\/schema\\\/person\\\/1000a254d6e3294f80e1bdfcb17c205c\"},\"headline\":\"Javier Palacios \u201cMagic Dolmen\u201d\",\"datePublished\":\"2017-10-11T05:03:52+00:00\",\"mainEntityOfPage\":{\"@id\":\"https:\\\/\\\/www.plataformadeartecontemporaneo.com\\\/pac\\\/javier-palacios-magic-dolmen\\\/\"},\"wordCount\":268,\"commentCount\":0,\"publisher\":{\"@id\":\"https:\\\/\\\/www.plataformadeartecontemporaneo.com\\\/pac\\\/#organization\"},\"image\":{\"@id\":\"https:\\\/\\\/www.plataformadeartecontemporaneo.com\\\/pac\\\/javier-palacios-magic-dolmen\\\/#primaryimage\"},\"thumbnailUrl\":\"https:\\\/\\\/www.plataformadeartecontemporaneo.com\\\/pac\\\/wp-content\\\/uploads\\\/2017\\\/10\\\/Javier-Palacios-Espai-Tactel.jpg\",\"keywords\":[\"Espai Tactel\",\"Javier Palacios\"],\"articleSection\":[\"Exposiciones\",\"Galer\u00edas de arte\",\"Pintura\",\"Valencia\"],\"inLanguage\":\"es\",\"potentialAction\":[{\"@type\":\"CommentAction\",\"name\":\"Comment\",\"target\":[\"https:\\\/\\\/www.plataformadeartecontemporaneo.com\\\/pac\\\/javier-palacios-magic-dolmen\\\/#respond\"]}]},{\"@type\":\"WebPage\",\"@id\":\"https:\\\/\\\/www.plataformadeartecontemporaneo.com\\\/pac\\\/javier-palacios-magic-dolmen\\\/\",\"url\":\"https:\\\/\\\/www.plataformadeartecontemporaneo.com\\\/pac\\\/javier-palacios-magic-dolmen\\\/\",\"name\":\"PAC | Javier Palacios \u201cMagic Dolmen\u201d\",\"isPartOf\":{\"@id\":\"https:\\\/\\\/www.plataformadeartecontemporaneo.com\\\/pac\\\/#website\"},\"primaryImageOfPage\":{\"@id\":\"https:\\\/\\\/www.plataformadeartecontemporaneo.com\\\/pac\\\/javier-palacios-magic-dolmen\\\/#primaryimage\"},\"image\":{\"@id\":\"https:\\\/\\\/www.plataformadeartecontemporaneo.com\\\/pac\\\/javier-palacios-magic-dolmen\\\/#primaryimage\"},\"thumbnailUrl\":\"https:\\\/\\\/www.plataformadeartecontemporaneo.com\\\/pac\\\/wp-content\\\/uploads\\\/2017\\\/10\\\/Javier-Palacios-Espai-Tactel.jpg\",\"datePublished\":\"2017-10-11T05:03:52+00:00\",\"description\":\"La galer\u00eda ESPAI TACTEL de Valencia abre nueva temporada con la muestra \u201cMagic Dolmen\u201d del artista Javier Palacios (Jerez de la Frontera, 1985)\",\"breadcrumb\":{\"@id\":\"https:\\\/\\\/www.plataformadeartecontemporaneo.com\\\/pac\\\/javier-palacios-magic-dolmen\\\/#breadcrumb\"},\"inLanguage\":\"es\",\"potentialAction\":[{\"@type\":\"ReadAction\",\"target\":[\"https:\\\/\\\/www.plataformadeartecontemporaneo.com\\\/pac\\\/javier-palacios-magic-dolmen\\\/\"]}]},{\"@type\":\"ImageObject\",\"inLanguage\":\"es\",\"@id\":\"https:\\\/\\\/www.plataformadeartecontemporaneo.com\\\/pac\\\/javier-palacios-magic-dolmen\\\/#primaryimage\",\"url\":\"https:\\\/\\\/www.plataformadeartecontemporaneo.com\\\/pac\\\/wp-content\\\/uploads\\\/2017\\\/10\\\/Javier-Palacios-Espai-Tactel.jpg\",\"contentUrl\":\"https:\\\/\\\/www.plataformadeartecontemporaneo.com\\\/pac\\\/wp-content\\\/uploads\\\/2017\\\/10\\\/Javier-Palacios-Espai-Tactel.jpg\",\"width\":600,\"height\":753,\"caption\":\"Javier Palacios - Espai Tactel\"},{\"@type\":\"BreadcrumbList\",\"@id\":\"https:\\\/\\\/www.plataformadeartecontemporaneo.com\\\/pac\\\/javier-palacios-magic-dolmen\\\/#breadcrumb\",\"itemListElement\":[{\"@type\":\"ListItem\",\"position\":1,\"name\":\"Portada\",\"item\":\"https:\\\/\\\/www.plataformadeartecontemporaneo.com\\\/pac\\\/\"},{\"@type\":\"ListItem\",\"position\":2,\"name\":\"Javier Palacios \u201cMagic Dolmen\u201d\"}]},{\"@type\":\"WebSite\",\"@id\":\"https:\\\/\\\/www.plataformadeartecontemporaneo.com\\\/pac\\\/#website\",\"url\":\"https:\\\/\\\/www.plataformadeartecontemporaneo.com\\\/pac\\\/\",\"name\":\"PAC\",\"description\":\"Plataforma de Arte Contempor\u00e1neo\",\"publisher\":{\"@id\":\"https:\\\/\\\/www.plataformadeartecontemporaneo.com\\\/pac\\\/#organization\"},\"potentialAction\":[{\"@type\":\"SearchAction\",\"target\":{\"@type\":\"EntryPoint\",\"urlTemplate\":\"https:\\\/\\\/www.plataformadeartecontemporaneo.com\\\/pac\\\/?s={search_term_string}\"},\"query-input\":{\"@type\":\"PropertyValueSpecification\",\"valueRequired\":true,\"valueName\":\"search_term_string\"}}],\"inLanguage\":\"es\"},{\"@type\":\"Organization\",\"@id\":\"https:\\\/\\\/www.plataformadeartecontemporaneo.com\\\/pac\\\/#organization\",\"name\":\"PAC\",\"url\":\"https:\\\/\\\/www.plataformadeartecontemporaneo.com\\\/pac\\\/\",\"logo\":{\"@type\":\"ImageObject\",\"inLanguage\":\"es\",\"@id\":\"https:\\\/\\\/www.plataformadeartecontemporaneo.com\\\/pac\\\/#\\\/schema\\\/logo\\\/image\\\/\",\"url\":\"https:\\\/\\\/www.plataformadeartecontemporaneo.com\\\/pac\\\/wp-content\\\/uploads\\\/2020\\\/10\\\/LOGO-PAC-FOOTER-TRANSPARENTE.png\",\"contentUrl\":\"https:\\\/\\\/www.plataformadeartecontemporaneo.com\\\/pac\\\/wp-content\\\/uploads\\\/2020\\\/10\\\/LOGO-PAC-FOOTER-TRANSPARENTE.png\",\"width\":200,\"height\":48,\"caption\":\"PAC\"},\"image\":{\"@id\":\"https:\\\/\\\/www.plataformadeartecontemporaneo.com\\\/pac\\\/#\\\/schema\\\/logo\\\/image\\\/\"}},{\"@type\":\"Person\",\"@id\":\"https:\\\/\\\/www.plataformadeartecontemporaneo.com\\\/pac\\\/#\\\/schema\\\/person\\\/1000a254d6e3294f80e1bdfcb17c205c\",\"name\":\"Oscar Garcia Garcia\",\"image\":{\"@type\":\"ImageObject\",\"inLanguage\":\"es\",\"@id\":\"https:\\\/\\\/secure.gravatar.com\\\/avatar\\\/79b6fa3c23c1a1052e0da1a947471cce4118465f4e5fd687792f052e187a833d?s=96&d=wp_user_avatar&r=g\",\"url\":\"https:\\\/\\\/secure.gravatar.com\\\/avatar\\\/79b6fa3c23c1a1052e0da1a947471cce4118465f4e5fd687792f052e187a833d?s=96&d=wp_user_avatar&r=g\",\"contentUrl\":\"https:\\\/\\\/secure.gravatar.com\\\/avatar\\\/79b6fa3c23c1a1052e0da1a947471cce4118465f4e5fd687792f052e187a833d?s=96&d=wp_user_avatar&r=g\",\"caption\":\"Oscar Garcia Garcia\"},\"description\":\"Comisario independiente \\\/\\\/ Co-Fundador de PAC Plataforma de Arte Contempor\u00e1neo \\\/\\\/ Director de JustMAD Art Fair y JustLX \\\/\\\/ Autor del libro: Dios Salve el Arte Contempor\u00e1neo\",\"sameAs\":[\"https:\\\/\\\/www.planetadelibros.com\\\/libro-dios-salve-el-arte-contemporaneo\\\/300020\"],\"url\":\"https:\\\/\\\/www.plataformadeartecontemporaneo.com\\\/pac\\\/author\\\/oscar\\\/\"}]}<\/script>\n<!-- \/ Yoast SEO plugin. -->","yoast_head_json":{"title":"PAC | Javier Palacios \u201cMagic Dolmen\u201d","description":"La galer\u00eda ESPAI TACTEL de Valencia abre nueva temporada con la muestra \u201cMagic Dolmen\u201d del artista Javier Palacios (Jerez de la Frontera, 1985)","robots":{"index":"index","follow":"follow","max-snippet":"max-snippet:-1","max-image-preview":"max-image-preview:large","max-video-preview":"max-video-preview:-1"},"canonical":"https:\/\/www.plataformadeartecontemporaneo.com\/pac\/javier-palacios-magic-dolmen\/","og_locale":"es_ES","og_type":"article","og_title":"PAC | Javier Palacios \u201cMagic Dolmen\u201d","og_description":"La galer\u00eda ESPAI TACTEL de Valencia abre nueva temporada con la muestra \u201cMagic Dolmen\u201d del artista Javier Palacios (Jerez de la Frontera, 1985)","og_url":"https:\/\/www.plataformadeartecontemporaneo.com\/pac\/javier-palacios-magic-dolmen\/","og_site_name":"PAC","article_published_time":"2017-10-11T05:03:52+00:00","og_image":[{"width":600,"height":753,"url":"https:\/\/www.plataformadeartecontemporaneo.com\/pac\/wp-content\/uploads\/2017\/10\/Javier-Palacios-Espai-Tactel.jpg","type":"image\/jpeg"}],"author":"Oscar Garcia Garcia","twitter_misc":{"Escrito por":"Oscar Garcia Garcia","Tiempo de lectura":"1 minuto"},"schema":{"@context":"https:\/\/schema.org","@graph":[{"@type":"Article","@id":"https:\/\/www.plataformadeartecontemporaneo.com\/pac\/javier-palacios-magic-dolmen\/#article","isPartOf":{"@id":"https:\/\/www.plataformadeartecontemporaneo.com\/pac\/javier-palacios-magic-dolmen\/"},"author":{"name":"Oscar Garcia Garcia","@id":"https:\/\/www.plataformadeartecontemporaneo.com\/pac\/#\/schema\/person\/1000a254d6e3294f80e1bdfcb17c205c"},"headline":"Javier Palacios \u201cMagic Dolmen\u201d","datePublished":"2017-10-11T05:03:52+00:00","mainEntityOfPage":{"@id":"https:\/\/www.plataformadeartecontemporaneo.com\/pac\/javier-palacios-magic-dolmen\/"},"wordCount":268,"commentCount":0,"publisher":{"@id":"https:\/\/www.plataformadeartecontemporaneo.com\/pac\/#organization"},"image":{"@id":"https:\/\/www.plataformadeartecontemporaneo.com\/pac\/javier-palacios-magic-dolmen\/#primaryimage"},"thumbnailUrl":"https:\/\/www.plataformadeartecontemporaneo.com\/pac\/wp-content\/uploads\/2017\/10\/Javier-Palacios-Espai-Tactel.jpg","keywords":["Espai Tactel","Javier Palacios"],"articleSection":["Exposiciones","Galer\u00edas de arte","Pintura","Valencia"],"inLanguage":"es","potentialAction":[{"@type":"CommentAction","name":"Comment","target":["https:\/\/www.plataformadeartecontemporaneo.com\/pac\/javier-palacios-magic-dolmen\/#respond"]}]},{"@type":"WebPage","@id":"https:\/\/www.plataformadeartecontemporaneo.com\/pac\/javier-palacios-magic-dolmen\/","url":"https:\/\/www.plataformadeartecontemporaneo.com\/pac\/javier-palacios-magic-dolmen\/","name":"PAC | Javier Palacios \u201cMagic Dolmen\u201d","isPartOf":{"@id":"https:\/\/www.plataformadeartecontemporaneo.com\/pac\/#website"},"primaryImageOfPage":{"@id":"https:\/\/www.plataformadeartecontemporaneo.com\/pac\/javier-palacios-magic-dolmen\/#primaryimage"},"image":{"@id":"https:\/\/www.plataformadeartecontemporaneo.com\/pac\/javier-palacios-magic-dolmen\/#primaryimage"},"thumbnailUrl":"https:\/\/www.plataformadeartecontemporaneo.com\/pac\/wp-content\/uploads\/2017\/10\/Javier-Palacios-Espai-Tactel.jpg","datePublished":"2017-10-11T05:03:52+00:00","description":"La galer\u00eda ESPAI TACTEL de Valencia abre nueva temporada con la muestra \u201cMagic Dolmen\u201d del artista Javier Palacios (Jerez de la Frontera, 1985)","breadcrumb":{"@id":"https:\/\/www.plataformadeartecontemporaneo.com\/pac\/javier-palacios-magic-dolmen\/#breadcrumb"},"inLanguage":"es","potentialAction":[{"@type":"ReadAction","target":["https:\/\/www.plataformadeartecontemporaneo.com\/pac\/javier-palacios-magic-dolmen\/"]}]},{"@type":"ImageObject","inLanguage":"es","@id":"https:\/\/www.plataformadeartecontemporaneo.com\/pac\/javier-palacios-magic-dolmen\/#primaryimage","url":"https:\/\/www.plataformadeartecontemporaneo.com\/pac\/wp-content\/uploads\/2017\/10\/Javier-Palacios-Espai-Tactel.jpg","contentUrl":"https:\/\/www.plataformadeartecontemporaneo.com\/pac\/wp-content\/uploads\/2017\/10\/Javier-Palacios-Espai-Tactel.jpg","width":600,"height":753,"caption":"Javier Palacios - Espai Tactel"},{"@type":"BreadcrumbList","@id":"https:\/\/www.plataformadeartecontemporaneo.com\/pac\/javier-palacios-magic-dolmen\/#breadcrumb","itemListElement":[{"@type":"ListItem","position":1,"name":"Portada","item":"https:\/\/www.plataformadeartecontemporaneo.com\/pac\/"},{"@type":"ListItem","position":2,"name":"Javier Palacios \u201cMagic Dolmen\u201d"}]},{"@type":"WebSite","@id":"https:\/\/www.plataformadeartecontemporaneo.com\/pac\/#website","url":"https:\/\/www.plataformadeartecontemporaneo.com\/pac\/","name":"PAC","description":"Plataforma de Arte Contempor\u00e1neo","publisher":{"@id":"https:\/\/www.plataformadeartecontemporaneo.com\/pac\/#organization"},"potentialAction":[{"@type":"SearchAction","target":{"@type":"EntryPoint","urlTemplate":"https:\/\/www.plataformadeartecontemporaneo.com\/pac\/?s={search_term_string}"},"query-input":{"@type":"PropertyValueSpecification","valueRequired":true,"valueName":"search_term_string"}}],"inLanguage":"es"},{"@type":"Organization","@id":"https:\/\/www.plataformadeartecontemporaneo.com\/pac\/#organization","name":"PAC","url":"https:\/\/www.plataformadeartecontemporaneo.com\/pac\/","logo":{"@type":"ImageObject","inLanguage":"es","@id":"https:\/\/www.plataformadeartecontemporaneo.com\/pac\/#\/schema\/logo\/image\/","url":"https:\/\/www.plataformadeartecontemporaneo.com\/pac\/wp-content\/uploads\/2020\/10\/LOGO-PAC-FOOTER-TRANSPARENTE.png","contentUrl":"https:\/\/www.plataformadeartecontemporaneo.com\/pac\/wp-content\/uploads\/2020\/10\/LOGO-PAC-FOOTER-TRANSPARENTE.png","width":200,"height":48,"caption":"PAC"},"image":{"@id":"https:\/\/www.plataformadeartecontemporaneo.com\/pac\/#\/schema\/logo\/image\/"}},{"@type":"Person","@id":"https:\/\/www.plataformadeartecontemporaneo.com\/pac\/#\/schema\/person\/1000a254d6e3294f80e1bdfcb17c205c","name":"Oscar Garcia Garcia","image":{"@type":"ImageObject","inLanguage":"es","@id":"https:\/\/secure.gravatar.com\/avatar\/79b6fa3c23c1a1052e0da1a947471cce4118465f4e5fd687792f052e187a833d?s=96&d=wp_user_avatar&r=g","url":"https:\/\/secure.gravatar.com\/avatar\/79b6fa3c23c1a1052e0da1a947471cce4118465f4e5fd687792f052e187a833d?s=96&d=wp_user_avatar&r=g","contentUrl":"https:\/\/secure.gravatar.com\/avatar\/79b6fa3c23c1a1052e0da1a947471cce4118465f4e5fd687792f052e187a833d?s=96&d=wp_user_avatar&r=g","caption":"Oscar Garcia Garcia"},"description":"Comisario independiente \/\/ Co-Fundador de PAC Plataforma de Arte Contempor\u00e1neo \/\/ Director de JustMAD Art Fair y JustLX \/\/ Autor del libro: Dios Salve el Arte Contempor\u00e1neo","sameAs":["https:\/\/www.planetadelibros.com\/libro-dios-salve-el-arte-contemporaneo\/300020"],"url":"https:\/\/www.plataformadeartecontemporaneo.com\/pac\/author\/oscar\/"}]}},"_links":{"self":[{"href":"https:\/\/www.plataformadeartecontemporaneo.com\/pac\/wp-json\/wp\/v2\/posts\/48844","targetHints":{"allow":["GET"]}}],"collection":[{"href":"https:\/\/www.plataformadeartecontemporaneo.com\/pac\/wp-json\/wp\/v2\/posts"}],"about":[{"href":"https:\/\/www.plataformadeartecontemporaneo.com\/pac\/wp-json\/wp\/v2\/types\/post"}],"author":[{"embeddable":true,"href":"https:\/\/www.plataformadeartecontemporaneo.com\/pac\/wp-json\/wp\/v2\/users\/2"}],"replies":[{"embeddable":true,"href":"https:\/\/www.plataformadeartecontemporaneo.com\/pac\/wp-json\/wp\/v2\/comments?post=48844"}],"version-history":[{"count":3,"href":"https:\/\/www.plataformadeartecontemporaneo.com\/pac\/wp-json\/wp\/v2\/posts\/48844\/revisions"}],"predecessor-version":[{"id":48848,"href":"https:\/\/www.plataformadeartecontemporaneo.com\/pac\/wp-json\/wp\/v2\/posts\/48844\/revisions\/48848"}],"wp:featuredmedia":[{"embeddable":true,"href":"https:\/\/www.plataformadeartecontemporaneo.com\/pac\/wp-json\/wp\/v2\/media\/48847"}],"wp:attachment":[{"href":"https:\/\/www.plataformadeartecontemporaneo.com\/pac\/wp-json\/wp\/v2\/media?parent=48844"}],"wp:term":[{"taxonomy":"category","embeddable":true,"href":"https:\/\/www.plataformadeartecontemporaneo.com\/pac\/wp-json\/wp\/v2\/categories?post=48844"},{"taxonomy":"post_tag","embeddable":true,"href":"https:\/\/www.plataformadeartecontemporaneo.com\/pac\/wp-json\/wp\/v2\/tags?post=48844"}],"curies":[{"name":"wp","href":"https:\/\/api.w.org\/{rel}","templated":true}]}}