




{"id":49921,"date":"2017-12-14T07:03:12","date_gmt":"2017-12-14T06:03:12","guid":{"rendered":"http:\/\/www.plataformadeartecontemporaneo.com\/pac\/?p=49921"},"modified":"2017-12-13T22:28:56","modified_gmt":"2017-12-13T21:28:56","slug":"el-arte-y-el-espacio-en-guggenheim-bilbao","status":"publish","type":"post","link":"https:\/\/www.plataformadeartecontemporaneo.com\/pac\/el-arte-y-el-espacio-en-guggenheim-bilbao\/","title":{"rendered":"El arte y el espacio en Guggenheim Bilbao"},"content":{"rendered":"<p style=\"text-align: justify;\" align=\"LEFT\">El Museo Guggenheim Bilbao presenta <em>El arte y el espacio<\/em>, una ambiciosa exposici\u00f3n que toma como referencia clave la colaboraci\u00f3n que llevaron a cabo en 1969 el artista vasco Eduardo Chillida y el fil\u00f3sofo alem\u00e1n Martin Heidegger, que result\u00f3 en la edici\u00f3n de un libro de artista del que toma su t\u00edtulo esta muestra.<\/p>\n<p style=\"text-align: justify;\" align=\"LEFT\"><a href=\"http:\/\/www.plataformadeartecontemporaneo.com\/pac\/wp-content\/uploads\/2017\/12\/IglesiasC.HabitacionAlabastro.jpg\"><img fetchpriority=\"high\" decoding=\"async\" class=\"aligncenter size-medium wp-image-49922\" src=\"http:\/\/www.plataformadeartecontemporaneo.com\/pac\/wp-content\/uploads\/2017\/12\/IglesiasC.HabitacionAlabastro-466x368.jpg\" alt=\"Cristina Iglesias\" width=\"466\" height=\"368\" srcset=\"https:\/\/www.plataformadeartecontemporaneo.com\/pac\/wp-content\/uploads\/2017\/12\/IglesiasC.HabitacionAlabastro-466x368.jpg 466w, https:\/\/www.plataformadeartecontemporaneo.com\/pac\/wp-content\/uploads\/2017\/12\/IglesiasC.HabitacionAlabastro-500x395.jpg 500w, https:\/\/www.plataformadeartecontemporaneo.com\/pac\/wp-content\/uploads\/2017\/12\/IglesiasC.HabitacionAlabastro-470x371.jpg 470w, https:\/\/www.plataformadeartecontemporaneo.com\/pac\/wp-content\/uploads\/2017\/12\/IglesiasC.HabitacionAlabastro-325x257.jpg 325w, https:\/\/www.plataformadeartecontemporaneo.com\/pac\/wp-content\/uploads\/2017\/12\/IglesiasC.HabitacionAlabastro.jpg 760w\" sizes=\"(max-width: 466px) 100vw, 466px\" \/><\/a><\/p>\n<p style=\"text-align: justify;\" align=\"LEFT\">Actualizando y desarrollando conceptos presentes en el di\u00e1logo entre Heidegger y Chillida \u2013el lugar, la presencia de las cosas, la relaci\u00f3n entre arte y ciencia- la exposici\u00f3n ofrece m\u00e1s de un centenar de trabajos de artistas internacionales y constituye una relectura de la historia de la abstracci\u00f3n en las \u00faltimas seis d\u00e9cadas.<\/p>\n<p style=\"text-align: justify;\" align=\"LEFT\">Como parte del programa del Museo Guggenheim Bilbao en el a\u00f1o de su XX Aniversario, El arte y el espacio supone asimismo un tributo a la inagotable capacidad del edificio de Frank Gehry para entablar di\u00e1logos \u00fanicos entre sus sobrecogedores espacios y obras fundamentales de las \u00e9pocas moderna y contempor\u00e1nea. Partiendo de obras clave de la Colecci\u00f3n del Museo Guggenheim Bilbao, a las que se a\u00f1ade una selecci\u00f3n de obras de la red de museos Guggenheim junto con otras piezas de importantes colecciones internacionales, esta exposici\u00f3n se ofrece como una celebraci\u00f3n del lugar y de la arquitectura a trav\u00e9s del arte.<\/p>\n<p style=\"text-align: justify;\" align=\"LEFT\"><a href=\"http:\/\/www.plataformadeartecontemporaneo.com\/pac\/wp-content\/uploads\/2017\/12\/Nauman-Green-Light-Corridor3-Solomon.jpg\"><img decoding=\"async\" class=\"aligncenter size-medium wp-image-49923\" src=\"http:\/\/www.plataformadeartecontemporaneo.com\/pac\/wp-content\/uploads\/2017\/12\/Nauman-Green-Light-Corridor3-Solomon-466x596.jpg\" alt=\"Nauman \" width=\"466\" height=\"596\" srcset=\"https:\/\/www.plataformadeartecontemporaneo.com\/pac\/wp-content\/uploads\/2017\/12\/Nauman-Green-Light-Corridor3-Solomon-466x596.jpg 466w, https:\/\/www.plataformadeartecontemporaneo.com\/pac\/wp-content\/uploads\/2017\/12\/Nauman-Green-Light-Corridor3-Solomon-469x600.jpg 469w, https:\/\/www.plataformadeartecontemporaneo.com\/pac\/wp-content\/uploads\/2017\/12\/Nauman-Green-Light-Corridor3-Solomon-470x601.jpg 470w, https:\/\/www.plataformadeartecontemporaneo.com\/pac\/wp-content\/uploads\/2017\/12\/Nauman-Green-Light-Corridor3-Solomon-325x415.jpg 325w, https:\/\/www.plataformadeartecontemporaneo.com\/pac\/wp-content\/uploads\/2017\/12\/Nauman-Green-Light-Corridor3-Solomon.jpg 600w\" sizes=\"(max-width: 466px) 100vw, 466px\" \/><\/a><\/p>\n<p style=\"text-align: justify;\" align=\"LEFT\">Siguiendo a Heidegger en El arte y el espacio , la muestra permite contemplar las distintas maneras en que la obra de arte \u2015se adue\u00f1a del espacio\u2016 y el espacio \u2015atraviesa la obra de arte\u2016. Partiendo de estas premisas, la exposici\u00f3n se propone analizar este di\u00e1logo entre espacios y vol\u00famenes, explorando las conexiones y conversaciones silenciosas entre las obras de arte y las fuerzas que las estructuran -gravedad, luminosidad, equilibrio-, pero tambi\u00e9n entre la creaci\u00f3n pl\u00e1stica y el pensamiento filos\u00f3fico. Hist\u00f3rica y geogr\u00e1ficamente complejo, este di\u00e1logo va m\u00e1s all\u00e1 del contexto occidental y atraviesa las disciplinas, reapareciendo constantemente en las pr\u00e1cticas contempor\u00e1neas.<\/p>\n<p style=\"text-align: justify;\" align=\"LEFT\"><a href=\"http:\/\/www.plataformadeartecontemporaneo.com\/pac\/wp-content\/uploads\/2017\/12\/Rosenquist.jpg\"><img decoding=\"async\" class=\"aligncenter size-medium wp-image-49924\" src=\"http:\/\/www.plataformadeartecontemporaneo.com\/pac\/wp-content\/uploads\/2017\/12\/Rosenquist-466x257.jpg\" alt=\"Rosenquist\" width=\"466\" height=\"257\" srcset=\"https:\/\/www.plataformadeartecontemporaneo.com\/pac\/wp-content\/uploads\/2017\/12\/Rosenquist-466x257.jpg 466w, https:\/\/www.plataformadeartecontemporaneo.com\/pac\/wp-content\/uploads\/2017\/12\/Rosenquist-500x275.jpg 500w, https:\/\/www.plataformadeartecontemporaneo.com\/pac\/wp-content\/uploads\/2017\/12\/Rosenquist-470x259.jpg 470w, https:\/\/www.plataformadeartecontemporaneo.com\/pac\/wp-content\/uploads\/2017\/12\/Rosenquist-325x179.jpg 325w, https:\/\/www.plataformadeartecontemporaneo.com\/pac\/wp-content\/uploads\/2017\/12\/Rosenquist.jpg 1090w\" sizes=\"(max-width: 466px) 100vw, 466px\" \/><\/a><\/p>\n<p style=\"text-align: justify;\" align=\"LEFT\">La exposici\u00f3n El arte y el espacio va acompa\u00f1ada por la publicaci\u00f3n de un cat\u00e1logo generosamente ilustrado, al que han contribuido con textos y documentos los artistas Peter Halley, Marcius Galan, Agnieszka Kurant, Asier Mendizabal, Bruce Nauman, Dami\u00e1n Ortega, Sergio Prego, Alyson Shotz, Lee Ufan y Zarina, as\u00ed como la fil\u00f3sofa y escritora Sara Nadal-Melsi\u00f3 y el comisario de la exposici\u00f3n, Manuel Cirauqui.<\/p>\n<p style=\"text-align: justify;\" align=\"LEFT\"><strong>Fechas<\/strong>: Hasta el 15 de abril de 2018<br \/>\n<strong>Lugar<\/strong>: Museo Guggenheim, Bilbao<br \/>\n<strong>Im\u00e1genes<\/strong>:<br \/>\n1- Cristina Iglesias. Sin t\u00edtulo (Habitaci\u00f3n de alabastro), 1993.\u00a0Hierro y alabastro. Dimensiones totales variables.\u00a0 Guggenheim Bilbao Museoa<br \/>\n2- Bruce Nauman. Pasillo de luz verde (Green Light Corridor), 1970.\u00a0Tablero y luz fluorescente verde.\u00a0Solomon R. Guggenheim Museum, Nueva York, Panza Collection, Donaci\u00f3n, 1992. 92.4171<br \/>\n3- James Rosenquist. C\u00e1psula flamenco (Flamingo Capsule), 1970.\u00a0Guggenheim Bilbao Museoa<\/p>\n","protected":false},"excerpt":{"rendered":"<div class=\"tmnf_excerpt\"><p>El Museo Guggenheim Bilbao presenta El arte y el espacio, una ambiciosa exposici\u00f3n que toma como referencia clave la colaboraci\u00f3n que llevaron a cabo en 1969 el artista vasco Eduardo Chillida y el fil\u00f3sofo alem\u00e1n Martin Heidegger, que result\u00f3 en la edici\u00f3n de un libro de artista del que toma su t\u00edtulo esta muestra. Actualizando &hellip;<\/p>\n<\/div>","protected":false},"author":3,"featured_media":49923,"comment_status":"open","ping_status":"open","sticky":false,"template":"","format":"standard","meta":{"footnotes":""},"categories":[44,4,14],"tags":[9124,9125,3551,6469,3001,6305,9126,1576,6670,5530],"class_list":["post-49921","post","type-post","status-publish","format-standard","has-post-thumbnail","hentry","category-bilbao","category-exposiciones","category-museos","tag-agnieszka-kurant","tag-alyson-shotz","tag-asier-mendizabal","tag-bruce-nauman","tag-damian-ortega","tag-guggenheim-bilbao","tag-lee-ufan-y-zarina","tag-marcius-galan","tag-peter-halley","tag-sergio-prego"],"yoast_head":"<!-- This site is optimized with the Yoast SEO plugin v27.4 - https:\/\/yoast.com\/product\/yoast-seo-wordpress\/ -->\n<title>PAC | El arte y el espacio en Guggenheim Bilbao<\/title>\n<meta name=\"description\" content=\"Guggenheim Bilbao presenta El arte y el espacio, una exposici\u00f3n que toma como referencia la colaboraci\u00f3n que llevaron a cabo en 1969 Chillida y Heidegger.\" \/>\n<meta name=\"robots\" content=\"index, follow, max-snippet:-1, max-image-preview:large, max-video-preview:-1\" \/>\n<link rel=\"canonical\" href=\"https:\/\/www.plataformadeartecontemporaneo.com\/pac\/el-arte-y-el-espacio-en-guggenheim-bilbao\/\" \/>\n<meta property=\"og:locale\" content=\"es_ES\" \/>\n<meta property=\"og:type\" content=\"article\" \/>\n<meta property=\"og:title\" content=\"PAC | El arte y el espacio en Guggenheim Bilbao\" \/>\n<meta property=\"og:description\" content=\"Guggenheim Bilbao presenta El arte y el espacio, una exposici\u00f3n que toma como referencia la colaboraci\u00f3n que llevaron a cabo en 1969 Chillida y Heidegger.\" \/>\n<meta property=\"og:url\" content=\"https:\/\/www.plataformadeartecontemporaneo.com\/pac\/el-arte-y-el-espacio-en-guggenheim-bilbao\/\" \/>\n<meta property=\"og:site_name\" content=\"PAC\" \/>\n<meta property=\"article:published_time\" content=\"2017-12-14T06:03:12+00:00\" \/>\n<meta property=\"og:image\" content=\"https:\/\/www.plataformadeartecontemporaneo.com\/pac\/wp-content\/uploads\/2017\/12\/Nauman-Green-Light-Corridor3-Solomon.jpg\" \/>\n\t<meta property=\"og:image:width\" content=\"600\" \/>\n\t<meta property=\"og:image:height\" content=\"767\" \/>\n\t<meta property=\"og:image:type\" content=\"image\/jpeg\" \/>\n<meta name=\"author\" content=\"Sara Torres Sif\u00f3n\" \/>\n<meta name=\"twitter:label1\" content=\"Escrito por\" \/>\n\t<meta name=\"twitter:data1\" content=\"Sara Torres Sif\u00f3n\" \/>\n\t<meta name=\"twitter:label2\" content=\"Tiempo de lectura\" \/>\n\t<meta name=\"twitter:data2\" content=\"2 minutos\" \/>\n<script type=\"application\/ld+json\" class=\"yoast-schema-graph\">{\"@context\":\"https:\\\/\\\/schema.org\",\"@graph\":[{\"@type\":\"Article\",\"@id\":\"https:\\\/\\\/www.plataformadeartecontemporaneo.com\\\/pac\\\/el-arte-y-el-espacio-en-guggenheim-bilbao\\\/#article\",\"isPartOf\":{\"@id\":\"https:\\\/\\\/www.plataformadeartecontemporaneo.com\\\/pac\\\/el-arte-y-el-espacio-en-guggenheim-bilbao\\\/\"},\"author\":{\"name\":\"Sara Torres Sif\u00f3n\",\"@id\":\"https:\\\/\\\/www.plataformadeartecontemporaneo.com\\\/pac\\\/#\\\/schema\\\/person\\\/c9f47d02f1c69d24c7435c36a2bb45b6\"},\"headline\":\"El arte y el espacio en Guggenheim Bilbao\",\"datePublished\":\"2017-12-14T06:03:12+00:00\",\"mainEntityOfPage\":{\"@id\":\"https:\\\/\\\/www.plataformadeartecontemporaneo.com\\\/pac\\\/el-arte-y-el-espacio-en-guggenheim-bilbao\\\/\"},\"wordCount\":487,\"commentCount\":0,\"publisher\":{\"@id\":\"https:\\\/\\\/www.plataformadeartecontemporaneo.com\\\/pac\\\/#organization\"},\"image\":{\"@id\":\"https:\\\/\\\/www.plataformadeartecontemporaneo.com\\\/pac\\\/el-arte-y-el-espacio-en-guggenheim-bilbao\\\/#primaryimage\"},\"thumbnailUrl\":\"https:\\\/\\\/www.plataformadeartecontemporaneo.com\\\/pac\\\/wp-content\\\/uploads\\\/2017\\\/12\\\/Nauman-Green-Light-Corridor3-Solomon.jpg\",\"keywords\":[\"Agnieszka Kurant\",\"Alyson Shotz\",\"Asier Mendizabal\",\"Bruce Nauman\",\"Damian Ortega\",\"Guggenheim Bilbao\",\"Lee Ufan y Zarina\",\"Marcius Galan\",\"Peter Halley\",\"Sergio Prego\"],\"articleSection\":[\"Bilbao\",\"Exposiciones\",\"Museos\"],\"inLanguage\":\"es\",\"potentialAction\":[{\"@type\":\"CommentAction\",\"name\":\"Comment\",\"target\":[\"https:\\\/\\\/www.plataformadeartecontemporaneo.com\\\/pac\\\/el-arte-y-el-espacio-en-guggenheim-bilbao\\\/#respond\"]}]},{\"@type\":\"WebPage\",\"@id\":\"https:\\\/\\\/www.plataformadeartecontemporaneo.com\\\/pac\\\/el-arte-y-el-espacio-en-guggenheim-bilbao\\\/\",\"url\":\"https:\\\/\\\/www.plataformadeartecontemporaneo.com\\\/pac\\\/el-arte-y-el-espacio-en-guggenheim-bilbao\\\/\",\"name\":\"PAC | El arte y el espacio en Guggenheim Bilbao\",\"isPartOf\":{\"@id\":\"https:\\\/\\\/www.plataformadeartecontemporaneo.com\\\/pac\\\/#website\"},\"primaryImageOfPage\":{\"@id\":\"https:\\\/\\\/www.plataformadeartecontemporaneo.com\\\/pac\\\/el-arte-y-el-espacio-en-guggenheim-bilbao\\\/#primaryimage\"},\"image\":{\"@id\":\"https:\\\/\\\/www.plataformadeartecontemporaneo.com\\\/pac\\\/el-arte-y-el-espacio-en-guggenheim-bilbao\\\/#primaryimage\"},\"thumbnailUrl\":\"https:\\\/\\\/www.plataformadeartecontemporaneo.com\\\/pac\\\/wp-content\\\/uploads\\\/2017\\\/12\\\/Nauman-Green-Light-Corridor3-Solomon.jpg\",\"datePublished\":\"2017-12-14T06:03:12+00:00\",\"description\":\"Guggenheim Bilbao presenta El arte y el espacio, una exposici\u00f3n que toma como referencia la colaboraci\u00f3n que llevaron a cabo en 1969 Chillida y Heidegger.\",\"breadcrumb\":{\"@id\":\"https:\\\/\\\/www.plataformadeartecontemporaneo.com\\\/pac\\\/el-arte-y-el-espacio-en-guggenheim-bilbao\\\/#breadcrumb\"},\"inLanguage\":\"es\",\"potentialAction\":[{\"@type\":\"ReadAction\",\"target\":[\"https:\\\/\\\/www.plataformadeartecontemporaneo.com\\\/pac\\\/el-arte-y-el-espacio-en-guggenheim-bilbao\\\/\"]}]},{\"@type\":\"ImageObject\",\"inLanguage\":\"es\",\"@id\":\"https:\\\/\\\/www.plataformadeartecontemporaneo.com\\\/pac\\\/el-arte-y-el-espacio-en-guggenheim-bilbao\\\/#primaryimage\",\"url\":\"https:\\\/\\\/www.plataformadeartecontemporaneo.com\\\/pac\\\/wp-content\\\/uploads\\\/2017\\\/12\\\/Nauman-Green-Light-Corridor3-Solomon.jpg\",\"contentUrl\":\"https:\\\/\\\/www.plataformadeartecontemporaneo.com\\\/pac\\\/wp-content\\\/uploads\\\/2017\\\/12\\\/Nauman-Green-Light-Corridor3-Solomon.jpg\",\"width\":600,\"height\":767,\"caption\":\"Nauman\"},{\"@type\":\"BreadcrumbList\",\"@id\":\"https:\\\/\\\/www.plataformadeartecontemporaneo.com\\\/pac\\\/el-arte-y-el-espacio-en-guggenheim-bilbao\\\/#breadcrumb\",\"itemListElement\":[{\"@type\":\"ListItem\",\"position\":1,\"name\":\"Portada\",\"item\":\"https:\\\/\\\/www.plataformadeartecontemporaneo.com\\\/pac\\\/\"},{\"@type\":\"ListItem\",\"position\":2,\"name\":\"El arte y el espacio en Guggenheim Bilbao\"}]},{\"@type\":\"WebSite\",\"@id\":\"https:\\\/\\\/www.plataformadeartecontemporaneo.com\\\/pac\\\/#website\",\"url\":\"https:\\\/\\\/www.plataformadeartecontemporaneo.com\\\/pac\\\/\",\"name\":\"PAC\",\"description\":\"Plataforma de Arte Contempor\u00e1neo\",\"publisher\":{\"@id\":\"https:\\\/\\\/www.plataformadeartecontemporaneo.com\\\/pac\\\/#organization\"},\"potentialAction\":[{\"@type\":\"SearchAction\",\"target\":{\"@type\":\"EntryPoint\",\"urlTemplate\":\"https:\\\/\\\/www.plataformadeartecontemporaneo.com\\\/pac\\\/?s={search_term_string}\"},\"query-input\":{\"@type\":\"PropertyValueSpecification\",\"valueRequired\":true,\"valueName\":\"search_term_string\"}}],\"inLanguage\":\"es\"},{\"@type\":\"Organization\",\"@id\":\"https:\\\/\\\/www.plataformadeartecontemporaneo.com\\\/pac\\\/#organization\",\"name\":\"PAC\",\"url\":\"https:\\\/\\\/www.plataformadeartecontemporaneo.com\\\/pac\\\/\",\"logo\":{\"@type\":\"ImageObject\",\"inLanguage\":\"es\",\"@id\":\"https:\\\/\\\/www.plataformadeartecontemporaneo.com\\\/pac\\\/#\\\/schema\\\/logo\\\/image\\\/\",\"url\":\"https:\\\/\\\/www.plataformadeartecontemporaneo.com\\\/pac\\\/wp-content\\\/uploads\\\/2020\\\/10\\\/LOGO-PAC-FOOTER-TRANSPARENTE.png\",\"contentUrl\":\"https:\\\/\\\/www.plataformadeartecontemporaneo.com\\\/pac\\\/wp-content\\\/uploads\\\/2020\\\/10\\\/LOGO-PAC-FOOTER-TRANSPARENTE.png\",\"width\":200,\"height\":48,\"caption\":\"PAC\"},\"image\":{\"@id\":\"https:\\\/\\\/www.plataformadeartecontemporaneo.com\\\/pac\\\/#\\\/schema\\\/logo\\\/image\\\/\"}},{\"@type\":\"Person\",\"@id\":\"https:\\\/\\\/www.plataformadeartecontemporaneo.com\\\/pac\\\/#\\\/schema\\\/person\\\/c9f47d02f1c69d24c7435c36a2bb45b6\",\"name\":\"Sara Torres Sif\u00f3n\",\"image\":{\"@type\":\"ImageObject\",\"inLanguage\":\"es\",\"@id\":\"https:\\\/\\\/www.plataformadeartecontemporaneo.com\\\/pac\\\/wp-content\\\/uploads\\\/2020\\\/03\\\/sara.jpg\",\"url\":\"https:\\\/\\\/www.plataformadeartecontemporaneo.com\\\/pac\\\/wp-content\\\/uploads\\\/2020\\\/03\\\/sara.jpg\",\"contentUrl\":\"https:\\\/\\\/www.plataformadeartecontemporaneo.com\\\/pac\\\/wp-content\\\/uploads\\\/2020\\\/03\\\/sara.jpg\",\"caption\":\"Sara Torres Sif\u00f3n\"},\"description\":\"Directora de PAC Plataforma de Arte Contempor\u00e1neo, cr\u00edtica de arte y comisaria de exposiciones. Es licenciada en Historia del Arte, especializada en Museograf\u00eda y montaje de exposiciones por la UCM.\",\"sameAs\":[\"https:\\\/\\\/www.instagram.com\\\/saratorressifon\\\/\"],\"url\":\"https:\\\/\\\/www.plataformadeartecontemporaneo.com\\\/pac\\\/author\\\/sara\\\/\"}]}<\/script>\n<!-- \/ Yoast SEO plugin. -->","yoast_head_json":{"title":"PAC | El arte y el espacio en Guggenheim Bilbao","description":"Guggenheim Bilbao presenta El arte y el espacio, una exposici\u00f3n que toma como referencia la colaboraci\u00f3n que llevaron a cabo en 1969 Chillida y Heidegger.","robots":{"index":"index","follow":"follow","max-snippet":"max-snippet:-1","max-image-preview":"max-image-preview:large","max-video-preview":"max-video-preview:-1"},"canonical":"https:\/\/www.plataformadeartecontemporaneo.com\/pac\/el-arte-y-el-espacio-en-guggenheim-bilbao\/","og_locale":"es_ES","og_type":"article","og_title":"PAC | El arte y el espacio en Guggenheim Bilbao","og_description":"Guggenheim Bilbao presenta El arte y el espacio, una exposici\u00f3n que toma como referencia la colaboraci\u00f3n que llevaron a cabo en 1969 Chillida y Heidegger.","og_url":"https:\/\/www.plataformadeartecontemporaneo.com\/pac\/el-arte-y-el-espacio-en-guggenheim-bilbao\/","og_site_name":"PAC","article_published_time":"2017-12-14T06:03:12+00:00","og_image":[{"width":600,"height":767,"url":"https:\/\/www.plataformadeartecontemporaneo.com\/pac\/wp-content\/uploads\/2017\/12\/Nauman-Green-Light-Corridor3-Solomon.jpg","type":"image\/jpeg"}],"author":"Sara Torres Sif\u00f3n","twitter_misc":{"Escrito por":"Sara Torres Sif\u00f3n","Tiempo de lectura":"2 minutos"},"schema":{"@context":"https:\/\/schema.org","@graph":[{"@type":"Article","@id":"https:\/\/www.plataformadeartecontemporaneo.com\/pac\/el-arte-y-el-espacio-en-guggenheim-bilbao\/#article","isPartOf":{"@id":"https:\/\/www.plataformadeartecontemporaneo.com\/pac\/el-arte-y-el-espacio-en-guggenheim-bilbao\/"},"author":{"name":"Sara Torres Sif\u00f3n","@id":"https:\/\/www.plataformadeartecontemporaneo.com\/pac\/#\/schema\/person\/c9f47d02f1c69d24c7435c36a2bb45b6"},"headline":"El arte y el espacio en Guggenheim Bilbao","datePublished":"2017-12-14T06:03:12+00:00","mainEntityOfPage":{"@id":"https:\/\/www.plataformadeartecontemporaneo.com\/pac\/el-arte-y-el-espacio-en-guggenheim-bilbao\/"},"wordCount":487,"commentCount":0,"publisher":{"@id":"https:\/\/www.plataformadeartecontemporaneo.com\/pac\/#organization"},"image":{"@id":"https:\/\/www.plataformadeartecontemporaneo.com\/pac\/el-arte-y-el-espacio-en-guggenheim-bilbao\/#primaryimage"},"thumbnailUrl":"https:\/\/www.plataformadeartecontemporaneo.com\/pac\/wp-content\/uploads\/2017\/12\/Nauman-Green-Light-Corridor3-Solomon.jpg","keywords":["Agnieszka Kurant","Alyson Shotz","Asier Mendizabal","Bruce Nauman","Damian Ortega","Guggenheim Bilbao","Lee Ufan y Zarina","Marcius Galan","Peter Halley","Sergio Prego"],"articleSection":["Bilbao","Exposiciones","Museos"],"inLanguage":"es","potentialAction":[{"@type":"CommentAction","name":"Comment","target":["https:\/\/www.plataformadeartecontemporaneo.com\/pac\/el-arte-y-el-espacio-en-guggenheim-bilbao\/#respond"]}]},{"@type":"WebPage","@id":"https:\/\/www.plataformadeartecontemporaneo.com\/pac\/el-arte-y-el-espacio-en-guggenheim-bilbao\/","url":"https:\/\/www.plataformadeartecontemporaneo.com\/pac\/el-arte-y-el-espacio-en-guggenheim-bilbao\/","name":"PAC | El arte y el espacio en Guggenheim Bilbao","isPartOf":{"@id":"https:\/\/www.plataformadeartecontemporaneo.com\/pac\/#website"},"primaryImageOfPage":{"@id":"https:\/\/www.plataformadeartecontemporaneo.com\/pac\/el-arte-y-el-espacio-en-guggenheim-bilbao\/#primaryimage"},"image":{"@id":"https:\/\/www.plataformadeartecontemporaneo.com\/pac\/el-arte-y-el-espacio-en-guggenheim-bilbao\/#primaryimage"},"thumbnailUrl":"https:\/\/www.plataformadeartecontemporaneo.com\/pac\/wp-content\/uploads\/2017\/12\/Nauman-Green-Light-Corridor3-Solomon.jpg","datePublished":"2017-12-14T06:03:12+00:00","description":"Guggenheim Bilbao presenta El arte y el espacio, una exposici\u00f3n que toma como referencia la colaboraci\u00f3n que llevaron a cabo en 1969 Chillida y Heidegger.","breadcrumb":{"@id":"https:\/\/www.plataformadeartecontemporaneo.com\/pac\/el-arte-y-el-espacio-en-guggenheim-bilbao\/#breadcrumb"},"inLanguage":"es","potentialAction":[{"@type":"ReadAction","target":["https:\/\/www.plataformadeartecontemporaneo.com\/pac\/el-arte-y-el-espacio-en-guggenheim-bilbao\/"]}]},{"@type":"ImageObject","inLanguage":"es","@id":"https:\/\/www.plataformadeartecontemporaneo.com\/pac\/el-arte-y-el-espacio-en-guggenheim-bilbao\/#primaryimage","url":"https:\/\/www.plataformadeartecontemporaneo.com\/pac\/wp-content\/uploads\/2017\/12\/Nauman-Green-Light-Corridor3-Solomon.jpg","contentUrl":"https:\/\/www.plataformadeartecontemporaneo.com\/pac\/wp-content\/uploads\/2017\/12\/Nauman-Green-Light-Corridor3-Solomon.jpg","width":600,"height":767,"caption":"Nauman"},{"@type":"BreadcrumbList","@id":"https:\/\/www.plataformadeartecontemporaneo.com\/pac\/el-arte-y-el-espacio-en-guggenheim-bilbao\/#breadcrumb","itemListElement":[{"@type":"ListItem","position":1,"name":"Portada","item":"https:\/\/www.plataformadeartecontemporaneo.com\/pac\/"},{"@type":"ListItem","position":2,"name":"El arte y el espacio en Guggenheim Bilbao"}]},{"@type":"WebSite","@id":"https:\/\/www.plataformadeartecontemporaneo.com\/pac\/#website","url":"https:\/\/www.plataformadeartecontemporaneo.com\/pac\/","name":"PAC","description":"Plataforma de Arte Contempor\u00e1neo","publisher":{"@id":"https:\/\/www.plataformadeartecontemporaneo.com\/pac\/#organization"},"potentialAction":[{"@type":"SearchAction","target":{"@type":"EntryPoint","urlTemplate":"https:\/\/www.plataformadeartecontemporaneo.com\/pac\/?s={search_term_string}"},"query-input":{"@type":"PropertyValueSpecification","valueRequired":true,"valueName":"search_term_string"}}],"inLanguage":"es"},{"@type":"Organization","@id":"https:\/\/www.plataformadeartecontemporaneo.com\/pac\/#organization","name":"PAC","url":"https:\/\/www.plataformadeartecontemporaneo.com\/pac\/","logo":{"@type":"ImageObject","inLanguage":"es","@id":"https:\/\/www.plataformadeartecontemporaneo.com\/pac\/#\/schema\/logo\/image\/","url":"https:\/\/www.plataformadeartecontemporaneo.com\/pac\/wp-content\/uploads\/2020\/10\/LOGO-PAC-FOOTER-TRANSPARENTE.png","contentUrl":"https:\/\/www.plataformadeartecontemporaneo.com\/pac\/wp-content\/uploads\/2020\/10\/LOGO-PAC-FOOTER-TRANSPARENTE.png","width":200,"height":48,"caption":"PAC"},"image":{"@id":"https:\/\/www.plataformadeartecontemporaneo.com\/pac\/#\/schema\/logo\/image\/"}},{"@type":"Person","@id":"https:\/\/www.plataformadeartecontemporaneo.com\/pac\/#\/schema\/person\/c9f47d02f1c69d24c7435c36a2bb45b6","name":"Sara Torres Sif\u00f3n","image":{"@type":"ImageObject","inLanguage":"es","@id":"https:\/\/www.plataformadeartecontemporaneo.com\/pac\/wp-content\/uploads\/2020\/03\/sara.jpg","url":"https:\/\/www.plataformadeartecontemporaneo.com\/pac\/wp-content\/uploads\/2020\/03\/sara.jpg","contentUrl":"https:\/\/www.plataformadeartecontemporaneo.com\/pac\/wp-content\/uploads\/2020\/03\/sara.jpg","caption":"Sara Torres Sif\u00f3n"},"description":"Directora de PAC Plataforma de Arte Contempor\u00e1neo, cr\u00edtica de arte y comisaria de exposiciones. Es licenciada en Historia del Arte, especializada en Museograf\u00eda y montaje de exposiciones por la UCM.","sameAs":["https:\/\/www.instagram.com\/saratorressifon\/"],"url":"https:\/\/www.plataformadeartecontemporaneo.com\/pac\/author\/sara\/"}]}},"_links":{"self":[{"href":"https:\/\/www.plataformadeartecontemporaneo.com\/pac\/wp-json\/wp\/v2\/posts\/49921","targetHints":{"allow":["GET"]}}],"collection":[{"href":"https:\/\/www.plataformadeartecontemporaneo.com\/pac\/wp-json\/wp\/v2\/posts"}],"about":[{"href":"https:\/\/www.plataformadeartecontemporaneo.com\/pac\/wp-json\/wp\/v2\/types\/post"}],"author":[{"embeddable":true,"href":"https:\/\/www.plataformadeartecontemporaneo.com\/pac\/wp-json\/wp\/v2\/users\/3"}],"replies":[{"embeddable":true,"href":"https:\/\/www.plataformadeartecontemporaneo.com\/pac\/wp-json\/wp\/v2\/comments?post=49921"}],"version-history":[{"count":2,"href":"https:\/\/www.plataformadeartecontemporaneo.com\/pac\/wp-json\/wp\/v2\/posts\/49921\/revisions"}],"predecessor-version":[{"id":49976,"href":"https:\/\/www.plataformadeartecontemporaneo.com\/pac\/wp-json\/wp\/v2\/posts\/49921\/revisions\/49976"}],"wp:featuredmedia":[{"embeddable":true,"href":"https:\/\/www.plataformadeartecontemporaneo.com\/pac\/wp-json\/wp\/v2\/media\/49923"}],"wp:attachment":[{"href":"https:\/\/www.plataformadeartecontemporaneo.com\/pac\/wp-json\/wp\/v2\/media?parent=49921"}],"wp:term":[{"taxonomy":"category","embeddable":true,"href":"https:\/\/www.plataformadeartecontemporaneo.com\/pac\/wp-json\/wp\/v2\/categories?post=49921"},{"taxonomy":"post_tag","embeddable":true,"href":"https:\/\/www.plataformadeartecontemporaneo.com\/pac\/wp-json\/wp\/v2\/tags?post=49921"}],"curies":[{"name":"wp","href":"https:\/\/api.w.org\/{rel}","templated":true}]}}