




{"id":73048,"date":"2022-02-24T07:05:46","date_gmt":"2022-02-24T06:05:46","guid":{"rendered":"https:\/\/www.plataformadeartecontemporaneo.com\/pac\/?p=73048"},"modified":"2022-06-02T23:45:04","modified_gmt":"2022-06-02T21:45:04","slug":"el-precio-del-arte-conversatorio-de-mia-art-collection-en-el-contexto-de-arco","status":"publish","type":"post","link":"https:\/\/www.plataformadeartecontemporaneo.com\/pac\/el-precio-del-arte-conversatorio-de-mia-art-collection-en-el-contexto-de-arco\/","title":{"rendered":"El precio del arte: conversatorio de MIA Art Collection en el contexto de ARCO"},"content":{"rendered":"\n<p align=\"justify\">La MIA Art Collection celebra el conversatorio titulado <a href=\"https:\/\/miaartcollection.org\/2021\/08\/19\/mia-art-collection-in-collaboration-with-bloc-art-peru-present-its-virtual-exhibition-called-the-present-we-inhabit\/\"><em>El precio del arte<\/em><\/a> el viernes 25 de febrero a las 10:00 h en el marco de la Feria Internacional de Arte Contempor\u00e1neo ARCOmadrid 2022. Se pronunciar\u00e1 en la Sala de columnas de Matadero Madrid.&nbsp;<\/p>\n\n\n\n<div class=\"wp-block-image\"><figure class=\"aligncenter size-large\"><img fetchpriority=\"high\" decoding=\"async\" width=\"500\" height=\"500\" src=\"https:\/\/www.plataformadeartecontemporaneo.com\/pac\/wp-content\/uploads\/2022\/02\/1-14-500x500.jpg\" alt=\"\" class=\"wp-image-73050\" srcset=\"https:\/\/www.plataformadeartecontemporaneo.com\/pac\/wp-content\/uploads\/2022\/02\/1-14-500x500.jpg 500w, https:\/\/www.plataformadeartecontemporaneo.com\/pac\/wp-content\/uploads\/2022\/02\/1-14-466x466.jpg 466w, https:\/\/www.plataformadeartecontemporaneo.com\/pac\/wp-content\/uploads\/2022\/02\/1-14-150x150.jpg 150w, https:\/\/www.plataformadeartecontemporaneo.com\/pac\/wp-content\/uploads\/2022\/02\/1-14-470x470.jpg 470w, https:\/\/www.plataformadeartecontemporaneo.com\/pac\/wp-content\/uploads\/2022\/02\/1-14-325x325.jpg 325w, https:\/\/www.plataformadeartecontemporaneo.com\/pac\/wp-content\/uploads\/2022\/02\/1-14.jpg 600w\" sizes=\"(max-width: 500px) 100vw, 500px\" \/><\/figure><\/div>\n\n\n\n<p align=\"justify\">El objetivo del evento es visibilizar la problem\u00e1tica de las mujeres en el mundo art\u00edstico. El asunto mercantil es el eje principal de <em>El precio del arte<\/em>. De c\u00f3mo las mujeres son desfavorecidas en m\u00faltiples aspectos por raz\u00f3n de g\u00e9nero, que es una cuesti\u00f3n patriarcal todav\u00eda dif\u00edcil de salvar. As\u00ed lo recuerda la historiadora del arte Whitney Chadwick al decir que \u2018\u2019la mujer no tiene cabida en el comercio del arte: pertenece al arte como objeto, no como creadora o proveedora\u2019\u2019. A\u00fan permanece esta dolorosa cuesti\u00f3n en la actualidad.&nbsp;<\/p>\n\n\n\n<p align=\"justify\">Desde la forma de trabajar que tienen, los precios de sus obras, el n\u00famero de ventas conseguidas y qu\u00e9 tan apreciadas son por mecenas, galeristas, comisarias\/os y dem\u00e1s agentes culturales son parte de los temas que se van a tratar en profundidad, mostrando la apabullante desventaja del arte femenino, pero tambi\u00e9n c\u00f3mo se pueden construir soluciones factibles, feministas para enfrentar con \u00e9xito el problema.&nbsp;<\/p>\n\n\n\n<div class=\"wp-block-image\"><figure class=\"aligncenter size-large\"><img decoding=\"async\" width=\"480\" height=\"600\" src=\"https:\/\/www.plataformadeartecontemporaneo.com\/pac\/wp-content\/uploads\/2022\/02\/WhatsApp-Image-2022-02-21-at-09.46.45-480x600.jpeg\" alt=\"\" class=\"wp-image-73052\" srcset=\"https:\/\/www.plataformadeartecontemporaneo.com\/pac\/wp-content\/uploads\/2022\/02\/WhatsApp-Image-2022-02-21-at-09.46.45-480x600.jpeg 480w, https:\/\/www.plataformadeartecontemporaneo.com\/pac\/wp-content\/uploads\/2022\/02\/WhatsApp-Image-2022-02-21-at-09.46.45-466x583.jpeg 466w, https:\/\/www.plataformadeartecontemporaneo.com\/pac\/wp-content\/uploads\/2022\/02\/WhatsApp-Image-2022-02-21-at-09.46.45-470x588.jpeg 470w, https:\/\/www.plataformadeartecontemporaneo.com\/pac\/wp-content\/uploads\/2022\/02\/WhatsApp-Image-2022-02-21-at-09.46.45-325x406.jpeg 325w, https:\/\/www.plataformadeartecontemporaneo.com\/pac\/wp-content\/uploads\/2022\/02\/WhatsApp-Image-2022-02-21-at-09.46.45.jpeg 600w\" sizes=\"(max-width: 480px) 100vw, 480px\" \/><figcaption><sub>Alejandra Castro Rioseco<\/sub><\/figcaption><\/figure><\/div>\n\n\n\n<p align=\"justify\"><a href=\"https:\/\/www.plataformadeartecontemporaneo.com\/pac\/entrevista-a-la-coleccionista-de-arte-femenino-alejandra-castro-rioseco\/\">Alejandra Castro Rioseco<\/a> en calidad de propietaria y fundadora de <a href=\"https:\/\/miaartcollection.org\/\">MIA Art Collection<\/a> estar\u00e1 presente en el conversatorio junto a la historiadora del arte y comisaria <a href=\"https:\/\/virtusdelhoyo.com\/\">Virtus del Hoyo<\/a>, la cual forma parte de su equipo profesional. Asimismo, est\u00e1 invitada a participar <a href=\"https:\/\/www.barbaralong-art.com\/\">Barbara Long<\/a> como artista con obra en la colecci\u00f3n y una persona integrante de la <a href=\"https:\/\/swab.es\/es\/\">Swab Barcelona Art Fair<\/a>. Incluso, hay invitadas\/os que se desvelar\u00e1n en el acto.&nbsp;<\/p>\n\n\n\n<p align=\"justify\">MIA Art Collection os espera en este acontecimiento feminista y descarnado, \u00a1no os lo perd\u00e1is!<\/p>\n","protected":false},"excerpt":{"rendered":"<div class=\"tmnf_excerpt\"><p>La MIA Art Collection celebra el conversatorio titulado El precio del arte el viernes 25 de febrero a las 10:00 h en el marco de la Feria Internacional de Arte Contempor\u00e1neo ARCOmadrid 2022. Se pronunciar\u00e1 en la Sala de columnas de Matadero Madrid.&nbsp; El objetivo del evento es visibilizar la problem\u00e1tica de las mujeres en &hellip;<\/p>\n<\/div>","protected":false},"author":125,"featured_media":73050,"comment_status":"open","ping_status":"closed","sticky":false,"template":"","format":"standard","meta":{"footnotes":""},"categories":[43,2712],"tags":[12275],"class_list":["post-73048","post","type-post","status-publish","format-standard","has-post-thumbnail","hentry","category-madrid","category-mesa-redonda","tag-mia-art-collection"],"yoast_head":"<!-- This site is optimized with the Yoast SEO plugin v27.4 - https:\/\/yoast.com\/product\/yoast-seo-wordpress\/ -->\n<title>PAC | El precio del arte: conversatorio de MIA Art Collection en el contexto de ARCO<\/title>\n<meta name=\"description\" content=\"El precio del arte: conversatorio de MIA Art Collection en el contexto de la feria de arte contempor\u00e1neo ARCO 2022\" \/>\n<meta name=\"robots\" content=\"index, follow, max-snippet:-1, max-image-preview:large, max-video-preview:-1\" \/>\n<link rel=\"canonical\" href=\"https:\/\/www.plataformadeartecontemporaneo.com\/pac\/el-precio-del-arte-conversatorio-de-mia-art-collection-en-el-contexto-de-arco\/\" \/>\n<meta property=\"og:locale\" content=\"es_ES\" \/>\n<meta property=\"og:type\" content=\"article\" \/>\n<meta property=\"og:title\" content=\"PAC | El precio del arte: conversatorio de MIA Art Collection en el contexto de ARCO\" \/>\n<meta property=\"og:description\" content=\"El precio del arte: conversatorio de MIA Art Collection en el contexto de la feria de arte contempor\u00e1neo ARCO 2022\" \/>\n<meta property=\"og:url\" content=\"https:\/\/www.plataformadeartecontemporaneo.com\/pac\/el-precio-del-arte-conversatorio-de-mia-art-collection-en-el-contexto-de-arco\/\" \/>\n<meta property=\"og:site_name\" content=\"PAC\" \/>\n<meta property=\"article:published_time\" content=\"2022-02-24T06:05:46+00:00\" \/>\n<meta property=\"article:modified_time\" content=\"2022-06-02T21:45:04+00:00\" \/>\n<meta property=\"og:image\" content=\"https:\/\/www.plataformadeartecontemporaneo.com\/pac\/wp-content\/uploads\/2022\/02\/1-14.jpg\" \/>\n\t<meta property=\"og:image:width\" content=\"600\" \/>\n\t<meta property=\"og:image:height\" content=\"600\" \/>\n\t<meta property=\"og:image:type\" content=\"image\/jpeg\" \/>\n<meta name=\"author\" content=\"Andrea Garc\u00eda Casal\" \/>\n<meta name=\"twitter:label1\" content=\"Escrito por\" \/>\n\t<meta name=\"twitter:data1\" content=\"Andrea Garc\u00eda Casal\" \/>\n\t<meta name=\"twitter:label2\" content=\"Tiempo de lectura\" \/>\n\t<meta name=\"twitter:data2\" content=\"2 minutos\" \/>\n<script type=\"application\/ld+json\" class=\"yoast-schema-graph\">{\"@context\":\"https:\\\/\\\/schema.org\",\"@graph\":[{\"@type\":\"Article\",\"@id\":\"https:\\\/\\\/www.plataformadeartecontemporaneo.com\\\/pac\\\/el-precio-del-arte-conversatorio-de-mia-art-collection-en-el-contexto-de-arco\\\/#article\",\"isPartOf\":{\"@id\":\"https:\\\/\\\/www.plataformadeartecontemporaneo.com\\\/pac\\\/el-precio-del-arte-conversatorio-de-mia-art-collection-en-el-contexto-de-arco\\\/\"},\"author\":{\"name\":\"Andrea Garc\u00eda Casal\",\"@id\":\"https:\\\/\\\/www.plataformadeartecontemporaneo.com\\\/pac\\\/#\\\/schema\\\/person\\\/46e2d038515d116198c6c8d15c84a930\"},\"headline\":\"El precio del arte: conversatorio de MIA Art Collection en el contexto de ARCO\",\"datePublished\":\"2022-02-24T06:05:46+00:00\",\"dateModified\":\"2022-06-02T21:45:04+00:00\",\"mainEntityOfPage\":{\"@id\":\"https:\\\/\\\/www.plataformadeartecontemporaneo.com\\\/pac\\\/el-precio-del-arte-conversatorio-de-mia-art-collection-en-el-contexto-de-arco\\\/\"},\"wordCount\":320,\"commentCount\":0,\"publisher\":{\"@id\":\"https:\\\/\\\/www.plataformadeartecontemporaneo.com\\\/pac\\\/#organization\"},\"image\":{\"@id\":\"https:\\\/\\\/www.plataformadeartecontemporaneo.com\\\/pac\\\/el-precio-del-arte-conversatorio-de-mia-art-collection-en-el-contexto-de-arco\\\/#primaryimage\"},\"thumbnailUrl\":\"https:\\\/\\\/www.plataformadeartecontemporaneo.com\\\/pac\\\/wp-content\\\/uploads\\\/2022\\\/02\\\/1-14.jpg\",\"keywords\":[\"MIA Art Collection\"],\"articleSection\":[\"Madrid\",\"mesa redonda\"],\"inLanguage\":\"es\",\"potentialAction\":[{\"@type\":\"CommentAction\",\"name\":\"Comment\",\"target\":[\"https:\\\/\\\/www.plataformadeartecontemporaneo.com\\\/pac\\\/el-precio-del-arte-conversatorio-de-mia-art-collection-en-el-contexto-de-arco\\\/#respond\"]}]},{\"@type\":\"WebPage\",\"@id\":\"https:\\\/\\\/www.plataformadeartecontemporaneo.com\\\/pac\\\/el-precio-del-arte-conversatorio-de-mia-art-collection-en-el-contexto-de-arco\\\/\",\"url\":\"https:\\\/\\\/www.plataformadeartecontemporaneo.com\\\/pac\\\/el-precio-del-arte-conversatorio-de-mia-art-collection-en-el-contexto-de-arco\\\/\",\"name\":\"PAC | El precio del arte: conversatorio de MIA Art Collection en el contexto de ARCO\",\"isPartOf\":{\"@id\":\"https:\\\/\\\/www.plataformadeartecontemporaneo.com\\\/pac\\\/#website\"},\"primaryImageOfPage\":{\"@id\":\"https:\\\/\\\/www.plataformadeartecontemporaneo.com\\\/pac\\\/el-precio-del-arte-conversatorio-de-mia-art-collection-en-el-contexto-de-arco\\\/#primaryimage\"},\"image\":{\"@id\":\"https:\\\/\\\/www.plataformadeartecontemporaneo.com\\\/pac\\\/el-precio-del-arte-conversatorio-de-mia-art-collection-en-el-contexto-de-arco\\\/#primaryimage\"},\"thumbnailUrl\":\"https:\\\/\\\/www.plataformadeartecontemporaneo.com\\\/pac\\\/wp-content\\\/uploads\\\/2022\\\/02\\\/1-14.jpg\",\"datePublished\":\"2022-02-24T06:05:46+00:00\",\"dateModified\":\"2022-06-02T21:45:04+00:00\",\"description\":\"El precio del arte: conversatorio de MIA Art Collection en el contexto de la feria de arte contempor\u00e1neo ARCO 2022\",\"breadcrumb\":{\"@id\":\"https:\\\/\\\/www.plataformadeartecontemporaneo.com\\\/pac\\\/el-precio-del-arte-conversatorio-de-mia-art-collection-en-el-contexto-de-arco\\\/#breadcrumb\"},\"inLanguage\":\"es\",\"potentialAction\":[{\"@type\":\"ReadAction\",\"target\":[\"https:\\\/\\\/www.plataformadeartecontemporaneo.com\\\/pac\\\/el-precio-del-arte-conversatorio-de-mia-art-collection-en-el-contexto-de-arco\\\/\"]}]},{\"@type\":\"ImageObject\",\"inLanguage\":\"es\",\"@id\":\"https:\\\/\\\/www.plataformadeartecontemporaneo.com\\\/pac\\\/el-precio-del-arte-conversatorio-de-mia-art-collection-en-el-contexto-de-arco\\\/#primaryimage\",\"url\":\"https:\\\/\\\/www.plataformadeartecontemporaneo.com\\\/pac\\\/wp-content\\\/uploads\\\/2022\\\/02\\\/1-14.jpg\",\"contentUrl\":\"https:\\\/\\\/www.plataformadeartecontemporaneo.com\\\/pac\\\/wp-content\\\/uploads\\\/2022\\\/02\\\/1-14.jpg\",\"width\":600,\"height\":600,\"caption\":\"MIA ART COLLECTION\"},{\"@type\":\"BreadcrumbList\",\"@id\":\"https:\\\/\\\/www.plataformadeartecontemporaneo.com\\\/pac\\\/el-precio-del-arte-conversatorio-de-mia-art-collection-en-el-contexto-de-arco\\\/#breadcrumb\",\"itemListElement\":[{\"@type\":\"ListItem\",\"position\":1,\"name\":\"Portada\",\"item\":\"https:\\\/\\\/www.plataformadeartecontemporaneo.com\\\/pac\\\/\"},{\"@type\":\"ListItem\",\"position\":2,\"name\":\"El precio del arte: conversatorio de MIA Art Collection en el contexto de ARCO\"}]},{\"@type\":\"WebSite\",\"@id\":\"https:\\\/\\\/www.plataformadeartecontemporaneo.com\\\/pac\\\/#website\",\"url\":\"https:\\\/\\\/www.plataformadeartecontemporaneo.com\\\/pac\\\/\",\"name\":\"PAC\",\"description\":\"Plataforma de Arte Contempor\u00e1neo\",\"publisher\":{\"@id\":\"https:\\\/\\\/www.plataformadeartecontemporaneo.com\\\/pac\\\/#organization\"},\"potentialAction\":[{\"@type\":\"SearchAction\",\"target\":{\"@type\":\"EntryPoint\",\"urlTemplate\":\"https:\\\/\\\/www.plataformadeartecontemporaneo.com\\\/pac\\\/?s={search_term_string}\"},\"query-input\":{\"@type\":\"PropertyValueSpecification\",\"valueRequired\":true,\"valueName\":\"search_term_string\"}}],\"inLanguage\":\"es\"},{\"@type\":\"Organization\",\"@id\":\"https:\\\/\\\/www.plataformadeartecontemporaneo.com\\\/pac\\\/#organization\",\"name\":\"PAC\",\"url\":\"https:\\\/\\\/www.plataformadeartecontemporaneo.com\\\/pac\\\/\",\"logo\":{\"@type\":\"ImageObject\",\"inLanguage\":\"es\",\"@id\":\"https:\\\/\\\/www.plataformadeartecontemporaneo.com\\\/pac\\\/#\\\/schema\\\/logo\\\/image\\\/\",\"url\":\"https:\\\/\\\/www.plataformadeartecontemporaneo.com\\\/pac\\\/wp-content\\\/uploads\\\/2020\\\/10\\\/LOGO-PAC-FOOTER-TRANSPARENTE.png\",\"contentUrl\":\"https:\\\/\\\/www.plataformadeartecontemporaneo.com\\\/pac\\\/wp-content\\\/uploads\\\/2020\\\/10\\\/LOGO-PAC-FOOTER-TRANSPARENTE.png\",\"width\":200,\"height\":48,\"caption\":\"PAC\"},\"image\":{\"@id\":\"https:\\\/\\\/www.plataformadeartecontemporaneo.com\\\/pac\\\/#\\\/schema\\\/logo\\\/image\\\/\"}},{\"@type\":\"Person\",\"@id\":\"https:\\\/\\\/www.plataformadeartecontemporaneo.com\\\/pac\\\/#\\\/schema\\\/person\\\/46e2d038515d116198c6c8d15c84a930\",\"name\":\"Andrea Garc\u00eda Casal\",\"image\":{\"@type\":\"ImageObject\",\"inLanguage\":\"es\",\"@id\":\"https:\\\/\\\/www.plataformadeartecontemporaneo.com\\\/pac\\\/wp-content\\\/uploads\\\/2023\\\/08\\\/PAC-ICON-150x150.jpg\",\"url\":\"https:\\\/\\\/www.plataformadeartecontemporaneo.com\\\/pac\\\/wp-content\\\/uploads\\\/2023\\\/08\\\/PAC-ICON-150x150.jpg\",\"contentUrl\":\"https:\\\/\\\/www.plataformadeartecontemporaneo.com\\\/pac\\\/wp-content\\\/uploads\\\/2023\\\/08\\\/PAC-ICON-150x150.jpg\",\"caption\":\"Andrea Garc\u00eda Casal\"},\"url\":\"https:\\\/\\\/www.plataformadeartecontemporaneo.com\\\/pac\\\/author\\\/andrea-garcia-casal\\\/\"}]}<\/script>\n<!-- \/ Yoast SEO plugin. -->","yoast_head_json":{"title":"PAC | El precio del arte: conversatorio de MIA Art Collection en el contexto de ARCO","description":"El precio del arte: conversatorio de MIA Art Collection en el contexto de la feria de arte contempor\u00e1neo ARCO 2022","robots":{"index":"index","follow":"follow","max-snippet":"max-snippet:-1","max-image-preview":"max-image-preview:large","max-video-preview":"max-video-preview:-1"},"canonical":"https:\/\/www.plataformadeartecontemporaneo.com\/pac\/el-precio-del-arte-conversatorio-de-mia-art-collection-en-el-contexto-de-arco\/","og_locale":"es_ES","og_type":"article","og_title":"PAC | El precio del arte: conversatorio de MIA Art Collection en el contexto de ARCO","og_description":"El precio del arte: conversatorio de MIA Art Collection en el contexto de la feria de arte contempor\u00e1neo ARCO 2022","og_url":"https:\/\/www.plataformadeartecontemporaneo.com\/pac\/el-precio-del-arte-conversatorio-de-mia-art-collection-en-el-contexto-de-arco\/","og_site_name":"PAC","article_published_time":"2022-02-24T06:05:46+00:00","article_modified_time":"2022-06-02T21:45:04+00:00","og_image":[{"width":600,"height":600,"url":"https:\/\/www.plataformadeartecontemporaneo.com\/pac\/wp-content\/uploads\/2022\/02\/1-14.jpg","type":"image\/jpeg"}],"author":"Andrea Garc\u00eda Casal","twitter_misc":{"Escrito por":"Andrea Garc\u00eda Casal","Tiempo de lectura":"2 minutos"},"schema":{"@context":"https:\/\/schema.org","@graph":[{"@type":"Article","@id":"https:\/\/www.plataformadeartecontemporaneo.com\/pac\/el-precio-del-arte-conversatorio-de-mia-art-collection-en-el-contexto-de-arco\/#article","isPartOf":{"@id":"https:\/\/www.plataformadeartecontemporaneo.com\/pac\/el-precio-del-arte-conversatorio-de-mia-art-collection-en-el-contexto-de-arco\/"},"author":{"name":"Andrea Garc\u00eda Casal","@id":"https:\/\/www.plataformadeartecontemporaneo.com\/pac\/#\/schema\/person\/46e2d038515d116198c6c8d15c84a930"},"headline":"El precio del arte: conversatorio de MIA Art Collection en el contexto de ARCO","datePublished":"2022-02-24T06:05:46+00:00","dateModified":"2022-06-02T21:45:04+00:00","mainEntityOfPage":{"@id":"https:\/\/www.plataformadeartecontemporaneo.com\/pac\/el-precio-del-arte-conversatorio-de-mia-art-collection-en-el-contexto-de-arco\/"},"wordCount":320,"commentCount":0,"publisher":{"@id":"https:\/\/www.plataformadeartecontemporaneo.com\/pac\/#organization"},"image":{"@id":"https:\/\/www.plataformadeartecontemporaneo.com\/pac\/el-precio-del-arte-conversatorio-de-mia-art-collection-en-el-contexto-de-arco\/#primaryimage"},"thumbnailUrl":"https:\/\/www.plataformadeartecontemporaneo.com\/pac\/wp-content\/uploads\/2022\/02\/1-14.jpg","keywords":["MIA Art Collection"],"articleSection":["Madrid","mesa redonda"],"inLanguage":"es","potentialAction":[{"@type":"CommentAction","name":"Comment","target":["https:\/\/www.plataformadeartecontemporaneo.com\/pac\/el-precio-del-arte-conversatorio-de-mia-art-collection-en-el-contexto-de-arco\/#respond"]}]},{"@type":"WebPage","@id":"https:\/\/www.plataformadeartecontemporaneo.com\/pac\/el-precio-del-arte-conversatorio-de-mia-art-collection-en-el-contexto-de-arco\/","url":"https:\/\/www.plataformadeartecontemporaneo.com\/pac\/el-precio-del-arte-conversatorio-de-mia-art-collection-en-el-contexto-de-arco\/","name":"PAC | El precio del arte: conversatorio de MIA Art Collection en el contexto de ARCO","isPartOf":{"@id":"https:\/\/www.plataformadeartecontemporaneo.com\/pac\/#website"},"primaryImageOfPage":{"@id":"https:\/\/www.plataformadeartecontemporaneo.com\/pac\/el-precio-del-arte-conversatorio-de-mia-art-collection-en-el-contexto-de-arco\/#primaryimage"},"image":{"@id":"https:\/\/www.plataformadeartecontemporaneo.com\/pac\/el-precio-del-arte-conversatorio-de-mia-art-collection-en-el-contexto-de-arco\/#primaryimage"},"thumbnailUrl":"https:\/\/www.plataformadeartecontemporaneo.com\/pac\/wp-content\/uploads\/2022\/02\/1-14.jpg","datePublished":"2022-02-24T06:05:46+00:00","dateModified":"2022-06-02T21:45:04+00:00","description":"El precio del arte: conversatorio de MIA Art Collection en el contexto de la feria de arte contempor\u00e1neo ARCO 2022","breadcrumb":{"@id":"https:\/\/www.plataformadeartecontemporaneo.com\/pac\/el-precio-del-arte-conversatorio-de-mia-art-collection-en-el-contexto-de-arco\/#breadcrumb"},"inLanguage":"es","potentialAction":[{"@type":"ReadAction","target":["https:\/\/www.plataformadeartecontemporaneo.com\/pac\/el-precio-del-arte-conversatorio-de-mia-art-collection-en-el-contexto-de-arco\/"]}]},{"@type":"ImageObject","inLanguage":"es","@id":"https:\/\/www.plataformadeartecontemporaneo.com\/pac\/el-precio-del-arte-conversatorio-de-mia-art-collection-en-el-contexto-de-arco\/#primaryimage","url":"https:\/\/www.plataformadeartecontemporaneo.com\/pac\/wp-content\/uploads\/2022\/02\/1-14.jpg","contentUrl":"https:\/\/www.plataformadeartecontemporaneo.com\/pac\/wp-content\/uploads\/2022\/02\/1-14.jpg","width":600,"height":600,"caption":"MIA ART COLLECTION"},{"@type":"BreadcrumbList","@id":"https:\/\/www.plataformadeartecontemporaneo.com\/pac\/el-precio-del-arte-conversatorio-de-mia-art-collection-en-el-contexto-de-arco\/#breadcrumb","itemListElement":[{"@type":"ListItem","position":1,"name":"Portada","item":"https:\/\/www.plataformadeartecontemporaneo.com\/pac\/"},{"@type":"ListItem","position":2,"name":"El precio del arte: conversatorio de MIA Art Collection en el contexto de ARCO"}]},{"@type":"WebSite","@id":"https:\/\/www.plataformadeartecontemporaneo.com\/pac\/#website","url":"https:\/\/www.plataformadeartecontemporaneo.com\/pac\/","name":"PAC","description":"Plataforma de Arte Contempor\u00e1neo","publisher":{"@id":"https:\/\/www.plataformadeartecontemporaneo.com\/pac\/#organization"},"potentialAction":[{"@type":"SearchAction","target":{"@type":"EntryPoint","urlTemplate":"https:\/\/www.plataformadeartecontemporaneo.com\/pac\/?s={search_term_string}"},"query-input":{"@type":"PropertyValueSpecification","valueRequired":true,"valueName":"search_term_string"}}],"inLanguage":"es"},{"@type":"Organization","@id":"https:\/\/www.plataformadeartecontemporaneo.com\/pac\/#organization","name":"PAC","url":"https:\/\/www.plataformadeartecontemporaneo.com\/pac\/","logo":{"@type":"ImageObject","inLanguage":"es","@id":"https:\/\/www.plataformadeartecontemporaneo.com\/pac\/#\/schema\/logo\/image\/","url":"https:\/\/www.plataformadeartecontemporaneo.com\/pac\/wp-content\/uploads\/2020\/10\/LOGO-PAC-FOOTER-TRANSPARENTE.png","contentUrl":"https:\/\/www.plataformadeartecontemporaneo.com\/pac\/wp-content\/uploads\/2020\/10\/LOGO-PAC-FOOTER-TRANSPARENTE.png","width":200,"height":48,"caption":"PAC"},"image":{"@id":"https:\/\/www.plataformadeartecontemporaneo.com\/pac\/#\/schema\/logo\/image\/"}},{"@type":"Person","@id":"https:\/\/www.plataformadeartecontemporaneo.com\/pac\/#\/schema\/person\/46e2d038515d116198c6c8d15c84a930","name":"Andrea Garc\u00eda Casal","image":{"@type":"ImageObject","inLanguage":"es","@id":"https:\/\/www.plataformadeartecontemporaneo.com\/pac\/wp-content\/uploads\/2023\/08\/PAC-ICON-150x150.jpg","url":"https:\/\/www.plataformadeartecontemporaneo.com\/pac\/wp-content\/uploads\/2023\/08\/PAC-ICON-150x150.jpg","contentUrl":"https:\/\/www.plataformadeartecontemporaneo.com\/pac\/wp-content\/uploads\/2023\/08\/PAC-ICON-150x150.jpg","caption":"Andrea Garc\u00eda Casal"},"url":"https:\/\/www.plataformadeartecontemporaneo.com\/pac\/author\/andrea-garcia-casal\/"}]}},"_links":{"self":[{"href":"https:\/\/www.plataformadeartecontemporaneo.com\/pac\/wp-json\/wp\/v2\/posts\/73048","targetHints":{"allow":["GET"]}}],"collection":[{"href":"https:\/\/www.plataformadeartecontemporaneo.com\/pac\/wp-json\/wp\/v2\/posts"}],"about":[{"href":"https:\/\/www.plataformadeartecontemporaneo.com\/pac\/wp-json\/wp\/v2\/types\/post"}],"author":[{"embeddable":true,"href":"https:\/\/www.plataformadeartecontemporaneo.com\/pac\/wp-json\/wp\/v2\/users\/125"}],"replies":[{"embeddable":true,"href":"https:\/\/www.plataformadeartecontemporaneo.com\/pac\/wp-json\/wp\/v2\/comments?post=73048"}],"version-history":[{"count":4,"href":"https:\/\/www.plataformadeartecontemporaneo.com\/pac\/wp-json\/wp\/v2\/posts\/73048\/revisions"}],"predecessor-version":[{"id":73060,"href":"https:\/\/www.plataformadeartecontemporaneo.com\/pac\/wp-json\/wp\/v2\/posts\/73048\/revisions\/73060"}],"wp:featuredmedia":[{"embeddable":true,"href":"https:\/\/www.plataformadeartecontemporaneo.com\/pac\/wp-json\/wp\/v2\/media\/73050"}],"wp:attachment":[{"href":"https:\/\/www.plataformadeartecontemporaneo.com\/pac\/wp-json\/wp\/v2\/media?parent=73048"}],"wp:term":[{"taxonomy":"category","embeddable":true,"href":"https:\/\/www.plataformadeartecontemporaneo.com\/pac\/wp-json\/wp\/v2\/categories?post=73048"},{"taxonomy":"post_tag","embeddable":true,"href":"https:\/\/www.plataformadeartecontemporaneo.com\/pac\/wp-json\/wp\/v2\/tags?post=73048"}],"curies":[{"name":"wp","href":"https:\/\/api.w.org\/{rel}","templated":true}]}}