




{"id":7777,"date":"2011-12-21T13:18:50","date_gmt":"2011-12-21T13:18:50","guid":{"rendered":"http:\/\/www.plataformadeartecontemporaneo.com\/pac\/?p=7777"},"modified":"2011-12-21T13:18:59","modified_gmt":"2011-12-21T13:18:59","slug":"%e2%80%9cde-carne-y-hueso%e2%80%9d-de-matias-sanchez-en-mecanica-galeria-de-arte","status":"publish","type":"post","link":"https:\/\/www.plataformadeartecontemporaneo.com\/pac\/%e2%80%9cde-carne-y-hueso%e2%80%9d-de-matias-sanchez-en-mecanica-galeria-de-arte\/","title":{"rendered":"\u201cDe carne y hueso\u201d de Mat\u00edas S\u00e1nchez en Mec\u00e1nica Galer\u00eda de Arte"},"content":{"rendered":"<p style=\"text-align: justify;\">Desde el 16 de diciembre hasta el 28 de enero de 2012,\u00a0 <a href=\"http:\/\/galeriamecanica.com\/index.html\" target=\"_blank\">Mec\u00e1nica galer\u00eda de arte<\/a>, Sevilla<\/p>\n<p style=\"text-align: justify;\">El pasado viernes se inaugur\u00f3 la exposici\u00f3n <strong>De carne y hueso<\/strong> del artista alem\u00e1n Mat\u00edas S\u00e1nchez en <a href=\"http:\/\/galeriamecanica.com\/index.html\" target=\"_blank\">Mec\u00e1nica Galer\u00eda de Arte<\/a>. En la muestra encontrareis una selecci\u00f3n de retratos hechos a pintores importantes del siglo XIX y XX,\u00a0 en los que se reivindican a las personas por encima de sus nombres, trascendiendo la mitoman\u00eda superficial que rodea a estos pintores hoy d\u00eda.<\/p>\n<p style=\"text-align: center;\"><a rel=\"attachment wp-att-7778\" href=\"http:\/\/www.plataformadeartecontemporaneo.com\/pac\/%e2%80%9cde-carne-y-hueso%e2%80%9d-de-matias-sanchez-en-mecanica-galeria-de-arte\/matias-sanchez\/\"><img fetchpriority=\"high\" decoding=\"async\" class=\"alignnone size-full wp-image-7778\" title=\"De carne y hueso de Mat\u00edas S\u00e1nchez\" src=\"http:\/\/www.plataformadeartecontemporaneo.com\/pac\/wp-content\/uploads\/2011\/12\/mATIAS-SANCHEZ.jpg\" alt=\"\" width=\"500\" height=\"491\" srcset=\"https:\/\/www.plataformadeartecontemporaneo.com\/pac\/wp-content\/uploads\/2011\/12\/mATIAS-SANCHEZ.jpg 500w, https:\/\/www.plataformadeartecontemporaneo.com\/pac\/wp-content\/uploads\/2011\/12\/mATIAS-SANCHEZ-466x457.jpg 466w\" sizes=\"(max-width: 500px) 100vw, 500px\" \/><\/a><\/p>\n<p style=\"text-align: justify;\"><!--more--><\/p>\n<p style=\"text-align: justify;\">De carne y hueso surge a partir de cuatro fotograf\u00edas realizadas por Maurice Joyant, en las que se ve a Toulouse Lautrec defecando en la playa de Le Crotoy, estas instant\u00e1neas \u00a0son usadas por Mat\u00edas para reflexionar sobre la naturaleza humana de muchos autores.<\/p>\n<p style=\"text-align: justify;\">Muchos de estos artistas vivieron miserias en vida, por ejemplo Cezanne muri\u00f3 de neumon\u00eda cuando olvid\u00f3 el descanso para volver al estudio, Monet se empe\u00f1\u00f3 en destruir su obra inacabada antes de que alg\u00fan mercader especulara con ella, Manet aparece postrado en una cama arruinado y con una pierna amputada\u2026 A parte de sus infelices vidas, todos ellos tienen en com\u00fan su decisi\u00f3n de vivir dedicados a la pintura, conscientes del ostracismo al que se expon\u00edan, pero coherentes con su pasi\u00f3n: la pintura.<\/p>\n<p style=\"text-align: justify;\">Para el artista Ignacio Tovar: <em>\u201clos esfuerzos de Mat\u00edas muestran, sin lugar a dudas, que en su ejercicio de la pintura, y sin dar de lado a sus queridos personajes, juegan un papel principal estos factores \u2013 como la gestualidad, la composici\u00f3n, el juego crom\u00e1tico audaz- que tiene que ver con la pintura misma como lenguaje y como tema\u201d<\/em><\/p>\n","protected":false},"excerpt":{"rendered":"<div class=\"tmnf_excerpt\"><p>Desde el 16 de diciembre hasta el 28 de enero de 2012,\u00a0 Mec\u00e1nica galer\u00eda de arte, Sevilla El pasado viernes se inaugur\u00f3 la exposici\u00f3n De carne y hueso del artista alem\u00e1n Mat\u00edas S\u00e1nchez en Mec\u00e1nica Galer\u00eda de Arte. En la muestra encontrareis una selecci\u00f3n de retratos hechos a pintores importantes del siglo XIX y XX,\u00a0 &hellip;<\/p>\n<\/div>","protected":false},"author":3,"featured_media":0,"comment_status":"open","ping_status":"open","sticky":false,"template":"","format":"standard","meta":{"footnotes":""},"categories":[4,13,5,69],"tags":[240,1011],"class_list":["post-7777","post","type-post","status-publish","format-standard","hentry","category-exposiciones","category-galerias-de-arte","category-pintura","category-sevilla","tag-matias-sanchez","tag-mecanica-galeria-de-arte"],"yoast_head":"<!-- This site is optimized with the Yoast SEO plugin v27.4 - https:\/\/yoast.com\/product\/yoast-seo-wordpress\/ -->\n<title>PAC | \u201cDe carne y hueso\u201d de Mat\u00edas S\u00e1nchez en Mec\u00e1nica Galer\u00eda de Arte<\/title>\n<meta name=\"robots\" content=\"index, follow, max-snippet:-1, max-image-preview:large, max-video-preview:-1\" \/>\n<link rel=\"canonical\" href=\"https:\/\/www.plataformadeartecontemporaneo.com\/pac\/\u201cde-carne-y-hueso\u201d-de-matias-sanchez-en-mecanica-galeria-de-arte\/\" \/>\n<meta property=\"og:locale\" content=\"es_ES\" \/>\n<meta property=\"og:type\" content=\"article\" \/>\n<meta property=\"og:title\" content=\"PAC | \u201cDe carne y hueso\u201d de Mat\u00edas S\u00e1nchez en Mec\u00e1nica Galer\u00eda de Arte\" \/>\n<meta property=\"og:description\" content=\"Desde el 16 de diciembre hasta el 28 de enero de 2012,\u00a0 Mec\u00e1nica galer\u00eda de arte, Sevilla El pasado viernes se inaugur\u00f3 la exposici\u00f3n De carne y hueso del artista alem\u00e1n Mat\u00edas S\u00e1nchez en Mec\u00e1nica Galer\u00eda de Arte. En la muestra encontrareis una selecci\u00f3n de retratos hechos a pintores importantes del siglo XIX y XX,\u00a0 &hellip;\" \/>\n<meta property=\"og:url\" content=\"https:\/\/www.plataformadeartecontemporaneo.com\/pac\/\u201cde-carne-y-hueso\u201d-de-matias-sanchez-en-mecanica-galeria-de-arte\/\" \/>\n<meta property=\"og:site_name\" content=\"PAC\" \/>\n<meta property=\"article:published_time\" content=\"2011-12-21T13:18:50+00:00\" \/>\n<meta property=\"article:modified_time\" content=\"2011-12-21T13:18:59+00:00\" \/>\n<meta property=\"og:image\" content=\"http:\/\/www.plataformadeartecontemporaneo.com\/pac\/wp-content\/uploads\/2011\/12\/mATIAS-SANCHEZ.jpg\" \/>\n<meta name=\"author\" content=\"Sara Torres Sif\u00f3n\" \/>\n<meta name=\"twitter:label1\" content=\"Escrito por\" \/>\n\t<meta name=\"twitter:data1\" content=\"Sara Torres Sif\u00f3n\" \/>\n\t<meta name=\"twitter:label2\" content=\"Tiempo de lectura\" \/>\n\t<meta name=\"twitter:data2\" content=\"1 minuto\" \/>\n<script type=\"application\/ld+json\" class=\"yoast-schema-graph\">{\"@context\":\"https:\\\/\\\/schema.org\",\"@graph\":[{\"@type\":\"Article\",\"@id\":\"https:\\\/\\\/www.plataformadeartecontemporaneo.com\\\/pac\\\/%e2%80%9cde-carne-y-hueso%e2%80%9d-de-matias-sanchez-en-mecanica-galeria-de-arte\\\/#article\",\"isPartOf\":{\"@id\":\"https:\\\/\\\/www.plataformadeartecontemporaneo.com\\\/pac\\\/%e2%80%9cde-carne-y-hueso%e2%80%9d-de-matias-sanchez-en-mecanica-galeria-de-arte\\\/\"},\"author\":{\"name\":\"Sara Torres Sif\u00f3n\",\"@id\":\"https:\\\/\\\/www.plataformadeartecontemporaneo.com\\\/pac\\\/#\\\/schema\\\/person\\\/c9f47d02f1c69d24c7435c36a2bb45b6\"},\"headline\":\"\u201cDe carne y hueso\u201d de Mat\u00edas S\u00e1nchez en Mec\u00e1nica Galer\u00eda de Arte\",\"datePublished\":\"2011-12-21T13:18:50+00:00\",\"dateModified\":\"2011-12-21T13:18:59+00:00\",\"mainEntityOfPage\":{\"@id\":\"https:\\\/\\\/www.plataformadeartecontemporaneo.com\\\/pac\\\/%e2%80%9cde-carne-y-hueso%e2%80%9d-de-matias-sanchez-en-mecanica-galeria-de-arte\\\/\"},\"wordCount\":300,\"commentCount\":0,\"publisher\":{\"@id\":\"https:\\\/\\\/www.plataformadeartecontemporaneo.com\\\/pac\\\/#organization\"},\"image\":{\"@id\":\"https:\\\/\\\/www.plataformadeartecontemporaneo.com\\\/pac\\\/%e2%80%9cde-carne-y-hueso%e2%80%9d-de-matias-sanchez-en-mecanica-galeria-de-arte\\\/#primaryimage\"},\"thumbnailUrl\":\"http:\\\/\\\/www.plataformadeartecontemporaneo.com\\\/pac\\\/wp-content\\\/uploads\\\/2011\\\/12\\\/mATIAS-SANCHEZ.jpg\",\"keywords\":[\"Mat\u00edas S\u00e1nchez\",\"Mec\u00e1nica Galer\u00eda de Arte\"],\"articleSection\":[\"Exposiciones\",\"Galer\u00edas de arte\",\"Pintura\",\"Sevilla\"],\"inLanguage\":\"es\",\"potentialAction\":[{\"@type\":\"CommentAction\",\"name\":\"Comment\",\"target\":[\"https:\\\/\\\/www.plataformadeartecontemporaneo.com\\\/pac\\\/%e2%80%9cde-carne-y-hueso%e2%80%9d-de-matias-sanchez-en-mecanica-galeria-de-arte\\\/#respond\"]}]},{\"@type\":\"WebPage\",\"@id\":\"https:\\\/\\\/www.plataformadeartecontemporaneo.com\\\/pac\\\/%e2%80%9cde-carne-y-hueso%e2%80%9d-de-matias-sanchez-en-mecanica-galeria-de-arte\\\/\",\"url\":\"https:\\\/\\\/www.plataformadeartecontemporaneo.com\\\/pac\\\/%e2%80%9cde-carne-y-hueso%e2%80%9d-de-matias-sanchez-en-mecanica-galeria-de-arte\\\/\",\"name\":\"PAC | \u201cDe carne y hueso\u201d de Mat\u00edas S\u00e1nchez en Mec\u00e1nica Galer\u00eda de Arte\",\"isPartOf\":{\"@id\":\"https:\\\/\\\/www.plataformadeartecontemporaneo.com\\\/pac\\\/#website\"},\"primaryImageOfPage\":{\"@id\":\"https:\\\/\\\/www.plataformadeartecontemporaneo.com\\\/pac\\\/%e2%80%9cde-carne-y-hueso%e2%80%9d-de-matias-sanchez-en-mecanica-galeria-de-arte\\\/#primaryimage\"},\"image\":{\"@id\":\"https:\\\/\\\/www.plataformadeartecontemporaneo.com\\\/pac\\\/%e2%80%9cde-carne-y-hueso%e2%80%9d-de-matias-sanchez-en-mecanica-galeria-de-arte\\\/#primaryimage\"},\"thumbnailUrl\":\"http:\\\/\\\/www.plataformadeartecontemporaneo.com\\\/pac\\\/wp-content\\\/uploads\\\/2011\\\/12\\\/mATIAS-SANCHEZ.jpg\",\"datePublished\":\"2011-12-21T13:18:50+00:00\",\"dateModified\":\"2011-12-21T13:18:59+00:00\",\"breadcrumb\":{\"@id\":\"https:\\\/\\\/www.plataformadeartecontemporaneo.com\\\/pac\\\/%e2%80%9cde-carne-y-hueso%e2%80%9d-de-matias-sanchez-en-mecanica-galeria-de-arte\\\/#breadcrumb\"},\"inLanguage\":\"es\",\"potentialAction\":[{\"@type\":\"ReadAction\",\"target\":[\"https:\\\/\\\/www.plataformadeartecontemporaneo.com\\\/pac\\\/%e2%80%9cde-carne-y-hueso%e2%80%9d-de-matias-sanchez-en-mecanica-galeria-de-arte\\\/\"]}]},{\"@type\":\"ImageObject\",\"inLanguage\":\"es\",\"@id\":\"https:\\\/\\\/www.plataformadeartecontemporaneo.com\\\/pac\\\/%e2%80%9cde-carne-y-hueso%e2%80%9d-de-matias-sanchez-en-mecanica-galeria-de-arte\\\/#primaryimage\",\"url\":\"http:\\\/\\\/www.plataformadeartecontemporaneo.com\\\/pac\\\/wp-content\\\/uploads\\\/2011\\\/12\\\/mATIAS-SANCHEZ.jpg\",\"contentUrl\":\"http:\\\/\\\/www.plataformadeartecontemporaneo.com\\\/pac\\\/wp-content\\\/uploads\\\/2011\\\/12\\\/mATIAS-SANCHEZ.jpg\"},{\"@type\":\"BreadcrumbList\",\"@id\":\"https:\\\/\\\/www.plataformadeartecontemporaneo.com\\\/pac\\\/%e2%80%9cde-carne-y-hueso%e2%80%9d-de-matias-sanchez-en-mecanica-galeria-de-arte\\\/#breadcrumb\",\"itemListElement\":[{\"@type\":\"ListItem\",\"position\":1,\"name\":\"Portada\",\"item\":\"https:\\\/\\\/www.plataformadeartecontemporaneo.com\\\/pac\\\/\"},{\"@type\":\"ListItem\",\"position\":2,\"name\":\"\u201cDe carne y hueso\u201d de Mat\u00edas S\u00e1nchez en Mec\u00e1nica Galer\u00eda de Arte\"}]},{\"@type\":\"WebSite\",\"@id\":\"https:\\\/\\\/www.plataformadeartecontemporaneo.com\\\/pac\\\/#website\",\"url\":\"https:\\\/\\\/www.plataformadeartecontemporaneo.com\\\/pac\\\/\",\"name\":\"PAC\",\"description\":\"Plataforma de Arte Contempor\u00e1neo\",\"publisher\":{\"@id\":\"https:\\\/\\\/www.plataformadeartecontemporaneo.com\\\/pac\\\/#organization\"},\"potentialAction\":[{\"@type\":\"SearchAction\",\"target\":{\"@type\":\"EntryPoint\",\"urlTemplate\":\"https:\\\/\\\/www.plataformadeartecontemporaneo.com\\\/pac\\\/?s={search_term_string}\"},\"query-input\":{\"@type\":\"PropertyValueSpecification\",\"valueRequired\":true,\"valueName\":\"search_term_string\"}}],\"inLanguage\":\"es\"},{\"@type\":\"Organization\",\"@id\":\"https:\\\/\\\/www.plataformadeartecontemporaneo.com\\\/pac\\\/#organization\",\"name\":\"PAC\",\"url\":\"https:\\\/\\\/www.plataformadeartecontemporaneo.com\\\/pac\\\/\",\"logo\":{\"@type\":\"ImageObject\",\"inLanguage\":\"es\",\"@id\":\"https:\\\/\\\/www.plataformadeartecontemporaneo.com\\\/pac\\\/#\\\/schema\\\/logo\\\/image\\\/\",\"url\":\"https:\\\/\\\/www.plataformadeartecontemporaneo.com\\\/pac\\\/wp-content\\\/uploads\\\/2020\\\/10\\\/LOGO-PAC-FOOTER-TRANSPARENTE.png\",\"contentUrl\":\"https:\\\/\\\/www.plataformadeartecontemporaneo.com\\\/pac\\\/wp-content\\\/uploads\\\/2020\\\/10\\\/LOGO-PAC-FOOTER-TRANSPARENTE.png\",\"width\":200,\"height\":48,\"caption\":\"PAC\"},\"image\":{\"@id\":\"https:\\\/\\\/www.plataformadeartecontemporaneo.com\\\/pac\\\/#\\\/schema\\\/logo\\\/image\\\/\"}},{\"@type\":\"Person\",\"@id\":\"https:\\\/\\\/www.plataformadeartecontemporaneo.com\\\/pac\\\/#\\\/schema\\\/person\\\/c9f47d02f1c69d24c7435c36a2bb45b6\",\"name\":\"Sara Torres Sif\u00f3n\",\"image\":{\"@type\":\"ImageObject\",\"inLanguage\":\"es\",\"@id\":\"https:\\\/\\\/www.plataformadeartecontemporaneo.com\\\/pac\\\/wp-content\\\/uploads\\\/2020\\\/03\\\/sara.jpg\",\"url\":\"https:\\\/\\\/www.plataformadeartecontemporaneo.com\\\/pac\\\/wp-content\\\/uploads\\\/2020\\\/03\\\/sara.jpg\",\"contentUrl\":\"https:\\\/\\\/www.plataformadeartecontemporaneo.com\\\/pac\\\/wp-content\\\/uploads\\\/2020\\\/03\\\/sara.jpg\",\"caption\":\"Sara Torres Sif\u00f3n\"},\"description\":\"Directora de PAC Plataforma de Arte Contempor\u00e1neo, cr\u00edtica de arte y comisaria de exposiciones. Es licenciada en Historia del Arte, especializada en Museograf\u00eda y montaje de exposiciones por la UCM.\",\"sameAs\":[\"https:\\\/\\\/www.instagram.com\\\/saratorressifon\\\/\"],\"url\":\"https:\\\/\\\/www.plataformadeartecontemporaneo.com\\\/pac\\\/author\\\/sara\\\/\"}]}<\/script>\n<!-- \/ Yoast SEO plugin. -->","yoast_head_json":{"title":"PAC | \u201cDe carne y hueso\u201d de Mat\u00edas S\u00e1nchez en Mec\u00e1nica Galer\u00eda de Arte","robots":{"index":"index","follow":"follow","max-snippet":"max-snippet:-1","max-image-preview":"max-image-preview:large","max-video-preview":"max-video-preview:-1"},"canonical":"https:\/\/www.plataformadeartecontemporaneo.com\/pac\/\u201cde-carne-y-hueso\u201d-de-matias-sanchez-en-mecanica-galeria-de-arte\/","og_locale":"es_ES","og_type":"article","og_title":"PAC | \u201cDe carne y hueso\u201d de Mat\u00edas S\u00e1nchez en Mec\u00e1nica Galer\u00eda de Arte","og_description":"Desde el 16 de diciembre hasta el 28 de enero de 2012,\u00a0 Mec\u00e1nica galer\u00eda de arte, Sevilla El pasado viernes se inaugur\u00f3 la exposici\u00f3n De carne y hueso del artista alem\u00e1n Mat\u00edas S\u00e1nchez en Mec\u00e1nica Galer\u00eda de Arte. En la muestra encontrareis una selecci\u00f3n de retratos hechos a pintores importantes del siglo XIX y XX,\u00a0 &hellip;","og_url":"https:\/\/www.plataformadeartecontemporaneo.com\/pac\/\u201cde-carne-y-hueso\u201d-de-matias-sanchez-en-mecanica-galeria-de-arte\/","og_site_name":"PAC","article_published_time":"2011-12-21T13:18:50+00:00","article_modified_time":"2011-12-21T13:18:59+00:00","og_image":[{"url":"http:\/\/www.plataformadeartecontemporaneo.com\/pac\/wp-content\/uploads\/2011\/12\/mATIAS-SANCHEZ.jpg","type":"","width":"","height":""}],"author":"Sara Torres Sif\u00f3n","twitter_misc":{"Escrito por":"Sara Torres Sif\u00f3n","Tiempo de lectura":"1 minuto"},"schema":{"@context":"https:\/\/schema.org","@graph":[{"@type":"Article","@id":"https:\/\/www.plataformadeartecontemporaneo.com\/pac\/%e2%80%9cde-carne-y-hueso%e2%80%9d-de-matias-sanchez-en-mecanica-galeria-de-arte\/#article","isPartOf":{"@id":"https:\/\/www.plataformadeartecontemporaneo.com\/pac\/%e2%80%9cde-carne-y-hueso%e2%80%9d-de-matias-sanchez-en-mecanica-galeria-de-arte\/"},"author":{"name":"Sara Torres Sif\u00f3n","@id":"https:\/\/www.plataformadeartecontemporaneo.com\/pac\/#\/schema\/person\/c9f47d02f1c69d24c7435c36a2bb45b6"},"headline":"\u201cDe carne y hueso\u201d de Mat\u00edas S\u00e1nchez en Mec\u00e1nica Galer\u00eda de Arte","datePublished":"2011-12-21T13:18:50+00:00","dateModified":"2011-12-21T13:18:59+00:00","mainEntityOfPage":{"@id":"https:\/\/www.plataformadeartecontemporaneo.com\/pac\/%e2%80%9cde-carne-y-hueso%e2%80%9d-de-matias-sanchez-en-mecanica-galeria-de-arte\/"},"wordCount":300,"commentCount":0,"publisher":{"@id":"https:\/\/www.plataformadeartecontemporaneo.com\/pac\/#organization"},"image":{"@id":"https:\/\/www.plataformadeartecontemporaneo.com\/pac\/%e2%80%9cde-carne-y-hueso%e2%80%9d-de-matias-sanchez-en-mecanica-galeria-de-arte\/#primaryimage"},"thumbnailUrl":"http:\/\/www.plataformadeartecontemporaneo.com\/pac\/wp-content\/uploads\/2011\/12\/mATIAS-SANCHEZ.jpg","keywords":["Mat\u00edas S\u00e1nchez","Mec\u00e1nica Galer\u00eda de Arte"],"articleSection":["Exposiciones","Galer\u00edas de arte","Pintura","Sevilla"],"inLanguage":"es","potentialAction":[{"@type":"CommentAction","name":"Comment","target":["https:\/\/www.plataformadeartecontemporaneo.com\/pac\/%e2%80%9cde-carne-y-hueso%e2%80%9d-de-matias-sanchez-en-mecanica-galeria-de-arte\/#respond"]}]},{"@type":"WebPage","@id":"https:\/\/www.plataformadeartecontemporaneo.com\/pac\/%e2%80%9cde-carne-y-hueso%e2%80%9d-de-matias-sanchez-en-mecanica-galeria-de-arte\/","url":"https:\/\/www.plataformadeartecontemporaneo.com\/pac\/%e2%80%9cde-carne-y-hueso%e2%80%9d-de-matias-sanchez-en-mecanica-galeria-de-arte\/","name":"PAC | \u201cDe carne y hueso\u201d de Mat\u00edas S\u00e1nchez en Mec\u00e1nica Galer\u00eda de Arte","isPartOf":{"@id":"https:\/\/www.plataformadeartecontemporaneo.com\/pac\/#website"},"primaryImageOfPage":{"@id":"https:\/\/www.plataformadeartecontemporaneo.com\/pac\/%e2%80%9cde-carne-y-hueso%e2%80%9d-de-matias-sanchez-en-mecanica-galeria-de-arte\/#primaryimage"},"image":{"@id":"https:\/\/www.plataformadeartecontemporaneo.com\/pac\/%e2%80%9cde-carne-y-hueso%e2%80%9d-de-matias-sanchez-en-mecanica-galeria-de-arte\/#primaryimage"},"thumbnailUrl":"http:\/\/www.plataformadeartecontemporaneo.com\/pac\/wp-content\/uploads\/2011\/12\/mATIAS-SANCHEZ.jpg","datePublished":"2011-12-21T13:18:50+00:00","dateModified":"2011-12-21T13:18:59+00:00","breadcrumb":{"@id":"https:\/\/www.plataformadeartecontemporaneo.com\/pac\/%e2%80%9cde-carne-y-hueso%e2%80%9d-de-matias-sanchez-en-mecanica-galeria-de-arte\/#breadcrumb"},"inLanguage":"es","potentialAction":[{"@type":"ReadAction","target":["https:\/\/www.plataformadeartecontemporaneo.com\/pac\/%e2%80%9cde-carne-y-hueso%e2%80%9d-de-matias-sanchez-en-mecanica-galeria-de-arte\/"]}]},{"@type":"ImageObject","inLanguage":"es","@id":"https:\/\/www.plataformadeartecontemporaneo.com\/pac\/%e2%80%9cde-carne-y-hueso%e2%80%9d-de-matias-sanchez-en-mecanica-galeria-de-arte\/#primaryimage","url":"http:\/\/www.plataformadeartecontemporaneo.com\/pac\/wp-content\/uploads\/2011\/12\/mATIAS-SANCHEZ.jpg","contentUrl":"http:\/\/www.plataformadeartecontemporaneo.com\/pac\/wp-content\/uploads\/2011\/12\/mATIAS-SANCHEZ.jpg"},{"@type":"BreadcrumbList","@id":"https:\/\/www.plataformadeartecontemporaneo.com\/pac\/%e2%80%9cde-carne-y-hueso%e2%80%9d-de-matias-sanchez-en-mecanica-galeria-de-arte\/#breadcrumb","itemListElement":[{"@type":"ListItem","position":1,"name":"Portada","item":"https:\/\/www.plataformadeartecontemporaneo.com\/pac\/"},{"@type":"ListItem","position":2,"name":"\u201cDe carne y hueso\u201d de Mat\u00edas S\u00e1nchez en Mec\u00e1nica Galer\u00eda de Arte"}]},{"@type":"WebSite","@id":"https:\/\/www.plataformadeartecontemporaneo.com\/pac\/#website","url":"https:\/\/www.plataformadeartecontemporaneo.com\/pac\/","name":"PAC","description":"Plataforma de Arte Contempor\u00e1neo","publisher":{"@id":"https:\/\/www.plataformadeartecontemporaneo.com\/pac\/#organization"},"potentialAction":[{"@type":"SearchAction","target":{"@type":"EntryPoint","urlTemplate":"https:\/\/www.plataformadeartecontemporaneo.com\/pac\/?s={search_term_string}"},"query-input":{"@type":"PropertyValueSpecification","valueRequired":true,"valueName":"search_term_string"}}],"inLanguage":"es"},{"@type":"Organization","@id":"https:\/\/www.plataformadeartecontemporaneo.com\/pac\/#organization","name":"PAC","url":"https:\/\/www.plataformadeartecontemporaneo.com\/pac\/","logo":{"@type":"ImageObject","inLanguage":"es","@id":"https:\/\/www.plataformadeartecontemporaneo.com\/pac\/#\/schema\/logo\/image\/","url":"https:\/\/www.plataformadeartecontemporaneo.com\/pac\/wp-content\/uploads\/2020\/10\/LOGO-PAC-FOOTER-TRANSPARENTE.png","contentUrl":"https:\/\/www.plataformadeartecontemporaneo.com\/pac\/wp-content\/uploads\/2020\/10\/LOGO-PAC-FOOTER-TRANSPARENTE.png","width":200,"height":48,"caption":"PAC"},"image":{"@id":"https:\/\/www.plataformadeartecontemporaneo.com\/pac\/#\/schema\/logo\/image\/"}},{"@type":"Person","@id":"https:\/\/www.plataformadeartecontemporaneo.com\/pac\/#\/schema\/person\/c9f47d02f1c69d24c7435c36a2bb45b6","name":"Sara Torres Sif\u00f3n","image":{"@type":"ImageObject","inLanguage":"es","@id":"https:\/\/www.plataformadeartecontemporaneo.com\/pac\/wp-content\/uploads\/2020\/03\/sara.jpg","url":"https:\/\/www.plataformadeartecontemporaneo.com\/pac\/wp-content\/uploads\/2020\/03\/sara.jpg","contentUrl":"https:\/\/www.plataformadeartecontemporaneo.com\/pac\/wp-content\/uploads\/2020\/03\/sara.jpg","caption":"Sara Torres Sif\u00f3n"},"description":"Directora de PAC Plataforma de Arte Contempor\u00e1neo, cr\u00edtica de arte y comisaria de exposiciones. Es licenciada en Historia del Arte, especializada en Museograf\u00eda y montaje de exposiciones por la UCM.","sameAs":["https:\/\/www.instagram.com\/saratorressifon\/"],"url":"https:\/\/www.plataformadeartecontemporaneo.com\/pac\/author\/sara\/"}]}},"_links":{"self":[{"href":"https:\/\/www.plataformadeartecontemporaneo.com\/pac\/wp-json\/wp\/v2\/posts\/7777","targetHints":{"allow":["GET"]}}],"collection":[{"href":"https:\/\/www.plataformadeartecontemporaneo.com\/pac\/wp-json\/wp\/v2\/posts"}],"about":[{"href":"https:\/\/www.plataformadeartecontemporaneo.com\/pac\/wp-json\/wp\/v2\/types\/post"}],"author":[{"embeddable":true,"href":"https:\/\/www.plataformadeartecontemporaneo.com\/pac\/wp-json\/wp\/v2\/users\/3"}],"replies":[{"embeddable":true,"href":"https:\/\/www.plataformadeartecontemporaneo.com\/pac\/wp-json\/wp\/v2\/comments?post=7777"}],"version-history":[{"count":7,"href":"https:\/\/www.plataformadeartecontemporaneo.com\/pac\/wp-json\/wp\/v2\/posts\/7777\/revisions"}],"predecessor-version":[{"id":7801,"href":"https:\/\/www.plataformadeartecontemporaneo.com\/pac\/wp-json\/wp\/v2\/posts\/7777\/revisions\/7801"}],"wp:attachment":[{"href":"https:\/\/www.plataformadeartecontemporaneo.com\/pac\/wp-json\/wp\/v2\/media?parent=7777"}],"wp:term":[{"taxonomy":"category","embeddable":true,"href":"https:\/\/www.plataformadeartecontemporaneo.com\/pac\/wp-json\/wp\/v2\/categories?post=7777"},{"taxonomy":"post_tag","embeddable":true,"href":"https:\/\/www.plataformadeartecontemporaneo.com\/pac\/wp-json\/wp\/v2\/tags?post=7777"}],"curies":[{"name":"wp","href":"https:\/\/api.w.org\/{rel}","templated":true}]}}