




{"id":841,"date":"2010-10-06T06:16:10","date_gmt":"2010-10-06T06:16:10","guid":{"rendered":"http:\/\/www.plataformadeartecontemporaneo.com\/pac\/?p=841"},"modified":"2010-10-06T06:17:30","modified_gmt":"2010-10-06T06:17:30","slug":"jose-bedia-en-el-ivam","status":"publish","type":"post","link":"https:\/\/www.plataformadeartecontemporaneo.com\/pac\/jose-bedia-en-el-ivam\/","title":{"rendered":"Jos\u00e9 Bed\u00eda en el IVAM"},"content":{"rendered":"<p style=\"text-align: justify;\">Del 9 de septiembre\u00a0al 21 de noviembre 2010 IVAM<\/p>\n<p style=\"text-align: justify;\">La retrospectiva de <a href=\"http:\/\/es.wikipedia.org\/wiki\/Jos%C3%A9_Braulio_Bedia_Vald%C3%A9s\"><strong>Jos\u00e9 Bed\u00eda<\/strong><\/a>\u00a0(La Habana, 1959), comisariada por Isabel Dur\u00e1n, llega al <strong><a href=\"http:\/\/www.ivam.es\/\">IVAM<\/a><\/strong>. La exposici\u00f3n se centra en la obra del artista cubano, residente en Estados Unidos, desde principios de la d\u00e9cada de los noventa. Una propuesta para reflexionar sobre una\u00a0restauraci\u00f3n de la transculturizaci\u00f3n, memoria hist\u00f3rica e identidad cultural. Una mirada \u00fanica acerca del pasado colectivo donde lo ret\u00f3rico se vuelve ritual.<\/p>\n<p style=\"text-align: justify;\"><img fetchpriority=\"high\" decoding=\"async\" class=\"aligncenter size-full wp-image-893\" title=\"Bedia\" src=\"http:\/\/www.plataformadeartecontemporaneo.com\/pac\/wp-content\/uploads\/2010\/10\/Bedia1.jpg\" alt=\"\" width=\"498\" height=\"199\" \/><\/p>\n<p style=\"text-align: justify;\"><a class=\"flickr-image alignnone\" title=\"Jos\u00e9 Bed\u00eda\" rel=\"flickr-mgr\" href=\"http:\/\/www.flickr.com\/photos\/ilovebeermats\/5053707676\/\"><img decoding=\"async\" class=\"flickr-medium\" src=\"http:\/\/farm5.static.flickr.com\/4105\/5053707676_908e448dca_t.jpg\" alt=\"Jos\u00e9 Bed\u00eda\" width=\"112\" height=\"72\" \/><\/a>\u00a0\u00a0\u00a0\u00a0\u00a0<a class=\"flickr-image alignnone\" title=\"Jos\u00e9 Bed\u00eda\" rel=\"flickr-mgr\" href=\"http:\/\/www.flickr.com\/photos\/ilovebeermats\/5053088215\/\"><img decoding=\"async\" class=\"flickr-medium\" src=\"http:\/\/farm5.static.flickr.com\/4126\/5053088215_fe140276de_t.jpg\" alt=\"Jos\u00e9 Bed\u00eda\" width=\"112\" height=\"72\" \/><\/a>\u00a0\u00a0\u00a0\u00a0\u00a0<a class=\"flickr-image alignnone\" title=\"Jos\u00e9 Bed\u00eda\" rel=\"flickr-mgr\" href=\"http:\/\/www.flickr.com\/photos\/ilovebeermats\/5053089623\/\"><img loading=\"lazy\" decoding=\"async\" class=\"flickr-medium\" src=\"http:\/\/farm5.static.flickr.com\/4144\/5053089623_d2630fed7e_t.jpg\" alt=\"Jos\u00e9 Bed\u00eda\" width=\"114\" height=\"72\" \/><\/a>\u00a0\u00a0 <a class=\"flickr-image alignnone\" title=\"Jos\u00e9 Bed\u00eda\" rel=\"flickr-mgr\" href=\"http:\/\/www.flickr.com\/photos\/ilovebeermats\/5053090695\/\"><img loading=\"lazy\" decoding=\"async\" class=\"flickr-medium\" src=\"http:\/\/farm5.static.flickr.com\/4125\/5053090695_6a473be1a6_t.jpg\" alt=\"Jos\u00e9 Bed\u00eda\" width=\"113\" height=\"72\" \/><\/a><\/p>\n<p style=\"text-align: justify;\"><!--more-->Jos\u00e9 Bed\u00eda, considerado uno de los m\u00e1s grandes creadores vivos del Arte Cubano,\u00a0fue uno de los \u00a0fundadores de la \u201cGeneraci\u00f3n de los ochenta\u201d e integrante m\u00e1s destacado, logr\u00f3 aprovechar el car\u00e1cter inclusivo y antihegem\u00f3nico de la metodolog\u00eda postmodernista para impulsar un ejercicio de s\u00edntesis cultural.<\/p>\n<p style=\"text-align: justify;\">La defensa de una pr\u00e1ctica art\u00edstica postmoderna ha llevado a Jos\u00e9 Bed\u00eda a requerir la utilizaci\u00f3n tanto del arte cl\u00e1sico como de vanguardia. Una obra\u00a0guiada por\u00a0arte neoconceptual cubano y un referente de hibridaci\u00f3n, mixtificaci\u00f3n, eclecticismo y sincretismo socio-cultural.\u00a0<\/p>\n<p style=\"text-align: justify;\">Bedia basa su trabajo en un tratamiento cr\u00edtico y antropol\u00f3gico de pueblos y culturas con or\u00edgenes ancestrales en su mayor\u00eda.\u00a0 Bajo una inspiraci\u00f3n de tradiciones afrocubanas y\u00a0de origen africano, amerindio o de pueblos aut\u00f3ctonos latinoamericanos, australianos o de Ocean\u00edavivas.<\/p>\n","protected":false},"excerpt":{"rendered":"<div class=\"tmnf_excerpt\"><p>La obra de Jos\u00e9 Bed\u00eda llega a Valencia de la mano del IVAM<\/p>\n<\/div>","protected":false},"author":2,"featured_media":0,"comment_status":"open","ping_status":"open","sticky":false,"template":"","format":"standard","meta":{"footnotes":""},"categories":[4,14,5,32],"tags":[33,75],"class_list":["post-841","post","type-post","status-publish","format-standard","hentry","category-exposiciones","category-museos","category-pintura","category-valencia","tag-ivam","tag-jose-bedia"],"yoast_head":"<!-- This site is optimized with the Yoast SEO plugin v27.4 - https:\/\/yoast.com\/product\/yoast-seo-wordpress\/ -->\n<title>PAC | Jos\u00e9 Bed\u00eda en el IVAM<\/title>\n<meta name=\"robots\" content=\"index, follow, max-snippet:-1, max-image-preview:large, max-video-preview:-1\" \/>\n<link rel=\"canonical\" href=\"https:\/\/www.plataformadeartecontemporaneo.com\/pac\/jose-bedia-en-el-ivam\/\" \/>\n<meta property=\"og:locale\" content=\"es_ES\" \/>\n<meta property=\"og:type\" content=\"article\" \/>\n<meta property=\"og:title\" content=\"PAC | Jos\u00e9 Bed\u00eda en el IVAM\" \/>\n<meta property=\"og:description\" content=\"La obra de Jos\u00e9 Bed\u00eda llega a Valencia de la mano del IVAM\" \/>\n<meta property=\"og:url\" content=\"https:\/\/www.plataformadeartecontemporaneo.com\/pac\/jose-bedia-en-el-ivam\/\" \/>\n<meta property=\"og:site_name\" content=\"PAC\" \/>\n<meta property=\"article:published_time\" content=\"2010-10-06T06:16:10+00:00\" \/>\n<meta property=\"article:modified_time\" content=\"2010-10-06T06:17:30+00:00\" \/>\n<meta property=\"og:image\" content=\"http:\/\/www.plataformadeartecontemporaneo.com\/pac\/wp-content\/uploads\/2010\/10\/Bedia1.jpg\" \/>\n<meta name=\"author\" content=\"Oscar Garcia Garcia\" \/>\n<meta name=\"twitter:label1\" content=\"Escrito por\" \/>\n\t<meta name=\"twitter:data1\" content=\"Oscar Garcia Garcia\" \/>\n\t<meta name=\"twitter:label2\" content=\"Tiempo de lectura\" \/>\n\t<meta name=\"twitter:data2\" content=\"1 minuto\" \/>\n<script type=\"application\/ld+json\" class=\"yoast-schema-graph\">{\"@context\":\"https:\\\/\\\/schema.org\",\"@graph\":[{\"@type\":\"Article\",\"@id\":\"https:\\\/\\\/www.plataformadeartecontemporaneo.com\\\/pac\\\/jose-bedia-en-el-ivam\\\/#article\",\"isPartOf\":{\"@id\":\"https:\\\/\\\/www.plataformadeartecontemporaneo.com\\\/pac\\\/jose-bedia-en-el-ivam\\\/\"},\"author\":{\"name\":\"Oscar Garcia Garcia\",\"@id\":\"https:\\\/\\\/www.plataformadeartecontemporaneo.com\\\/pac\\\/#\\\/schema\\\/person\\\/1000a254d6e3294f80e1bdfcb17c205c\"},\"headline\":\"Jos\u00e9 Bed\u00eda en el IVAM\",\"datePublished\":\"2010-10-06T06:16:10+00:00\",\"dateModified\":\"2010-10-06T06:17:30+00:00\",\"mainEntityOfPage\":{\"@id\":\"https:\\\/\\\/www.plataformadeartecontemporaneo.com\\\/pac\\\/jose-bedia-en-el-ivam\\\/\"},\"wordCount\":233,\"commentCount\":0,\"publisher\":{\"@id\":\"https:\\\/\\\/www.plataformadeartecontemporaneo.com\\\/pac\\\/#organization\"},\"image\":{\"@id\":\"https:\\\/\\\/www.plataformadeartecontemporaneo.com\\\/pac\\\/jose-bedia-en-el-ivam\\\/#primaryimage\"},\"thumbnailUrl\":\"http:\\\/\\\/www.plataformadeartecontemporaneo.com\\\/pac\\\/wp-content\\\/uploads\\\/2010\\\/10\\\/Bedia1.jpg\",\"keywords\":[\"ivam\",\"jos\u00e9 bed\u00eda\"],\"articleSection\":[\"Exposiciones\",\"Museos\",\"Pintura\",\"Valencia\"],\"inLanguage\":\"es\",\"potentialAction\":[{\"@type\":\"CommentAction\",\"name\":\"Comment\",\"target\":[\"https:\\\/\\\/www.plataformadeartecontemporaneo.com\\\/pac\\\/jose-bedia-en-el-ivam\\\/#respond\"]}]},{\"@type\":\"WebPage\",\"@id\":\"https:\\\/\\\/www.plataformadeartecontemporaneo.com\\\/pac\\\/jose-bedia-en-el-ivam\\\/\",\"url\":\"https:\\\/\\\/www.plataformadeartecontemporaneo.com\\\/pac\\\/jose-bedia-en-el-ivam\\\/\",\"name\":\"PAC | Jos\u00e9 Bed\u00eda en el IVAM\",\"isPartOf\":{\"@id\":\"https:\\\/\\\/www.plataformadeartecontemporaneo.com\\\/pac\\\/#website\"},\"primaryImageOfPage\":{\"@id\":\"https:\\\/\\\/www.plataformadeartecontemporaneo.com\\\/pac\\\/jose-bedia-en-el-ivam\\\/#primaryimage\"},\"image\":{\"@id\":\"https:\\\/\\\/www.plataformadeartecontemporaneo.com\\\/pac\\\/jose-bedia-en-el-ivam\\\/#primaryimage\"},\"thumbnailUrl\":\"http:\\\/\\\/www.plataformadeartecontemporaneo.com\\\/pac\\\/wp-content\\\/uploads\\\/2010\\\/10\\\/Bedia1.jpg\",\"datePublished\":\"2010-10-06T06:16:10+00:00\",\"dateModified\":\"2010-10-06T06:17:30+00:00\",\"breadcrumb\":{\"@id\":\"https:\\\/\\\/www.plataformadeartecontemporaneo.com\\\/pac\\\/jose-bedia-en-el-ivam\\\/#breadcrumb\"},\"inLanguage\":\"es\",\"potentialAction\":[{\"@type\":\"ReadAction\",\"target\":[\"https:\\\/\\\/www.plataformadeartecontemporaneo.com\\\/pac\\\/jose-bedia-en-el-ivam\\\/\"]}]},{\"@type\":\"ImageObject\",\"inLanguage\":\"es\",\"@id\":\"https:\\\/\\\/www.plataformadeartecontemporaneo.com\\\/pac\\\/jose-bedia-en-el-ivam\\\/#primaryimage\",\"url\":\"http:\\\/\\\/www.plataformadeartecontemporaneo.com\\\/pac\\\/wp-content\\\/uploads\\\/2010\\\/10\\\/Bedia1.jpg\",\"contentUrl\":\"http:\\\/\\\/www.plataformadeartecontemporaneo.com\\\/pac\\\/wp-content\\\/uploads\\\/2010\\\/10\\\/Bedia1.jpg\"},{\"@type\":\"BreadcrumbList\",\"@id\":\"https:\\\/\\\/www.plataformadeartecontemporaneo.com\\\/pac\\\/jose-bedia-en-el-ivam\\\/#breadcrumb\",\"itemListElement\":[{\"@type\":\"ListItem\",\"position\":1,\"name\":\"Portada\",\"item\":\"https:\\\/\\\/www.plataformadeartecontemporaneo.com\\\/pac\\\/\"},{\"@type\":\"ListItem\",\"position\":2,\"name\":\"Jos\u00e9 Bed\u00eda en el IVAM\"}]},{\"@type\":\"WebSite\",\"@id\":\"https:\\\/\\\/www.plataformadeartecontemporaneo.com\\\/pac\\\/#website\",\"url\":\"https:\\\/\\\/www.plataformadeartecontemporaneo.com\\\/pac\\\/\",\"name\":\"PAC\",\"description\":\"Plataforma de Arte Contempor\u00e1neo\",\"publisher\":{\"@id\":\"https:\\\/\\\/www.plataformadeartecontemporaneo.com\\\/pac\\\/#organization\"},\"potentialAction\":[{\"@type\":\"SearchAction\",\"target\":{\"@type\":\"EntryPoint\",\"urlTemplate\":\"https:\\\/\\\/www.plataformadeartecontemporaneo.com\\\/pac\\\/?s={search_term_string}\"},\"query-input\":{\"@type\":\"PropertyValueSpecification\",\"valueRequired\":true,\"valueName\":\"search_term_string\"}}],\"inLanguage\":\"es\"},{\"@type\":\"Organization\",\"@id\":\"https:\\\/\\\/www.plataformadeartecontemporaneo.com\\\/pac\\\/#organization\",\"name\":\"PAC\",\"url\":\"https:\\\/\\\/www.plataformadeartecontemporaneo.com\\\/pac\\\/\",\"logo\":{\"@type\":\"ImageObject\",\"inLanguage\":\"es\",\"@id\":\"https:\\\/\\\/www.plataformadeartecontemporaneo.com\\\/pac\\\/#\\\/schema\\\/logo\\\/image\\\/\",\"url\":\"https:\\\/\\\/www.plataformadeartecontemporaneo.com\\\/pac\\\/wp-content\\\/uploads\\\/2020\\\/10\\\/LOGO-PAC-FOOTER-TRANSPARENTE.png\",\"contentUrl\":\"https:\\\/\\\/www.plataformadeartecontemporaneo.com\\\/pac\\\/wp-content\\\/uploads\\\/2020\\\/10\\\/LOGO-PAC-FOOTER-TRANSPARENTE.png\",\"width\":200,\"height\":48,\"caption\":\"PAC\"},\"image\":{\"@id\":\"https:\\\/\\\/www.plataformadeartecontemporaneo.com\\\/pac\\\/#\\\/schema\\\/logo\\\/image\\\/\"}},{\"@type\":\"Person\",\"@id\":\"https:\\\/\\\/www.plataformadeartecontemporaneo.com\\\/pac\\\/#\\\/schema\\\/person\\\/1000a254d6e3294f80e1bdfcb17c205c\",\"name\":\"Oscar Garcia Garcia\",\"image\":{\"@type\":\"ImageObject\",\"inLanguage\":\"es\",\"@id\":\"https:\\\/\\\/secure.gravatar.com\\\/avatar\\\/79b6fa3c23c1a1052e0da1a947471cce4118465f4e5fd687792f052e187a833d?s=96&d=wp_user_avatar&r=g\",\"url\":\"https:\\\/\\\/secure.gravatar.com\\\/avatar\\\/79b6fa3c23c1a1052e0da1a947471cce4118465f4e5fd687792f052e187a833d?s=96&d=wp_user_avatar&r=g\",\"contentUrl\":\"https:\\\/\\\/secure.gravatar.com\\\/avatar\\\/79b6fa3c23c1a1052e0da1a947471cce4118465f4e5fd687792f052e187a833d?s=96&d=wp_user_avatar&r=g\",\"caption\":\"Oscar Garcia Garcia\"},\"description\":\"Comisario independiente \\\/\\\/ Co-Fundador de PAC Plataforma de Arte Contempor\u00e1neo \\\/\\\/ Director de JustMAD Art Fair y JustLX \\\/\\\/ Autor del libro: Dios Salve el Arte Contempor\u00e1neo\",\"sameAs\":[\"https:\\\/\\\/www.planetadelibros.com\\\/libro-dios-salve-el-arte-contemporaneo\\\/300020\"],\"url\":\"https:\\\/\\\/www.plataformadeartecontemporaneo.com\\\/pac\\\/author\\\/oscar\\\/\"}]}<\/script>\n<!-- \/ Yoast SEO plugin. -->","yoast_head_json":{"title":"PAC | Jos\u00e9 Bed\u00eda en el IVAM","robots":{"index":"index","follow":"follow","max-snippet":"max-snippet:-1","max-image-preview":"max-image-preview:large","max-video-preview":"max-video-preview:-1"},"canonical":"https:\/\/www.plataformadeartecontemporaneo.com\/pac\/jose-bedia-en-el-ivam\/","og_locale":"es_ES","og_type":"article","og_title":"PAC | Jos\u00e9 Bed\u00eda en el IVAM","og_description":"La obra de Jos\u00e9 Bed\u00eda llega a Valencia de la mano del IVAM","og_url":"https:\/\/www.plataformadeartecontemporaneo.com\/pac\/jose-bedia-en-el-ivam\/","og_site_name":"PAC","article_published_time":"2010-10-06T06:16:10+00:00","article_modified_time":"2010-10-06T06:17:30+00:00","og_image":[{"url":"http:\/\/www.plataformadeartecontemporaneo.com\/pac\/wp-content\/uploads\/2010\/10\/Bedia1.jpg","type":"","width":"","height":""}],"author":"Oscar Garcia Garcia","twitter_misc":{"Escrito por":"Oscar Garcia Garcia","Tiempo de lectura":"1 minuto"},"schema":{"@context":"https:\/\/schema.org","@graph":[{"@type":"Article","@id":"https:\/\/www.plataformadeartecontemporaneo.com\/pac\/jose-bedia-en-el-ivam\/#article","isPartOf":{"@id":"https:\/\/www.plataformadeartecontemporaneo.com\/pac\/jose-bedia-en-el-ivam\/"},"author":{"name":"Oscar Garcia Garcia","@id":"https:\/\/www.plataformadeartecontemporaneo.com\/pac\/#\/schema\/person\/1000a254d6e3294f80e1bdfcb17c205c"},"headline":"Jos\u00e9 Bed\u00eda en el IVAM","datePublished":"2010-10-06T06:16:10+00:00","dateModified":"2010-10-06T06:17:30+00:00","mainEntityOfPage":{"@id":"https:\/\/www.plataformadeartecontemporaneo.com\/pac\/jose-bedia-en-el-ivam\/"},"wordCount":233,"commentCount":0,"publisher":{"@id":"https:\/\/www.plataformadeartecontemporaneo.com\/pac\/#organization"},"image":{"@id":"https:\/\/www.plataformadeartecontemporaneo.com\/pac\/jose-bedia-en-el-ivam\/#primaryimage"},"thumbnailUrl":"http:\/\/www.plataformadeartecontemporaneo.com\/pac\/wp-content\/uploads\/2010\/10\/Bedia1.jpg","keywords":["ivam","jos\u00e9 bed\u00eda"],"articleSection":["Exposiciones","Museos","Pintura","Valencia"],"inLanguage":"es","potentialAction":[{"@type":"CommentAction","name":"Comment","target":["https:\/\/www.plataformadeartecontemporaneo.com\/pac\/jose-bedia-en-el-ivam\/#respond"]}]},{"@type":"WebPage","@id":"https:\/\/www.plataformadeartecontemporaneo.com\/pac\/jose-bedia-en-el-ivam\/","url":"https:\/\/www.plataformadeartecontemporaneo.com\/pac\/jose-bedia-en-el-ivam\/","name":"PAC | Jos\u00e9 Bed\u00eda en el IVAM","isPartOf":{"@id":"https:\/\/www.plataformadeartecontemporaneo.com\/pac\/#website"},"primaryImageOfPage":{"@id":"https:\/\/www.plataformadeartecontemporaneo.com\/pac\/jose-bedia-en-el-ivam\/#primaryimage"},"image":{"@id":"https:\/\/www.plataformadeartecontemporaneo.com\/pac\/jose-bedia-en-el-ivam\/#primaryimage"},"thumbnailUrl":"http:\/\/www.plataformadeartecontemporaneo.com\/pac\/wp-content\/uploads\/2010\/10\/Bedia1.jpg","datePublished":"2010-10-06T06:16:10+00:00","dateModified":"2010-10-06T06:17:30+00:00","breadcrumb":{"@id":"https:\/\/www.plataformadeartecontemporaneo.com\/pac\/jose-bedia-en-el-ivam\/#breadcrumb"},"inLanguage":"es","potentialAction":[{"@type":"ReadAction","target":["https:\/\/www.plataformadeartecontemporaneo.com\/pac\/jose-bedia-en-el-ivam\/"]}]},{"@type":"ImageObject","inLanguage":"es","@id":"https:\/\/www.plataformadeartecontemporaneo.com\/pac\/jose-bedia-en-el-ivam\/#primaryimage","url":"http:\/\/www.plataformadeartecontemporaneo.com\/pac\/wp-content\/uploads\/2010\/10\/Bedia1.jpg","contentUrl":"http:\/\/www.plataformadeartecontemporaneo.com\/pac\/wp-content\/uploads\/2010\/10\/Bedia1.jpg"},{"@type":"BreadcrumbList","@id":"https:\/\/www.plataformadeartecontemporaneo.com\/pac\/jose-bedia-en-el-ivam\/#breadcrumb","itemListElement":[{"@type":"ListItem","position":1,"name":"Portada","item":"https:\/\/www.plataformadeartecontemporaneo.com\/pac\/"},{"@type":"ListItem","position":2,"name":"Jos\u00e9 Bed\u00eda en el IVAM"}]},{"@type":"WebSite","@id":"https:\/\/www.plataformadeartecontemporaneo.com\/pac\/#website","url":"https:\/\/www.plataformadeartecontemporaneo.com\/pac\/","name":"PAC","description":"Plataforma de Arte Contempor\u00e1neo","publisher":{"@id":"https:\/\/www.plataformadeartecontemporaneo.com\/pac\/#organization"},"potentialAction":[{"@type":"SearchAction","target":{"@type":"EntryPoint","urlTemplate":"https:\/\/www.plataformadeartecontemporaneo.com\/pac\/?s={search_term_string}"},"query-input":{"@type":"PropertyValueSpecification","valueRequired":true,"valueName":"search_term_string"}}],"inLanguage":"es"},{"@type":"Organization","@id":"https:\/\/www.plataformadeartecontemporaneo.com\/pac\/#organization","name":"PAC","url":"https:\/\/www.plataformadeartecontemporaneo.com\/pac\/","logo":{"@type":"ImageObject","inLanguage":"es","@id":"https:\/\/www.plataformadeartecontemporaneo.com\/pac\/#\/schema\/logo\/image\/","url":"https:\/\/www.plataformadeartecontemporaneo.com\/pac\/wp-content\/uploads\/2020\/10\/LOGO-PAC-FOOTER-TRANSPARENTE.png","contentUrl":"https:\/\/www.plataformadeartecontemporaneo.com\/pac\/wp-content\/uploads\/2020\/10\/LOGO-PAC-FOOTER-TRANSPARENTE.png","width":200,"height":48,"caption":"PAC"},"image":{"@id":"https:\/\/www.plataformadeartecontemporaneo.com\/pac\/#\/schema\/logo\/image\/"}},{"@type":"Person","@id":"https:\/\/www.plataformadeartecontemporaneo.com\/pac\/#\/schema\/person\/1000a254d6e3294f80e1bdfcb17c205c","name":"Oscar Garcia Garcia","image":{"@type":"ImageObject","inLanguage":"es","@id":"https:\/\/secure.gravatar.com\/avatar\/79b6fa3c23c1a1052e0da1a947471cce4118465f4e5fd687792f052e187a833d?s=96&d=wp_user_avatar&r=g","url":"https:\/\/secure.gravatar.com\/avatar\/79b6fa3c23c1a1052e0da1a947471cce4118465f4e5fd687792f052e187a833d?s=96&d=wp_user_avatar&r=g","contentUrl":"https:\/\/secure.gravatar.com\/avatar\/79b6fa3c23c1a1052e0da1a947471cce4118465f4e5fd687792f052e187a833d?s=96&d=wp_user_avatar&r=g","caption":"Oscar Garcia Garcia"},"description":"Comisario independiente \/\/ Co-Fundador de PAC Plataforma de Arte Contempor\u00e1neo \/\/ Director de JustMAD Art Fair y JustLX \/\/ Autor del libro: Dios Salve el Arte Contempor\u00e1neo","sameAs":["https:\/\/www.planetadelibros.com\/libro-dios-salve-el-arte-contemporaneo\/300020"],"url":"https:\/\/www.plataformadeartecontemporaneo.com\/pac\/author\/oscar\/"}]}},"_links":{"self":[{"href":"https:\/\/www.plataformadeartecontemporaneo.com\/pac\/wp-json\/wp\/v2\/posts\/841","targetHints":{"allow":["GET"]}}],"collection":[{"href":"https:\/\/www.plataformadeartecontemporaneo.com\/pac\/wp-json\/wp\/v2\/posts"}],"about":[{"href":"https:\/\/www.plataformadeartecontemporaneo.com\/pac\/wp-json\/wp\/v2\/types\/post"}],"author":[{"embeddable":true,"href":"https:\/\/www.plataformadeartecontemporaneo.com\/pac\/wp-json\/wp\/v2\/users\/2"}],"replies":[{"embeddable":true,"href":"https:\/\/www.plataformadeartecontemporaneo.com\/pac\/wp-json\/wp\/v2\/comments?post=841"}],"version-history":[{"count":16,"href":"https:\/\/www.plataformadeartecontemporaneo.com\/pac\/wp-json\/wp\/v2\/posts\/841\/revisions"}],"predecessor-version":[{"id":906,"href":"https:\/\/www.plataformadeartecontemporaneo.com\/pac\/wp-json\/wp\/v2\/posts\/841\/revisions\/906"}],"wp:attachment":[{"href":"https:\/\/www.plataformadeartecontemporaneo.com\/pac\/wp-json\/wp\/v2\/media?parent=841"}],"wp:term":[{"taxonomy":"category","embeddable":true,"href":"https:\/\/www.plataformadeartecontemporaneo.com\/pac\/wp-json\/wp\/v2\/categories?post=841"},{"taxonomy":"post_tag","embeddable":true,"href":"https:\/\/www.plataformadeartecontemporaneo.com\/pac\/wp-json\/wp\/v2\/tags?post=841"}],"curies":[{"name":"wp","href":"https:\/\/api.w.org\/{rel}","templated":true}]}}