




{"id":88082,"date":"2023-11-02T05:05:00","date_gmt":"2023-11-02T04:05:00","guid":{"rendered":"https:\/\/www.plataformadeartecontemporaneo.com\/pac\/?p=88082"},"modified":"2023-10-31T17:46:31","modified_gmt":"2023-10-31T16:46:31","slug":"nace-circulo-carabanchel-un-circuito-por-las-galerias-y-espacios-expositivos-de-este-barrio-de-madrid","status":"publish","type":"post","link":"https:\/\/www.plataformadeartecontemporaneo.com\/pac\/nace-circulo-carabanchel-un-circuito-por-las-galerias-y-espacios-expositivos-de-este-barrio-de-madrid\/","title":{"rendered":"Nace C\u00edrculo Carabanchel, un circuito por las galer\u00edas y espacios expositivos de este barrio de Madrid"},"content":{"rendered":"\n<p align=\"justify\">Los diez espacios que conforman <strong>C\u00edrculo Carabanchel<\/strong> a\u00fanan fuerzas para ser m\u00e1s visibles, difundir sus exposiciones y fomentar el conocimiento de sus artistas, contribuyendo con ello a la solidez del vibrante tejido cultural que desde hace varios a\u00f1os est\u00e1 creciendo en el barrio madrile\u00f1o  de Carabanchel.<\/p>\n\n\n<div class=\"wp-block-image\">\n<figure class=\"aligncenter size-large\"><img fetchpriority=\"high\" decoding=\"async\" width=\"600\" height=\"600\" src=\"https:\/\/www.plataformadeartecontemporaneo.com\/pac\/wp-content\/uploads\/2023\/10\/circulocarabanchel_logo-600x600.jpg\" alt=\"\" class=\"wp-image-88087\" srcset=\"https:\/\/www.plataformadeartecontemporaneo.com\/pac\/wp-content\/uploads\/2023\/10\/circulocarabanchel_logo-600x600.jpg 600w, https:\/\/www.plataformadeartecontemporaneo.com\/pac\/wp-content\/uploads\/2023\/10\/circulocarabanchel_logo-150x150.jpg 150w, https:\/\/www.plataformadeartecontemporaneo.com\/pac\/wp-content\/uploads\/2023\/10\/circulocarabanchel_logo-768x768.jpg 768w, https:\/\/www.plataformadeartecontemporaneo.com\/pac\/wp-content\/uploads\/2023\/10\/circulocarabanchel_logo.jpg 1100w\" sizes=\"(max-width: 600px) 100vw, 600px\" \/><\/figure>\n<\/div>\n\n\n<p align=\"justify\">Cada vez son m\u00e1s los estudios de artistas pl\u00e1sticos y visuales, as\u00ed como las galer\u00edas y espacios de exposici\u00f3n de arte contempor\u00e1neo que se instalan en las proximidades de las estaciones de Metro de Oporto, Urgel y Opa\u00f1el, la zona de expansi\u00f3n natural de las nuevas galer\u00edas que est\u00e1n surgiendo en Madrid.<\/p>\n\n\n\n<p align=\"justify\">Para celebrar el arranque de C\u00edrculo Carabanchel, las galer\u00edas y espacios expositivos que lo integran llevar\u00e1n a cabo una jornada especial el pr\u00f3ximo s\u00e1bado, 4 de noviembre, con diversas actividades como lecturas po\u00e9ticas, charlas, performances o visitas guiadas.<\/p>\n\n\n\n<p align=\"justify\">Coincidiendo con su lanzamiento, C\u00edrculo Carabanchel pone a disposici\u00f3n de todos un mapa que estar\u00e1 disponible de manera online, en el que se recoge la ubicaci\u00f3n de cada uno de los espacios, sus tel\u00e9fonos, horarios y programaci\u00f3n. Con esta iniciativa se busca generar una mayor relaci\u00f3n con los vecinos del barrio y con el p\u00fablico, as\u00ed como resaltar el valor de esta zona a tan solo 20 minutos del centro de Madrid, f\u00e1cilmente accesible en transporte p\u00fablico.<\/p>\n\n\n\n<figure class=\"wp-block-image alignwide size-large\"><img decoding=\"async\" width=\"750\" height=\"413\" src=\"https:\/\/www.plataformadeartecontemporaneo.com\/pac\/wp-content\/uploads\/2023\/10\/Captura-de-pantalla-2023-10-31-173213-750x413.png\" alt=\"\" class=\"wp-image-88088\" srcset=\"https:\/\/www.plataformadeartecontemporaneo.com\/pac\/wp-content\/uploads\/2023\/10\/Captura-de-pantalla-2023-10-31-173213-750x413.png 750w, https:\/\/www.plataformadeartecontemporaneo.com\/pac\/wp-content\/uploads\/2023\/10\/Captura-de-pantalla-2023-10-31-173213-600x330.png 600w, https:\/\/www.plataformadeartecontemporaneo.com\/pac\/wp-content\/uploads\/2023\/10\/Captura-de-pantalla-2023-10-31-173213-768x423.png 768w, https:\/\/www.plataformadeartecontemporaneo.com\/pac\/wp-content\/uploads\/2023\/10\/Captura-de-pantalla-2023-10-31-173213.png 857w\" sizes=\"(max-width: 750px) 100vw, 750px\" \/><\/figure>\n\n\n\n<h2 class=\"wp-block-heading\"><strong>C\u00edrculo Carabanchel. Actividades durante el Open Day<\/strong><\/h2>\n\n\n\n<p align=\"justify\">Durante este Open Day, en el que las galer\u00edas abrir\u00e1n en <strong>horario extendido entre las 11:00 y las 19:00 horas<\/strong>, se propone un recorrido que permita disfrutar de las exposiciones y actividades organizadas por cada uno de los participantes (horarios aproximados):<\/p>\n\n\n\n<p align=\"justify\"><a href=\"http:\/\/www.lagran.eu\" target=\"_blank\" rel=\"noreferrer noopener\"><strong>La Gran<\/strong><br><\/a>Brunch y visita guiada a la exposici\u00f3n colectiva <em>Ojos de Bestia<\/em>, de la mano de los artistas y comisarios.<\/p>\n\n\n\n<p align=\"justify\">La Gran es una galer\u00eda de arte contempor\u00e1neo fundada en 2015 y ubicada en Carabanchel desde >oto\u00f1o de 2019. Representa y apoya la obra y la trayectoria de diecis\u00e9is artistas (once de ellos mujeres) interesados por la interacci\u00f3n de los fen\u00f3menos est\u00e9ticos con sus contextos sociales o pol\u00edticos: Marina N\u00fa\u00f1ez, Enrique Marty, Ignacio P\u00e9rez-Jofre, Laura Salguero, Luis P\u00e9rez Calvo, Elisa Terroba, Josep Tornero, Mariajos\u00e9 Gallardo, Moreno&amp;Grau, Ver\u00f3nica Vicente, Laura L\u00f3pez Balza, Eva D\u00edez, Ana Teresa Barboza, Cristina Ram\u00edrez, Mar\u00eda Acuyo y Javier Rodr\u00edguez Pino.<\/p>\n\n\n\n<p><a href=\"http:\/\/www.benveniste.com\" target=\"_blank\" rel=\"noreferrer noopener\"><strong>Benveniste Contemporary<\/strong><\/a><br>Brunch y charla entre el artista Michel P\u00e9rez Pollo y el comisario Luis Sicre (12:30h).<\/p>\n\n\n\n<p align=\"justify\">Dan Benveniste es un estampador y editor de obra gr\u00e1fica original con 40 a\u00f1os de experiencia profesional. Benveniste Contemporary se estableci\u00f3 en Madrid en 1993, desde donde estampa y publica exclusivamente obra gr\u00e1fica contempor\u00e1nea, producida en estrecha colaboraci\u00f3n con artistas nacionales e internacionales. Junto a sus maestros estampadores, Elena Alonso y Usama Habil, su objetivo es llevar este medio al l\u00edmite, publicando a menudo series de piezas \u00fanicas elaboradas durante largos per\u00edodos de tiempo. Benveniste Contemporary trabaja con artistas establecidos junto con muchos otros talentos emergentes, especializ\u00e1ndose en photogravure y grabado de gran formato. Desde 1999 y bajo el sello The Print Subscribers Club Benveniste Contemporary publica semestralmente un portafolio con un artista seleccionado para un grupo de socios.<\/p>\n\n\n\n<p><strong><a href=\"http:\/\/www.ginsberggaleria.com\" target=\"_blank\" rel=\"noreferrer noopener\">Ginsberg + TZU<br><\/a><\/strong>Inauguraci\u00f3n oficial de la galer\u00eda y lectura po\u00e9tica de Cristina Flores Pescor\u00e1n (13:15h).<\/p>\n\n\n\n<p align=\"justify\">Ginsberg es un espacio de arte contempor\u00e1neo latinoamericano con base en Lima (Per\u00fa), fundado por Claudia Pareja en el 2014 con el objetivo de mostrar la obra de artistas de origen latino en un contexto de di\u00e1logo cr\u00edtico y rigor intelectual. En 2023 llega a Madrid para unir fuerzas con el curador de arte espa\u00f1ol \u00d3scar Manrique, con el fin de seguir extendiendo sus valores al otro lado del oc\u00e9ano. Su programa expositivo se plantea alrededor de premisas conceptuales, investigaci\u00f3n e innovaci\u00f3n, poniendo especial \u00e9nfasis en la necesidad de preservar y entender diferencias regionales. Inspirados por la capacidad del arte de tender puentes y acercar fronteras, Ginsberg + TZU aspira a convertirse en una plataforma donde artistas, tanto emergentes como consolidados, puedan continuar creando de manera libre, ampliando discursos y presentando nuevas ideas.<\/p>\n\n\n\n<p><strong><a href=\"http:\/\/www.galeriamemoria.com\" target=\"_blank\" rel=\"noreferrer noopener\">Memoria<\/a><\/strong><br>Te devuelvo la imagen, happening de Juan Castillo (entre las 12:00 y las 14:30h.).<\/p>\n\n\n\n<p align=\"justify\">MEMORIA es un espacio dedicado al arte contempor\u00e1neo fundado por el curador, artista y coleccionista Alejandro de Villota. Su misi\u00f3n es la construcci\u00f3n de relatos compensatorios a trav\u00e9s del desplazamiento de las est\u00e9ticas de la periferia, mostrando un marcado inter\u00e9s por la escena art\u00edstica hist\u00f3rica de Am\u00e9rica Latina. Tambi\u00e9n, a trav\u00e9s de investigaciones revisorias que implican un espectro m\u00e1s amplio de artistas, geograf\u00edas y periodos. La galer\u00eda abri\u00f3 sus puertas en septiembre de 2020 en el n\u00famero 19 de la calle Piamonte (Justicia) y en la actualidad cuenta tambi\u00e9n con un nuevo espacio en Carabanchel.<\/p>\n\n\n\n<p><strong><a href=\"http:\/\/www.vetagaleria.com\" target=\"_blank\" rel=\"noreferrer noopener\">VETA by Fer Franc\u00e9s<br><\/a><\/strong>Conversaci\u00f3n con Dis Berlin (13.30h.). A continuaci\u00f3n, almuerzo con lechonas colombianas del barrio.<\/p>\n\n\n\n<p align=\"justify\">En noviembre de 2021 Fer Franc\u00e9s inaugura su proyecto expositivo en Carabanchel, dando una segunda vida a varias naves en desuso: un espacio de 1200 m2 creado con la vocaci\u00f3n de albergar las creaciones de artistas contempor\u00e1neos consagrados internacionales, as\u00ed como las obras de los j\u00f3venes artistas m\u00e1s prometedores del momento. Aunque la protagonista sea la pintura, en VETA galer\u00eda hay espacio para conectar con otras disciplinas culturales como la m\u00fasica, el cine o la fotograf\u00eda. Actualmente, el estudio de arquitectura RCR, ganador del premio Pritzker en 2017, reforma otro local contiguo como sede permanente de la galer\u00eda.<\/p>\n\n\n\n<p><strong><a href=\"http:\/\/www.laoficinagaleria.com\" target=\"_blank\" rel=\"noreferrer noopener\">La oficina<br><\/a><\/strong>Visita a la exposici\u00f3n Materialismo hist\u00f3rico.<\/p>\n\n\n\n<p align=\"justify\">La oficina es una nueva galer\u00eda de arte contempor\u00e1neo, ubicada en un antiguo taller de carpinter\u00eda del barrio de Carabanchel. Bajo el comisariado de Pedro G. Romero, y coincidiendo con la semana de Apertura en Madrid, la exposici\u00f3n materialismo hist\u00f3rico inaugur\u00f3 este espacio el pasado 15 de septiembre. Esta muestra, que se podr\u00e1 visitar hasta finales de enero de 2024, cuenta con la participaci\u00f3n de: Carla Filipe, Chema Cobo, Erick Beltr\u00e1n, Azul Blaseotto &amp; Eduardo Molinari, Ines Doujak, Lola Lasurt, Oriol Vilapuig, Pedro G. Romero y Simon Wachsmuth. &#8220;He aqu\u00ed un grupo de artistas diverso, pero con algunas caracter\u00edsticas comunes: la pulsi\u00f3n de archivo, el ejercicio pl\u00e1stico y la circulaci\u00f3n pol\u00edtica de su obra&#8221;. Esta cita que encabeza el texto de Pedro G. Romero para la exposici\u00f3n sirve como punto de partida en este proyecto, La oficina, a modo de declaraci\u00f3n de intenciones.<\/p>\n\n\n\n<p><strong><a href=\"http:\/\/www.sabrinaamrani.com\" target=\"_blank\" rel=\"noreferrer noopener\">Sabrina Amrani<br><\/a><\/strong>Visitas guiadas a la exposici\u00f3n de Jong Oh, Merestone <\/p>\n\n\n\n<p align=\"justify\">Sabrina Amrani abre en 2011 con un programa internacional de artistas y pr\u00e1cticas que se hacen eco de los valores y preocupaciones contempor\u00e1neos, vinculados con el Sur Global. Desde hace m\u00e1s de una d\u00e9cada, la galer\u00eda act\u00faa como plataforma conectando artistas, profesionales y p\u00fablico. En enero de 2019 la galer\u00eda se ampl\u00eda con un segundo espacio ubicado en Carabanchel, dedicado a exposiciones de gran formato.<\/p>\n\n\n\n<p><strong><a href=\"http:\/\/www.galeriabelmonte.com\" target=\"_blank\" rel=\"noreferrer noopener\">Belmonte<\/a><\/strong><br>Visita a la exposici\u00f3n de Martin Llavaneras, Escarpe.<\/p>\n\n\n\n<p align=\"justify\">Belmonte abre sus puertas en Madrid en marzo de 2021 bajo el nombre Intersticio. En septiembre de 2022 la galer\u00eda cambi\u00f3 de nombre y traslad\u00f3 su ubicaci\u00f3n al barrio de Carabanchel. Fundada por Ana Coronel de Palma y Sol Abaurrea, Belmonte crea di\u00e1logos de escucha entre el mundo del arte internacional con el nacional, generando un discurso entre p\u00fablico y artistas. Belmonte se centra en exponer e impulsar a artistas j\u00f3venes, con los que comparte generaci\u00f3n y aprendizaje de manera paralela. Representa a cuatro artistas: Luc\u00eda Bay\u00f3n, Andr\u00e9s Izquierdo, Augusta Lardy y Martin Llavaneras.<\/p>\n\n\n\n<p align=\"justify\"><strong><a href=\"http:\/\/www.planta1.es\">Planta 1<br><\/a><\/strong>Visita a la exposici\u00f3n de Zilla Leutenegger, Escalera de caracol a planta1, disfrutando de una taza de chocolate suizo caliente.<\/p>\n\n\n\n<p align=\"justify\">Planta1 es un proyecto curatorial independiente y una de las l\u00edneas de trabajo de la asociaci\u00f3n sin \u00e1nimo de lucro <a href=\"http:\/\/www.esteticamasiva.org\" target=\"_blank\" rel=\"noreferrer noopener\">est\u00e9tica masiva<\/a>, creada en el a\u00f1o 2016. Planta1 apuesta por la apertura y dinamizaci\u00f3n de los discursos art\u00edsticos, generando para ello experiencias perceptivas de muy diversa \u00edndole, provenientes m\u00e1s all\u00e1 de las tradicionales bellas artes, artes visuales o pl\u00e1sticas, poniendo especial \u00e9nfasis en aquellos proyectos que se distingan por su singularidad y en los que los artistas pongan un especial inter\u00e9s por la investigaci\u00f3n, la experimentaci\u00f3n y la innovaci\u00f3n, con el objetivo de derribar las fronteras actuales entre las categor\u00edas art\u00edsticas y acercarnos a un concepto de &#8220;arte&#8221; mucho m\u00e1s abierto.<\/p>\n\n\n\n<p><strong><a href=\"http:\/\/www.galerianueva.com\" target=\"_blank\" rel=\"noreferrer noopener\">Galer\u00eda Nueva<br><\/a><\/strong>Presentaci\u00f3n de la instalaci\u00f3n Hundidos, de Mario Guti\u00e9rrez Cru.<\/p>\n\n\n\n<p align=\"justify\">Galer\u00eda Nueva es un espacio dedicado a galer\u00edas de arte contempor\u00e1neo nacionales e internacionales que quieran presentar en Madrid, durante un tiempo determinado, una exposici\u00f3n individual o colectiva de sus artistas. A sus sedes en Doctor Fourquet y Las Letras se le suman ahora dos nuevos espacios en Carabanchel, con alojamiento y espacios de trabajo.<\/p>\n","protected":false},"excerpt":{"rendered":"<div class=\"tmnf_excerpt\"><p>Los diez espacios que conforman C\u00edrculo Carabanchel a\u00fanan fuerzas para ser m\u00e1s visibles, difundir sus exposiciones y fomentar el conocimiento de sus artistas, contribuyendo con ello a la solidez del vibrante tejido cultural que desde hace varios a\u00f1os est\u00e1 creciendo en el barrio madrile\u00f1o de Carabanchel. Cada vez son m\u00e1s los estudios de artistas pl\u00e1sticos &hellip;<\/p>\n<\/div>","protected":false},"author":10000096,"featured_media":88087,"comment_status":"open","ping_status":"closed","sticky":false,"template":"","format":"standard","meta":{"footnotes":""},"categories":[8043,4,13,43],"tags":[29421,29420,29419,11162,29422,2423,29423,4121,29424,3831,13040],"class_list":["post-88082","post","type-post","status-publish","format-standard","has-post-thumbnail","hentry","category-encuentros","category-exposiciones","category-galerias-de-arte","category-madrid","tag-belmonte","tag-benveniste-contemporary","tag-circulo-carabanchel","tag-galeria-nueva","tag-ginsberg-tzu","tag-la-gran","tag-la-oficina","tag-memoria","tag-planta1","tag-sabrina-amrani","tag-veta-by-fer-frances"],"yoast_head":"<!-- This site is optimized with the Yoast SEO plugin v27.4 - https:\/\/yoast.com\/product\/yoast-seo-wordpress\/ -->\n<title>PAC | Nace C\u00edrculo Carabanchel, un circuito por las galer\u00edas y espacios expositivos de este barrio de Madrid<\/title>\n<meta name=\"description\" content=\"Los espacios que forman C\u00edrculo Carabanchel a\u00fanan fuerzas para ser visibles, difundir exposiciones y fomentar el conocimiento a sus artistas.\" \/>\n<meta name=\"robots\" content=\"index, follow, max-snippet:-1, max-image-preview:large, max-video-preview:-1\" \/>\n<link rel=\"canonical\" href=\"https:\/\/www.plataformadeartecontemporaneo.com\/pac\/nace-circulo-carabanchel-un-circuito-por-las-galerias-y-espacios-expositivos-de-este-barrio-de-madrid\/\" \/>\n<meta property=\"og:locale\" content=\"es_ES\" \/>\n<meta property=\"og:type\" content=\"article\" \/>\n<meta property=\"og:title\" content=\"PAC | Nace C\u00edrculo Carabanchel, un circuito por las galer\u00edas y espacios expositivos de este barrio de Madrid\" \/>\n<meta property=\"og:description\" content=\"Los espacios que forman C\u00edrculo Carabanchel a\u00fanan fuerzas para ser visibles, difundir exposiciones y fomentar el conocimiento a sus artistas.\" \/>\n<meta property=\"og:url\" content=\"https:\/\/www.plataformadeartecontemporaneo.com\/pac\/nace-circulo-carabanchel-un-circuito-por-las-galerias-y-espacios-expositivos-de-este-barrio-de-madrid\/\" \/>\n<meta property=\"og:site_name\" content=\"PAC\" \/>\n<meta property=\"article:published_time\" content=\"2023-11-02T04:05:00+00:00\" \/>\n<meta property=\"og:image\" content=\"https:\/\/www.plataformadeartecontemporaneo.com\/pac\/wp-content\/uploads\/2023\/10\/circulocarabanchel_logo.jpg\" \/>\n\t<meta property=\"og:image:width\" content=\"1100\" \/>\n\t<meta property=\"og:image:height\" content=\"1100\" \/>\n\t<meta property=\"og:image:type\" content=\"image\/jpeg\" \/>\n<meta name=\"author\" content=\"Redacci\u00f3n\" \/>\n<meta name=\"twitter:label1\" content=\"Escrito por\" \/>\n\t<meta name=\"twitter:data1\" content=\"Redacci\u00f3n\" \/>\n\t<meta name=\"twitter:label2\" content=\"Tiempo de lectura\" \/>\n\t<meta name=\"twitter:data2\" content=\"7 minutos\" \/>\n<script type=\"application\/ld+json\" class=\"yoast-schema-graph\">{\"@context\":\"https:\\\/\\\/schema.org\",\"@graph\":[{\"@type\":\"Article\",\"@id\":\"https:\\\/\\\/www.plataformadeartecontemporaneo.com\\\/pac\\\/nace-circulo-carabanchel-un-circuito-por-las-galerias-y-espacios-expositivos-de-este-barrio-de-madrid\\\/#article\",\"isPartOf\":{\"@id\":\"https:\\\/\\\/www.plataformadeartecontemporaneo.com\\\/pac\\\/nace-circulo-carabanchel-un-circuito-por-las-galerias-y-espacios-expositivos-de-este-barrio-de-madrid\\\/\"},\"author\":{\"name\":\"Redacci\u00f3n\",\"@id\":\"https:\\\/\\\/www.plataformadeartecontemporaneo.com\\\/pac\\\/#\\\/schema\\\/person\\\/0d50919f991979ca67eb0cd36fbe7adc\"},\"headline\":\"Nace C\u00edrculo Carabanchel, un circuito por las galer\u00edas y espacios expositivos de este barrio de Madrid\",\"datePublished\":\"2023-11-02T04:05:00+00:00\",\"mainEntityOfPage\":{\"@id\":\"https:\\\/\\\/www.plataformadeartecontemporaneo.com\\\/pac\\\/nace-circulo-carabanchel-un-circuito-por-las-galerias-y-espacios-expositivos-de-este-barrio-de-madrid\\\/\"},\"wordCount\":1556,\"commentCount\":0,\"publisher\":{\"@id\":\"https:\\\/\\\/www.plataformadeartecontemporaneo.com\\\/pac\\\/#organization\"},\"image\":{\"@id\":\"https:\\\/\\\/www.plataformadeartecontemporaneo.com\\\/pac\\\/nace-circulo-carabanchel-un-circuito-por-las-galerias-y-espacios-expositivos-de-este-barrio-de-madrid\\\/#primaryimage\"},\"thumbnailUrl\":\"https:\\\/\\\/www.plataformadeartecontemporaneo.com\\\/pac\\\/wp-content\\\/uploads\\\/2023\\\/10\\\/circulocarabanchel_logo.jpg\",\"keywords\":[\"Belmonte\",\"Benveniste Contemporary\",\"C\u00edrculo Carabanchel\",\"Galer\u00eda Nueva\",\"Ginsberg &amp; Tzu\",\"La Gran\",\"La oficina\",\"memoria\",\"Planta1\",\"Sabrina Amrani\",\"VETA by Fer Franc\u00e9s\"],\"articleSection\":[\"Encuentros\",\"Exposiciones\",\"Galer\u00edas de arte\",\"Madrid\"],\"inLanguage\":\"es\",\"potentialAction\":[{\"@type\":\"CommentAction\",\"name\":\"Comment\",\"target\":[\"https:\\\/\\\/www.plataformadeartecontemporaneo.com\\\/pac\\\/nace-circulo-carabanchel-un-circuito-por-las-galerias-y-espacios-expositivos-de-este-barrio-de-madrid\\\/#respond\"]}]},{\"@type\":\"WebPage\",\"@id\":\"https:\\\/\\\/www.plataformadeartecontemporaneo.com\\\/pac\\\/nace-circulo-carabanchel-un-circuito-por-las-galerias-y-espacios-expositivos-de-este-barrio-de-madrid\\\/\",\"url\":\"https:\\\/\\\/www.plataformadeartecontemporaneo.com\\\/pac\\\/nace-circulo-carabanchel-un-circuito-por-las-galerias-y-espacios-expositivos-de-este-barrio-de-madrid\\\/\",\"name\":\"PAC | Nace C\u00edrculo Carabanchel, un circuito por las galer\u00edas y espacios expositivos de este barrio de Madrid\",\"isPartOf\":{\"@id\":\"https:\\\/\\\/www.plataformadeartecontemporaneo.com\\\/pac\\\/#website\"},\"primaryImageOfPage\":{\"@id\":\"https:\\\/\\\/www.plataformadeartecontemporaneo.com\\\/pac\\\/nace-circulo-carabanchel-un-circuito-por-las-galerias-y-espacios-expositivos-de-este-barrio-de-madrid\\\/#primaryimage\"},\"image\":{\"@id\":\"https:\\\/\\\/www.plataformadeartecontemporaneo.com\\\/pac\\\/nace-circulo-carabanchel-un-circuito-por-las-galerias-y-espacios-expositivos-de-este-barrio-de-madrid\\\/#primaryimage\"},\"thumbnailUrl\":\"https:\\\/\\\/www.plataformadeartecontemporaneo.com\\\/pac\\\/wp-content\\\/uploads\\\/2023\\\/10\\\/circulocarabanchel_logo.jpg\",\"datePublished\":\"2023-11-02T04:05:00+00:00\",\"description\":\"Los espacios que forman C\u00edrculo Carabanchel a\u00fanan fuerzas para ser visibles, difundir exposiciones y fomentar el conocimiento a sus artistas.\",\"breadcrumb\":{\"@id\":\"https:\\\/\\\/www.plataformadeartecontemporaneo.com\\\/pac\\\/nace-circulo-carabanchel-un-circuito-por-las-galerias-y-espacios-expositivos-de-este-barrio-de-madrid\\\/#breadcrumb\"},\"inLanguage\":\"es\",\"potentialAction\":[{\"@type\":\"ReadAction\",\"target\":[\"https:\\\/\\\/www.plataformadeartecontemporaneo.com\\\/pac\\\/nace-circulo-carabanchel-un-circuito-por-las-galerias-y-espacios-expositivos-de-este-barrio-de-madrid\\\/\"]}]},{\"@type\":\"ImageObject\",\"inLanguage\":\"es\",\"@id\":\"https:\\\/\\\/www.plataformadeartecontemporaneo.com\\\/pac\\\/nace-circulo-carabanchel-un-circuito-por-las-galerias-y-espacios-expositivos-de-este-barrio-de-madrid\\\/#primaryimage\",\"url\":\"https:\\\/\\\/www.plataformadeartecontemporaneo.com\\\/pac\\\/wp-content\\\/uploads\\\/2023\\\/10\\\/circulocarabanchel_logo.jpg\",\"contentUrl\":\"https:\\\/\\\/www.plataformadeartecontemporaneo.com\\\/pac\\\/wp-content\\\/uploads\\\/2023\\\/10\\\/circulocarabanchel_logo.jpg\",\"width\":1100,\"height\":1100,\"caption\":\"C\u00edrculo Carabanchel\"},{\"@type\":\"BreadcrumbList\",\"@id\":\"https:\\\/\\\/www.plataformadeartecontemporaneo.com\\\/pac\\\/nace-circulo-carabanchel-un-circuito-por-las-galerias-y-espacios-expositivos-de-este-barrio-de-madrid\\\/#breadcrumb\",\"itemListElement\":[{\"@type\":\"ListItem\",\"position\":1,\"name\":\"Portada\",\"item\":\"https:\\\/\\\/www.plataformadeartecontemporaneo.com\\\/pac\\\/\"},{\"@type\":\"ListItem\",\"position\":2,\"name\":\"Nace C\u00edrculo Carabanchel, un circuito por las galer\u00edas y espacios expositivos de este barrio de Madrid\"}]},{\"@type\":\"WebSite\",\"@id\":\"https:\\\/\\\/www.plataformadeartecontemporaneo.com\\\/pac\\\/#website\",\"url\":\"https:\\\/\\\/www.plataformadeartecontemporaneo.com\\\/pac\\\/\",\"name\":\"PAC\",\"description\":\"Plataforma de Arte Contempor\u00e1neo\",\"publisher\":{\"@id\":\"https:\\\/\\\/www.plataformadeartecontemporaneo.com\\\/pac\\\/#organization\"},\"potentialAction\":[{\"@type\":\"SearchAction\",\"target\":{\"@type\":\"EntryPoint\",\"urlTemplate\":\"https:\\\/\\\/www.plataformadeartecontemporaneo.com\\\/pac\\\/?s={search_term_string}\"},\"query-input\":{\"@type\":\"PropertyValueSpecification\",\"valueRequired\":true,\"valueName\":\"search_term_string\"}}],\"inLanguage\":\"es\"},{\"@type\":\"Organization\",\"@id\":\"https:\\\/\\\/www.plataformadeartecontemporaneo.com\\\/pac\\\/#organization\",\"name\":\"PAC\",\"url\":\"https:\\\/\\\/www.plataformadeartecontemporaneo.com\\\/pac\\\/\",\"logo\":{\"@type\":\"ImageObject\",\"inLanguage\":\"es\",\"@id\":\"https:\\\/\\\/www.plataformadeartecontemporaneo.com\\\/pac\\\/#\\\/schema\\\/logo\\\/image\\\/\",\"url\":\"https:\\\/\\\/www.plataformadeartecontemporaneo.com\\\/pac\\\/wp-content\\\/uploads\\\/2020\\\/10\\\/LOGO-PAC-FOOTER-TRANSPARENTE.png\",\"contentUrl\":\"https:\\\/\\\/www.plataformadeartecontemporaneo.com\\\/pac\\\/wp-content\\\/uploads\\\/2020\\\/10\\\/LOGO-PAC-FOOTER-TRANSPARENTE.png\",\"width\":200,\"height\":48,\"caption\":\"PAC\"},\"image\":{\"@id\":\"https:\\\/\\\/www.plataformadeartecontemporaneo.com\\\/pac\\\/#\\\/schema\\\/logo\\\/image\\\/\"}},{\"@type\":\"Person\",\"@id\":\"https:\\\/\\\/www.plataformadeartecontemporaneo.com\\\/pac\\\/#\\\/schema\\\/person\\\/0d50919f991979ca67eb0cd36fbe7adc\",\"name\":\"Redacci\u00f3n\",\"image\":{\"@type\":\"ImageObject\",\"inLanguage\":\"es\",\"@id\":\"https:\\\/\\\/www.plataformadeartecontemporaneo.com\\\/pac\\\/wp-content\\\/uploads\\\/2023\\\/08\\\/PAC-ICON-150x150.jpg\",\"url\":\"https:\\\/\\\/www.plataformadeartecontemporaneo.com\\\/pac\\\/wp-content\\\/uploads\\\/2023\\\/08\\\/PAC-ICON-150x150.jpg\",\"contentUrl\":\"https:\\\/\\\/www.plataformadeartecontemporaneo.com\\\/pac\\\/wp-content\\\/uploads\\\/2023\\\/08\\\/PAC-ICON-150x150.jpg\",\"caption\":\"Redacci\u00f3n\"},\"url\":\"https:\\\/\\\/www.plataformadeartecontemporaneo.com\\\/pac\\\/author\\\/redaccion\\\/\"}]}<\/script>\n<!-- \/ Yoast SEO plugin. -->","yoast_head_json":{"title":"PAC | Nace C\u00edrculo Carabanchel, un circuito por las galer\u00edas y espacios expositivos de este barrio de Madrid","description":"Los espacios que forman C\u00edrculo Carabanchel a\u00fanan fuerzas para ser visibles, difundir exposiciones y fomentar el conocimiento a sus artistas.","robots":{"index":"index","follow":"follow","max-snippet":"max-snippet:-1","max-image-preview":"max-image-preview:large","max-video-preview":"max-video-preview:-1"},"canonical":"https:\/\/www.plataformadeartecontemporaneo.com\/pac\/nace-circulo-carabanchel-un-circuito-por-las-galerias-y-espacios-expositivos-de-este-barrio-de-madrid\/","og_locale":"es_ES","og_type":"article","og_title":"PAC | Nace C\u00edrculo Carabanchel, un circuito por las galer\u00edas y espacios expositivos de este barrio de Madrid","og_description":"Los espacios que forman C\u00edrculo Carabanchel a\u00fanan fuerzas para ser visibles, difundir exposiciones y fomentar el conocimiento a sus artistas.","og_url":"https:\/\/www.plataformadeartecontemporaneo.com\/pac\/nace-circulo-carabanchel-un-circuito-por-las-galerias-y-espacios-expositivos-de-este-barrio-de-madrid\/","og_site_name":"PAC","article_published_time":"2023-11-02T04:05:00+00:00","og_image":[{"width":1100,"height":1100,"url":"https:\/\/www.plataformadeartecontemporaneo.com\/pac\/wp-content\/uploads\/2023\/10\/circulocarabanchel_logo.jpg","type":"image\/jpeg"}],"author":"Redacci\u00f3n","twitter_misc":{"Escrito por":"Redacci\u00f3n","Tiempo de lectura":"7 minutos"},"schema":{"@context":"https:\/\/schema.org","@graph":[{"@type":"Article","@id":"https:\/\/www.plataformadeartecontemporaneo.com\/pac\/nace-circulo-carabanchel-un-circuito-por-las-galerias-y-espacios-expositivos-de-este-barrio-de-madrid\/#article","isPartOf":{"@id":"https:\/\/www.plataformadeartecontemporaneo.com\/pac\/nace-circulo-carabanchel-un-circuito-por-las-galerias-y-espacios-expositivos-de-este-barrio-de-madrid\/"},"author":{"name":"Redacci\u00f3n","@id":"https:\/\/www.plataformadeartecontemporaneo.com\/pac\/#\/schema\/person\/0d50919f991979ca67eb0cd36fbe7adc"},"headline":"Nace C\u00edrculo Carabanchel, un circuito por las galer\u00edas y espacios expositivos de este barrio de Madrid","datePublished":"2023-11-02T04:05:00+00:00","mainEntityOfPage":{"@id":"https:\/\/www.plataformadeartecontemporaneo.com\/pac\/nace-circulo-carabanchel-un-circuito-por-las-galerias-y-espacios-expositivos-de-este-barrio-de-madrid\/"},"wordCount":1556,"commentCount":0,"publisher":{"@id":"https:\/\/www.plataformadeartecontemporaneo.com\/pac\/#organization"},"image":{"@id":"https:\/\/www.plataformadeartecontemporaneo.com\/pac\/nace-circulo-carabanchel-un-circuito-por-las-galerias-y-espacios-expositivos-de-este-barrio-de-madrid\/#primaryimage"},"thumbnailUrl":"https:\/\/www.plataformadeartecontemporaneo.com\/pac\/wp-content\/uploads\/2023\/10\/circulocarabanchel_logo.jpg","keywords":["Belmonte","Benveniste Contemporary","C\u00edrculo Carabanchel","Galer\u00eda Nueva","Ginsberg &amp; Tzu","La Gran","La oficina","memoria","Planta1","Sabrina Amrani","VETA by Fer Franc\u00e9s"],"articleSection":["Encuentros","Exposiciones","Galer\u00edas de arte","Madrid"],"inLanguage":"es","potentialAction":[{"@type":"CommentAction","name":"Comment","target":["https:\/\/www.plataformadeartecontemporaneo.com\/pac\/nace-circulo-carabanchel-un-circuito-por-las-galerias-y-espacios-expositivos-de-este-barrio-de-madrid\/#respond"]}]},{"@type":"WebPage","@id":"https:\/\/www.plataformadeartecontemporaneo.com\/pac\/nace-circulo-carabanchel-un-circuito-por-las-galerias-y-espacios-expositivos-de-este-barrio-de-madrid\/","url":"https:\/\/www.plataformadeartecontemporaneo.com\/pac\/nace-circulo-carabanchel-un-circuito-por-las-galerias-y-espacios-expositivos-de-este-barrio-de-madrid\/","name":"PAC | Nace C\u00edrculo Carabanchel, un circuito por las galer\u00edas y espacios expositivos de este barrio de Madrid","isPartOf":{"@id":"https:\/\/www.plataformadeartecontemporaneo.com\/pac\/#website"},"primaryImageOfPage":{"@id":"https:\/\/www.plataformadeartecontemporaneo.com\/pac\/nace-circulo-carabanchel-un-circuito-por-las-galerias-y-espacios-expositivos-de-este-barrio-de-madrid\/#primaryimage"},"image":{"@id":"https:\/\/www.plataformadeartecontemporaneo.com\/pac\/nace-circulo-carabanchel-un-circuito-por-las-galerias-y-espacios-expositivos-de-este-barrio-de-madrid\/#primaryimage"},"thumbnailUrl":"https:\/\/www.plataformadeartecontemporaneo.com\/pac\/wp-content\/uploads\/2023\/10\/circulocarabanchel_logo.jpg","datePublished":"2023-11-02T04:05:00+00:00","description":"Los espacios que forman C\u00edrculo Carabanchel a\u00fanan fuerzas para ser visibles, difundir exposiciones y fomentar el conocimiento a sus artistas.","breadcrumb":{"@id":"https:\/\/www.plataformadeartecontemporaneo.com\/pac\/nace-circulo-carabanchel-un-circuito-por-las-galerias-y-espacios-expositivos-de-este-barrio-de-madrid\/#breadcrumb"},"inLanguage":"es","potentialAction":[{"@type":"ReadAction","target":["https:\/\/www.plataformadeartecontemporaneo.com\/pac\/nace-circulo-carabanchel-un-circuito-por-las-galerias-y-espacios-expositivos-de-este-barrio-de-madrid\/"]}]},{"@type":"ImageObject","inLanguage":"es","@id":"https:\/\/www.plataformadeartecontemporaneo.com\/pac\/nace-circulo-carabanchel-un-circuito-por-las-galerias-y-espacios-expositivos-de-este-barrio-de-madrid\/#primaryimage","url":"https:\/\/www.plataformadeartecontemporaneo.com\/pac\/wp-content\/uploads\/2023\/10\/circulocarabanchel_logo.jpg","contentUrl":"https:\/\/www.plataformadeartecontemporaneo.com\/pac\/wp-content\/uploads\/2023\/10\/circulocarabanchel_logo.jpg","width":1100,"height":1100,"caption":"C\u00edrculo Carabanchel"},{"@type":"BreadcrumbList","@id":"https:\/\/www.plataformadeartecontemporaneo.com\/pac\/nace-circulo-carabanchel-un-circuito-por-las-galerias-y-espacios-expositivos-de-este-barrio-de-madrid\/#breadcrumb","itemListElement":[{"@type":"ListItem","position":1,"name":"Portada","item":"https:\/\/www.plataformadeartecontemporaneo.com\/pac\/"},{"@type":"ListItem","position":2,"name":"Nace C\u00edrculo Carabanchel, un circuito por las galer\u00edas y espacios expositivos de este barrio de Madrid"}]},{"@type":"WebSite","@id":"https:\/\/www.plataformadeartecontemporaneo.com\/pac\/#website","url":"https:\/\/www.plataformadeartecontemporaneo.com\/pac\/","name":"PAC","description":"Plataforma de Arte Contempor\u00e1neo","publisher":{"@id":"https:\/\/www.plataformadeartecontemporaneo.com\/pac\/#organization"},"potentialAction":[{"@type":"SearchAction","target":{"@type":"EntryPoint","urlTemplate":"https:\/\/www.plataformadeartecontemporaneo.com\/pac\/?s={search_term_string}"},"query-input":{"@type":"PropertyValueSpecification","valueRequired":true,"valueName":"search_term_string"}}],"inLanguage":"es"},{"@type":"Organization","@id":"https:\/\/www.plataformadeartecontemporaneo.com\/pac\/#organization","name":"PAC","url":"https:\/\/www.plataformadeartecontemporaneo.com\/pac\/","logo":{"@type":"ImageObject","inLanguage":"es","@id":"https:\/\/www.plataformadeartecontemporaneo.com\/pac\/#\/schema\/logo\/image\/","url":"https:\/\/www.plataformadeartecontemporaneo.com\/pac\/wp-content\/uploads\/2020\/10\/LOGO-PAC-FOOTER-TRANSPARENTE.png","contentUrl":"https:\/\/www.plataformadeartecontemporaneo.com\/pac\/wp-content\/uploads\/2020\/10\/LOGO-PAC-FOOTER-TRANSPARENTE.png","width":200,"height":48,"caption":"PAC"},"image":{"@id":"https:\/\/www.plataformadeartecontemporaneo.com\/pac\/#\/schema\/logo\/image\/"}},{"@type":"Person","@id":"https:\/\/www.plataformadeartecontemporaneo.com\/pac\/#\/schema\/person\/0d50919f991979ca67eb0cd36fbe7adc","name":"Redacci\u00f3n","image":{"@type":"ImageObject","inLanguage":"es","@id":"https:\/\/www.plataformadeartecontemporaneo.com\/pac\/wp-content\/uploads\/2023\/08\/PAC-ICON-150x150.jpg","url":"https:\/\/www.plataformadeartecontemporaneo.com\/pac\/wp-content\/uploads\/2023\/08\/PAC-ICON-150x150.jpg","contentUrl":"https:\/\/www.plataformadeartecontemporaneo.com\/pac\/wp-content\/uploads\/2023\/08\/PAC-ICON-150x150.jpg","caption":"Redacci\u00f3n"},"url":"https:\/\/www.plataformadeartecontemporaneo.com\/pac\/author\/redaccion\/"}]}},"_links":{"self":[{"href":"https:\/\/www.plataformadeartecontemporaneo.com\/pac\/wp-json\/wp\/v2\/posts\/88082","targetHints":{"allow":["GET"]}}],"collection":[{"href":"https:\/\/www.plataformadeartecontemporaneo.com\/pac\/wp-json\/wp\/v2\/posts"}],"about":[{"href":"https:\/\/www.plataformadeartecontemporaneo.com\/pac\/wp-json\/wp\/v2\/types\/post"}],"author":[{"embeddable":true,"href":"https:\/\/www.plataformadeartecontemporaneo.com\/pac\/wp-json\/wp\/v2\/users\/10000096"}],"replies":[{"embeddable":true,"href":"https:\/\/www.plataformadeartecontemporaneo.com\/pac\/wp-json\/wp\/v2\/comments?post=88082"}],"version-history":[{"count":7,"href":"https:\/\/www.plataformadeartecontemporaneo.com\/pac\/wp-json\/wp\/v2\/posts\/88082\/revisions"}],"predecessor-version":[{"id":88091,"href":"https:\/\/www.plataformadeartecontemporaneo.com\/pac\/wp-json\/wp\/v2\/posts\/88082\/revisions\/88091"}],"wp:featuredmedia":[{"embeddable":true,"href":"https:\/\/www.plataformadeartecontemporaneo.com\/pac\/wp-json\/wp\/v2\/media\/88087"}],"wp:attachment":[{"href":"https:\/\/www.plataformadeartecontemporaneo.com\/pac\/wp-json\/wp\/v2\/media?parent=88082"}],"wp:term":[{"taxonomy":"category","embeddable":true,"href":"https:\/\/www.plataformadeartecontemporaneo.com\/pac\/wp-json\/wp\/v2\/categories?post=88082"},{"taxonomy":"post_tag","embeddable":true,"href":"https:\/\/www.plataformadeartecontemporaneo.com\/pac\/wp-json\/wp\/v2\/tags?post=88082"}],"curies":[{"name":"wp","href":"https:\/\/api.w.org\/{rel}","templated":true}]}}