




{"id":90563,"date":"2024-02-23T05:02:00","date_gmt":"2024-02-23T04:02:00","guid":{"rendered":"https:\/\/www.plataformadeartecontemporaneo.com\/pac\/?p=90563"},"modified":"2024-02-22T17:56:29","modified_gmt":"2024-02-22T16:56:29","slug":"la-fundacion-sandretto-re-rebaudengo-madrid-inaugura-la-primera-exposicion-de-precious-okoyomon-en-espana","status":"publish","type":"post","link":"https:\/\/www.plataformadeartecontemporaneo.com\/pac\/la-fundacion-sandretto-re-rebaudengo-madrid-inaugura-la-primera-exposicion-de-precious-okoyomon-en-espana\/","title":{"rendered":"La Fundaci\u00f3n\u00a0Sandretto\u00a0Re Rebaudengo Madrid inaugura la primera exposici\u00f3n de Precious Okoyomon en Espa\u00f1a"},"content":{"rendered":"\n<p align=\"justify\">La\u00a0<strong>Fundaci\u00f3n\u00a0Sandretto\u00a0Re Rebaudengo Madrid<\/strong>, en colaboraci\u00f3n con\u00a0el Ayuntamiento de Madrid, ha inaugurado la primera exposici\u00f3n en Espa\u00f1a de<strong>\u00a0Precious Okoyomon\u00a0<\/strong>(Londres, 1993), comisariada por\u00a0Hans Ulrich Obrist.<em>\u00a0Cuando los corderos se alzan contra el ave rapaz<\/em>\u00a0se podr\u00e1 visitar gratuitamente hasta el 3 de abril de 2024 en la Monta\u00f1a de los gatos del parque del Retiro de Madrid. Este reci\u00e9n reformado espacio en el centro de la ciudad albergar\u00e1 esta muestra, considerada una obra de arte total (Gesamtkunstwerk) al combinar m\u00faltiples disciplinas.<\/p>\n\n\n\n<figure class=\"wp-block-image size-large\"><img fetchpriority=\"high\" decoding=\"async\" width=\"750\" height=\"500\" src=\"https:\/\/www.plataformadeartecontemporaneo.com\/pac\/wp-content\/uploads\/2024\/02\/PN0h-OqU-750x500.jpeg\" alt=\"\" class=\"wp-image-90564\" srcset=\"https:\/\/www.plataformadeartecontemporaneo.com\/pac\/wp-content\/uploads\/2024\/02\/PN0h-OqU-750x500.jpeg 750w, https:\/\/www.plataformadeartecontemporaneo.com\/pac\/wp-content\/uploads\/2024\/02\/PN0h-OqU-600x400.jpeg 600w, https:\/\/www.plataformadeartecontemporaneo.com\/pac\/wp-content\/uploads\/2024\/02\/PN0h-OqU-768x512.jpeg 768w, https:\/\/www.plataformadeartecontemporaneo.com\/pac\/wp-content\/uploads\/2024\/02\/PN0h-OqU.jpeg 1100w\" sizes=\"(max-width: 750px) 100vw, 750px\" \/><figcaption class=\"wp-element-caption\">&nbsp;(c) Benedetta Mascalchi<\/figcaption><\/figure>\n\n\n\n<p align=\"justify\">Okoyomon recrea\u00a0dentro de la Monta\u00f1a\u00a0un bosque a descubrir\u00a0impregnado del aroma de la tierra, los \u00e1rboles y las flores y que esconde un\u00a0cordero animatr\u00f3nico\u00a0entre su exuberante vegetaci\u00f3n. El animal es un s\u00edmbolo parad\u00f3jico de sufrimiento y triunfo inspirado en el texto, hom\u00f3nimo a la exposici\u00f3n, de la poeta y ensayista\u00a0Anne Boyer.\u00a0En oposici\u00f3n a la idea tradicional, el cordero se interpreta como una criatura intuitiva y sabia, capaz de sobrevivir a depredadores y a escenarios apocal\u00edpticos. La m\u00fasica, que rodear\u00e1 al espectador, estar\u00e1 basada en apuntes y fragmentos de la ut\u00f3pica e inacabada\u00a0<em>Mysterium\u00a0<\/em>de Alexander Scriabin (1872-1915), sobre poemas de Okoyomon y arreglada por el compositor Juan Manuel Artero. Okoyomon transforma la divinidad salvaje de la visi\u00f3n inacabada de Scriabin a trav\u00e9s del entorno sensorial del bosque, que reverbera con el sonido de los c\u00e1nticos. \u00a0\u201cEstos sonidos son una suerte de plegaria u oda interminable que resuena continuamente por todo el espacio, dando voz al cordero como instrumento de su propia salvaci\u00f3n. Mediante la reinterpretaci\u00f3n del texto de Boyer y la composici\u00f3n final de Scriabin, Okoyomon presenta su propia versi\u00f3n del fin del mundo\u201d.\u00a0\u00a0afirma el comisario Hans Ulrich Obrist.\u00a0<\/p>\n\n\n\n<figure class=\"wp-block-image size-large\"><img decoding=\"async\" width=\"400\" height=\"600\" src=\"https:\/\/www.plataformadeartecontemporaneo.com\/pac\/wp-content\/uploads\/2024\/02\/Exposicion-Precious-Okoyomon_Fundacion-Sandretto-Re-Rebaudengo-Madrid_\u00a9Benedetta-Mascalchi_04-400x600.jpg\" alt=\"\" class=\"wp-image-90565\" srcset=\"https:\/\/www.plataformadeartecontemporaneo.com\/pac\/wp-content\/uploads\/2024\/02\/Exposicion-Precious-Okoyomon_Fundacion-Sandretto-Re-Rebaudengo-Madrid_\u00a9Benedetta-Mascalchi_04-400x600.jpg 400w, https:\/\/www.plataformadeartecontemporaneo.com\/pac\/wp-content\/uploads\/2024\/02\/Exposicion-Precious-Okoyomon_Fundacion-Sandretto-Re-Rebaudengo-Madrid_\u00a9Benedetta-Mascalchi_04.jpg 733w\" sizes=\"(max-width: 400px) 100vw, 400px\" \/><figcaption class=\"wp-element-caption\">Exposici\u00f3n <em>Precious Okoyomon<\/em> &#8211;  Fundaci\u00f3n Sandretto Re Rebaudengo Madrid \u00a9 Benedetta Mascalchi<\/figcaption><\/figure>\n\n\n\n<p align=\"justify\"><em>Cuando los corderos se alzan contra el ave rapaz<\/em>\u00a0est\u00e1 planteada adem\u00e1s como\u00a0un viaje hacia el mundo interior de Okoyomon a trav\u00e9s de sus poemas, en el que hace part\u00edcipe al espectador de todas las tem\u00e1ticas que atraviesan a su persona, como su condici\u00f3n de racializade o\u00a0<em>queer\u00a0<\/em>no binarie. Elle escribe para volcar sus miedos al papel: \u201ccuando era ni\u00f1a, mi madre siempre me dec\u00eda que, si pon\u00eda mis palabras en la tierra, crecer\u00edan, y yo la cre\u00eda. Y, en cierto modo, crecieron, porque ahora hago jardines para mi trabajo\u201d, confirma.<\/p>\n\n\n\n<p align=\"justify\">En palabras de la presidenta de la Fundaci\u00f3n\u00a0Sandretto\u00a0Re Rebaudengo Madrid,\u00a0Patrizia\u00a0Sandretto\u00a0Re Rebaudengo, cuyo compromiso con Madrid sigue siendo inquebrantable : \u201cdesde la Fundaci\u00f3n volvemos una vez m\u00e1s a traer a j\u00f3venes figuras del arte de nuestro tiempo a lugares singulares de la ciudad. Nuestros artistas tienen una gran proyecci\u00f3n y no han sido presentados antes en Espa\u00f1a, lo que ofrece una gran diversidad de perspectivas sobre el arte internacional y enriquece la escena art\u00edstica de la ciudad. Madrid tiene muchos espacios por explorar y un gran inter\u00e9s por el arte con sentido cr\u00edtico, por lo que buscamos cada a\u00f1o un lugar diferente en el que, generalmente, no se muestra arte contempor\u00e1neo\u201c.<\/p>\n\n\n\n<p align=\"justify\">La exposici\u00f3n estar\u00e1 acompa\u00f1ada por la\u00a0publicaci\u00f3n de un libro biling\u00fce castellano\/ingl\u00e9s que se presentar\u00e1\u00a0el 5 de marzo coincidiendo con la celebraci\u00f3n de la 43.\u00aa edici\u00f3n de ARCOmadrid. Reconocidos autores internacionales, como la poeta y ensayista Anne Boyer, contribuir\u00e1n en la citada publicaci\u00f3n.<\/p>\n\n\n\n<hr class=\"wp-block-separator has-alpha-channel-opacity is-style-dots\"\/>\n\n\n\n<p><strong>Fechas:<\/strong> Hasta el 3 de abril de 2024<br><strong>Lugar:<\/strong> Monta\u00f1a de los gatos&nbsp;&#8211; Parque del Retiro, Madrid<\/p>\n","protected":false},"excerpt":{"rendered":"<div class=\"tmnf_excerpt\"><p>La\u00a0Fundaci\u00f3n\u00a0Sandretto\u00a0Re Rebaudengo Madrid, en colaboraci\u00f3n con\u00a0el Ayuntamiento de Madrid, ha inaugurado la primera exposici\u00f3n en Espa\u00f1a de\u00a0Precious Okoyomon\u00a0(Londres, 1993), comisariada por\u00a0Hans Ulrich Obrist.\u00a0Cuando los corderos se alzan contra el ave rapaz\u00a0se podr\u00e1 visitar gratuitamente hasta el 3 de abril de 2024 en la Monta\u00f1a de los gatos del parque del Retiro de Madrid. Este reci\u00e9n &hellip;<\/p>\n<\/div>","protected":false},"author":10000096,"featured_media":90564,"comment_status":"open","ping_status":"closed","sticky":false,"template":"","format":"standard","meta":{"footnotes":""},"categories":[4,9,43],"tags":[7940,11328,29682,29681],"class_list":["post-90563","post","type-post","status-publish","format-standard","has-post-thumbnail","hentry","category-exposiciones","category-instalacion","category-madrid","tag-el-retiro","tag-fundacion-sandretto-re-rebaudengo-madrid","tag-montana-de-los-gatos","tag-precious-okoyomon"],"yoast_head":"<!-- This site is optimized with the Yoast SEO plugin v27.4 - https:\/\/yoast.com\/product\/yoast-seo-wordpress\/ -->\n<title>PAC | La Fundaci\u00f3n\u00a0Sandretto\u00a0Re Rebaudengo Madrid inaugura la primera exposici\u00f3n de Precious Okoyomon en Espa\u00f1a<\/title>\n<meta name=\"description\" content=\"La Fundaci\u00f3n Sandretto Re Rebaudengo Madrid inaugura la primera exposici\u00f3n de Precious Okoyomon, comisariada por Hans Ulrich Obrist.\" \/>\n<meta name=\"robots\" content=\"index, follow, max-snippet:-1, max-image-preview:large, max-video-preview:-1\" \/>\n<link rel=\"canonical\" href=\"https:\/\/www.plataformadeartecontemporaneo.com\/pac\/la-fundacion-sandretto-re-rebaudengo-madrid-inaugura-la-primera-exposicion-de-precious-okoyomon-en-espana\/\" \/>\n<meta property=\"og:locale\" content=\"es_ES\" \/>\n<meta property=\"og:type\" content=\"article\" \/>\n<meta property=\"og:title\" content=\"PAC | La Fundaci\u00f3n\u00a0Sandretto\u00a0Re Rebaudengo Madrid inaugura la primera exposici\u00f3n de Precious Okoyomon en Espa\u00f1a\" \/>\n<meta property=\"og:description\" content=\"La Fundaci\u00f3n Sandretto Re Rebaudengo Madrid inaugura la primera exposici\u00f3n de Precious Okoyomon, comisariada por Hans Ulrich Obrist.\" \/>\n<meta property=\"og:url\" content=\"https:\/\/www.plataformadeartecontemporaneo.com\/pac\/la-fundacion-sandretto-re-rebaudengo-madrid-inaugura-la-primera-exposicion-de-precious-okoyomon-en-espana\/\" \/>\n<meta property=\"og:site_name\" content=\"PAC\" \/>\n<meta property=\"article:published_time\" content=\"2024-02-23T04:02:00+00:00\" \/>\n<meta property=\"og:image\" content=\"https:\/\/www.plataformadeartecontemporaneo.com\/pac\/wp-content\/uploads\/2024\/02\/PN0h-OqU.jpeg\" \/>\n\t<meta property=\"og:image:width\" content=\"1100\" \/>\n\t<meta property=\"og:image:height\" content=\"733\" \/>\n\t<meta property=\"og:image:type\" content=\"image\/jpeg\" \/>\n<meta name=\"author\" content=\"Redacci\u00f3n\" \/>\n<meta name=\"twitter:label1\" content=\"Escrito por\" \/>\n\t<meta name=\"twitter:data1\" content=\"Redacci\u00f3n\" \/>\n\t<meta name=\"twitter:label2\" content=\"Tiempo de lectura\" \/>\n\t<meta name=\"twitter:data2\" content=\"3 minutos\" \/>\n<script type=\"application\/ld+json\" class=\"yoast-schema-graph\">{\"@context\":\"https:\\\/\\\/schema.org\",\"@graph\":[{\"@type\":\"Article\",\"@id\":\"https:\\\/\\\/www.plataformadeartecontemporaneo.com\\\/pac\\\/la-fundacion-sandretto-re-rebaudengo-madrid-inaugura-la-primera-exposicion-de-precious-okoyomon-en-espana\\\/#article\",\"isPartOf\":{\"@id\":\"https:\\\/\\\/www.plataformadeartecontemporaneo.com\\\/pac\\\/la-fundacion-sandretto-re-rebaudengo-madrid-inaugura-la-primera-exposicion-de-precious-okoyomon-en-espana\\\/\"},\"author\":{\"name\":\"Redacci\u00f3n\",\"@id\":\"https:\\\/\\\/www.plataformadeartecontemporaneo.com\\\/pac\\\/#\\\/schema\\\/person\\\/0d50919f991979ca67eb0cd36fbe7adc\"},\"headline\":\"La Fundaci\u00f3n\u00a0Sandretto\u00a0Re Rebaudengo Madrid inaugura la primera exposici\u00f3n de Precious Okoyomon en Espa\u00f1a\",\"datePublished\":\"2024-02-23T04:02:00+00:00\",\"mainEntityOfPage\":{\"@id\":\"https:\\\/\\\/www.plataformadeartecontemporaneo.com\\\/pac\\\/la-fundacion-sandretto-re-rebaudengo-madrid-inaugura-la-primera-exposicion-de-precious-okoyomon-en-espana\\\/\"},\"wordCount\":637,\"commentCount\":0,\"publisher\":{\"@id\":\"https:\\\/\\\/www.plataformadeartecontemporaneo.com\\\/pac\\\/#organization\"},\"image\":{\"@id\":\"https:\\\/\\\/www.plataformadeartecontemporaneo.com\\\/pac\\\/la-fundacion-sandretto-re-rebaudengo-madrid-inaugura-la-primera-exposicion-de-precious-okoyomon-en-espana\\\/#primaryimage\"},\"thumbnailUrl\":\"https:\\\/\\\/www.plataformadeartecontemporaneo.com\\\/pac\\\/wp-content\\\/uploads\\\/2024\\\/02\\\/PN0h-OqU.jpeg\",\"keywords\":[\"El Retiro\",\"Fundaci\u00f3n Sandretto Re Rebaudengo Madrid\",\"Monta\u00f1a de los gatos\",\"Precious Okoyomon\"],\"articleSection\":[\"Exposiciones\",\"Instalaci\u00f3n\",\"Madrid\"],\"inLanguage\":\"es\",\"potentialAction\":[{\"@type\":\"CommentAction\",\"name\":\"Comment\",\"target\":[\"https:\\\/\\\/www.plataformadeartecontemporaneo.com\\\/pac\\\/la-fundacion-sandretto-re-rebaudengo-madrid-inaugura-la-primera-exposicion-de-precious-okoyomon-en-espana\\\/#respond\"]}]},{\"@type\":\"WebPage\",\"@id\":\"https:\\\/\\\/www.plataformadeartecontemporaneo.com\\\/pac\\\/la-fundacion-sandretto-re-rebaudengo-madrid-inaugura-la-primera-exposicion-de-precious-okoyomon-en-espana\\\/\",\"url\":\"https:\\\/\\\/www.plataformadeartecontemporaneo.com\\\/pac\\\/la-fundacion-sandretto-re-rebaudengo-madrid-inaugura-la-primera-exposicion-de-precious-okoyomon-en-espana\\\/\",\"name\":\"PAC | La Fundaci\u00f3n\u00a0Sandretto\u00a0Re Rebaudengo Madrid inaugura la primera exposici\u00f3n de Precious Okoyomon en Espa\u00f1a\",\"isPartOf\":{\"@id\":\"https:\\\/\\\/www.plataformadeartecontemporaneo.com\\\/pac\\\/#website\"},\"primaryImageOfPage\":{\"@id\":\"https:\\\/\\\/www.plataformadeartecontemporaneo.com\\\/pac\\\/la-fundacion-sandretto-re-rebaudengo-madrid-inaugura-la-primera-exposicion-de-precious-okoyomon-en-espana\\\/#primaryimage\"},\"image\":{\"@id\":\"https:\\\/\\\/www.plataformadeartecontemporaneo.com\\\/pac\\\/la-fundacion-sandretto-re-rebaudengo-madrid-inaugura-la-primera-exposicion-de-precious-okoyomon-en-espana\\\/#primaryimage\"},\"thumbnailUrl\":\"https:\\\/\\\/www.plataformadeartecontemporaneo.com\\\/pac\\\/wp-content\\\/uploads\\\/2024\\\/02\\\/PN0h-OqU.jpeg\",\"datePublished\":\"2024-02-23T04:02:00+00:00\",\"description\":\"La Fundaci\u00f3n Sandretto Re Rebaudengo Madrid inaugura la primera exposici\u00f3n de Precious Okoyomon, comisariada por Hans Ulrich Obrist.\",\"breadcrumb\":{\"@id\":\"https:\\\/\\\/www.plataformadeartecontemporaneo.com\\\/pac\\\/la-fundacion-sandretto-re-rebaudengo-madrid-inaugura-la-primera-exposicion-de-precious-okoyomon-en-espana\\\/#breadcrumb\"},\"inLanguage\":\"es\",\"potentialAction\":[{\"@type\":\"ReadAction\",\"target\":[\"https:\\\/\\\/www.plataformadeartecontemporaneo.com\\\/pac\\\/la-fundacion-sandretto-re-rebaudengo-madrid-inaugura-la-primera-exposicion-de-precious-okoyomon-en-espana\\\/\"]}]},{\"@type\":\"ImageObject\",\"inLanguage\":\"es\",\"@id\":\"https:\\\/\\\/www.plataformadeartecontemporaneo.com\\\/pac\\\/la-fundacion-sandretto-re-rebaudengo-madrid-inaugura-la-primera-exposicion-de-precious-okoyomon-en-espana\\\/#primaryimage\",\"url\":\"https:\\\/\\\/www.plataformadeartecontemporaneo.com\\\/pac\\\/wp-content\\\/uploads\\\/2024\\\/02\\\/PN0h-OqU.jpeg\",\"contentUrl\":\"https:\\\/\\\/www.plataformadeartecontemporaneo.com\\\/pac\\\/wp-content\\\/uploads\\\/2024\\\/02\\\/PN0h-OqU.jpeg\",\"width\":1100,\"height\":733,\"caption\":\"Precious Okoyomon\"},{\"@type\":\"BreadcrumbList\",\"@id\":\"https:\\\/\\\/www.plataformadeartecontemporaneo.com\\\/pac\\\/la-fundacion-sandretto-re-rebaudengo-madrid-inaugura-la-primera-exposicion-de-precious-okoyomon-en-espana\\\/#breadcrumb\",\"itemListElement\":[{\"@type\":\"ListItem\",\"position\":1,\"name\":\"Portada\",\"item\":\"https:\\\/\\\/www.plataformadeartecontemporaneo.com\\\/pac\\\/\"},{\"@type\":\"ListItem\",\"position\":2,\"name\":\"La Fundaci\u00f3n\u00a0Sandretto\u00a0Re Rebaudengo Madrid inaugura la primera exposici\u00f3n de Precious Okoyomon en Espa\u00f1a\"}]},{\"@type\":\"WebSite\",\"@id\":\"https:\\\/\\\/www.plataformadeartecontemporaneo.com\\\/pac\\\/#website\",\"url\":\"https:\\\/\\\/www.plataformadeartecontemporaneo.com\\\/pac\\\/\",\"name\":\"PAC\",\"description\":\"Plataforma de Arte Contempor\u00e1neo\",\"publisher\":{\"@id\":\"https:\\\/\\\/www.plataformadeartecontemporaneo.com\\\/pac\\\/#organization\"},\"potentialAction\":[{\"@type\":\"SearchAction\",\"target\":{\"@type\":\"EntryPoint\",\"urlTemplate\":\"https:\\\/\\\/www.plataformadeartecontemporaneo.com\\\/pac\\\/?s={search_term_string}\"},\"query-input\":{\"@type\":\"PropertyValueSpecification\",\"valueRequired\":true,\"valueName\":\"search_term_string\"}}],\"inLanguage\":\"es\"},{\"@type\":\"Organization\",\"@id\":\"https:\\\/\\\/www.plataformadeartecontemporaneo.com\\\/pac\\\/#organization\",\"name\":\"PAC\",\"url\":\"https:\\\/\\\/www.plataformadeartecontemporaneo.com\\\/pac\\\/\",\"logo\":{\"@type\":\"ImageObject\",\"inLanguage\":\"es\",\"@id\":\"https:\\\/\\\/www.plataformadeartecontemporaneo.com\\\/pac\\\/#\\\/schema\\\/logo\\\/image\\\/\",\"url\":\"https:\\\/\\\/www.plataformadeartecontemporaneo.com\\\/pac\\\/wp-content\\\/uploads\\\/2020\\\/10\\\/LOGO-PAC-FOOTER-TRANSPARENTE.png\",\"contentUrl\":\"https:\\\/\\\/www.plataformadeartecontemporaneo.com\\\/pac\\\/wp-content\\\/uploads\\\/2020\\\/10\\\/LOGO-PAC-FOOTER-TRANSPARENTE.png\",\"width\":200,\"height\":48,\"caption\":\"PAC\"},\"image\":{\"@id\":\"https:\\\/\\\/www.plataformadeartecontemporaneo.com\\\/pac\\\/#\\\/schema\\\/logo\\\/image\\\/\"}},{\"@type\":\"Person\",\"@id\":\"https:\\\/\\\/www.plataformadeartecontemporaneo.com\\\/pac\\\/#\\\/schema\\\/person\\\/0d50919f991979ca67eb0cd36fbe7adc\",\"name\":\"Redacci\u00f3n\",\"image\":{\"@type\":\"ImageObject\",\"inLanguage\":\"es\",\"@id\":\"https:\\\/\\\/www.plataformadeartecontemporaneo.com\\\/pac\\\/wp-content\\\/uploads\\\/2023\\\/08\\\/PAC-ICON-150x150.jpg\",\"url\":\"https:\\\/\\\/www.plataformadeartecontemporaneo.com\\\/pac\\\/wp-content\\\/uploads\\\/2023\\\/08\\\/PAC-ICON-150x150.jpg\",\"contentUrl\":\"https:\\\/\\\/www.plataformadeartecontemporaneo.com\\\/pac\\\/wp-content\\\/uploads\\\/2023\\\/08\\\/PAC-ICON-150x150.jpg\",\"caption\":\"Redacci\u00f3n\"},\"url\":\"https:\\\/\\\/www.plataformadeartecontemporaneo.com\\\/pac\\\/author\\\/redaccion\\\/\"}]}<\/script>\n<!-- \/ Yoast SEO plugin. -->","yoast_head_json":{"title":"PAC | La Fundaci\u00f3n\u00a0Sandretto\u00a0Re Rebaudengo Madrid inaugura la primera exposici\u00f3n de Precious Okoyomon en Espa\u00f1a","description":"La Fundaci\u00f3n Sandretto Re Rebaudengo Madrid inaugura la primera exposici\u00f3n de Precious Okoyomon, comisariada por Hans Ulrich Obrist.","robots":{"index":"index","follow":"follow","max-snippet":"max-snippet:-1","max-image-preview":"max-image-preview:large","max-video-preview":"max-video-preview:-1"},"canonical":"https:\/\/www.plataformadeartecontemporaneo.com\/pac\/la-fundacion-sandretto-re-rebaudengo-madrid-inaugura-la-primera-exposicion-de-precious-okoyomon-en-espana\/","og_locale":"es_ES","og_type":"article","og_title":"PAC | La Fundaci\u00f3n\u00a0Sandretto\u00a0Re Rebaudengo Madrid inaugura la primera exposici\u00f3n de Precious Okoyomon en Espa\u00f1a","og_description":"La Fundaci\u00f3n Sandretto Re Rebaudengo Madrid inaugura la primera exposici\u00f3n de Precious Okoyomon, comisariada por Hans Ulrich Obrist.","og_url":"https:\/\/www.plataformadeartecontemporaneo.com\/pac\/la-fundacion-sandretto-re-rebaudengo-madrid-inaugura-la-primera-exposicion-de-precious-okoyomon-en-espana\/","og_site_name":"PAC","article_published_time":"2024-02-23T04:02:00+00:00","og_image":[{"width":1100,"height":733,"url":"https:\/\/www.plataformadeartecontemporaneo.com\/pac\/wp-content\/uploads\/2024\/02\/PN0h-OqU.jpeg","type":"image\/jpeg"}],"author":"Redacci\u00f3n","twitter_misc":{"Escrito por":"Redacci\u00f3n","Tiempo de lectura":"3 minutos"},"schema":{"@context":"https:\/\/schema.org","@graph":[{"@type":"Article","@id":"https:\/\/www.plataformadeartecontemporaneo.com\/pac\/la-fundacion-sandretto-re-rebaudengo-madrid-inaugura-la-primera-exposicion-de-precious-okoyomon-en-espana\/#article","isPartOf":{"@id":"https:\/\/www.plataformadeartecontemporaneo.com\/pac\/la-fundacion-sandretto-re-rebaudengo-madrid-inaugura-la-primera-exposicion-de-precious-okoyomon-en-espana\/"},"author":{"name":"Redacci\u00f3n","@id":"https:\/\/www.plataformadeartecontemporaneo.com\/pac\/#\/schema\/person\/0d50919f991979ca67eb0cd36fbe7adc"},"headline":"La Fundaci\u00f3n\u00a0Sandretto\u00a0Re Rebaudengo Madrid inaugura la primera exposici\u00f3n de Precious Okoyomon en Espa\u00f1a","datePublished":"2024-02-23T04:02:00+00:00","mainEntityOfPage":{"@id":"https:\/\/www.plataformadeartecontemporaneo.com\/pac\/la-fundacion-sandretto-re-rebaudengo-madrid-inaugura-la-primera-exposicion-de-precious-okoyomon-en-espana\/"},"wordCount":637,"commentCount":0,"publisher":{"@id":"https:\/\/www.plataformadeartecontemporaneo.com\/pac\/#organization"},"image":{"@id":"https:\/\/www.plataformadeartecontemporaneo.com\/pac\/la-fundacion-sandretto-re-rebaudengo-madrid-inaugura-la-primera-exposicion-de-precious-okoyomon-en-espana\/#primaryimage"},"thumbnailUrl":"https:\/\/www.plataformadeartecontemporaneo.com\/pac\/wp-content\/uploads\/2024\/02\/PN0h-OqU.jpeg","keywords":["El Retiro","Fundaci\u00f3n Sandretto Re Rebaudengo Madrid","Monta\u00f1a de los gatos","Precious Okoyomon"],"articleSection":["Exposiciones","Instalaci\u00f3n","Madrid"],"inLanguage":"es","potentialAction":[{"@type":"CommentAction","name":"Comment","target":["https:\/\/www.plataformadeartecontemporaneo.com\/pac\/la-fundacion-sandretto-re-rebaudengo-madrid-inaugura-la-primera-exposicion-de-precious-okoyomon-en-espana\/#respond"]}]},{"@type":"WebPage","@id":"https:\/\/www.plataformadeartecontemporaneo.com\/pac\/la-fundacion-sandretto-re-rebaudengo-madrid-inaugura-la-primera-exposicion-de-precious-okoyomon-en-espana\/","url":"https:\/\/www.plataformadeartecontemporaneo.com\/pac\/la-fundacion-sandretto-re-rebaudengo-madrid-inaugura-la-primera-exposicion-de-precious-okoyomon-en-espana\/","name":"PAC | La Fundaci\u00f3n\u00a0Sandretto\u00a0Re Rebaudengo Madrid inaugura la primera exposici\u00f3n de Precious Okoyomon en Espa\u00f1a","isPartOf":{"@id":"https:\/\/www.plataformadeartecontemporaneo.com\/pac\/#website"},"primaryImageOfPage":{"@id":"https:\/\/www.plataformadeartecontemporaneo.com\/pac\/la-fundacion-sandretto-re-rebaudengo-madrid-inaugura-la-primera-exposicion-de-precious-okoyomon-en-espana\/#primaryimage"},"image":{"@id":"https:\/\/www.plataformadeartecontemporaneo.com\/pac\/la-fundacion-sandretto-re-rebaudengo-madrid-inaugura-la-primera-exposicion-de-precious-okoyomon-en-espana\/#primaryimage"},"thumbnailUrl":"https:\/\/www.plataformadeartecontemporaneo.com\/pac\/wp-content\/uploads\/2024\/02\/PN0h-OqU.jpeg","datePublished":"2024-02-23T04:02:00+00:00","description":"La Fundaci\u00f3n Sandretto Re Rebaudengo Madrid inaugura la primera exposici\u00f3n de Precious Okoyomon, comisariada por Hans Ulrich Obrist.","breadcrumb":{"@id":"https:\/\/www.plataformadeartecontemporaneo.com\/pac\/la-fundacion-sandretto-re-rebaudengo-madrid-inaugura-la-primera-exposicion-de-precious-okoyomon-en-espana\/#breadcrumb"},"inLanguage":"es","potentialAction":[{"@type":"ReadAction","target":["https:\/\/www.plataformadeartecontemporaneo.com\/pac\/la-fundacion-sandretto-re-rebaudengo-madrid-inaugura-la-primera-exposicion-de-precious-okoyomon-en-espana\/"]}]},{"@type":"ImageObject","inLanguage":"es","@id":"https:\/\/www.plataformadeartecontemporaneo.com\/pac\/la-fundacion-sandretto-re-rebaudengo-madrid-inaugura-la-primera-exposicion-de-precious-okoyomon-en-espana\/#primaryimage","url":"https:\/\/www.plataformadeartecontemporaneo.com\/pac\/wp-content\/uploads\/2024\/02\/PN0h-OqU.jpeg","contentUrl":"https:\/\/www.plataformadeartecontemporaneo.com\/pac\/wp-content\/uploads\/2024\/02\/PN0h-OqU.jpeg","width":1100,"height":733,"caption":"Precious Okoyomon"},{"@type":"BreadcrumbList","@id":"https:\/\/www.plataformadeartecontemporaneo.com\/pac\/la-fundacion-sandretto-re-rebaudengo-madrid-inaugura-la-primera-exposicion-de-precious-okoyomon-en-espana\/#breadcrumb","itemListElement":[{"@type":"ListItem","position":1,"name":"Portada","item":"https:\/\/www.plataformadeartecontemporaneo.com\/pac\/"},{"@type":"ListItem","position":2,"name":"La Fundaci\u00f3n\u00a0Sandretto\u00a0Re Rebaudengo Madrid inaugura la primera exposici\u00f3n de Precious Okoyomon en Espa\u00f1a"}]},{"@type":"WebSite","@id":"https:\/\/www.plataformadeartecontemporaneo.com\/pac\/#website","url":"https:\/\/www.plataformadeartecontemporaneo.com\/pac\/","name":"PAC","description":"Plataforma de Arte Contempor\u00e1neo","publisher":{"@id":"https:\/\/www.plataformadeartecontemporaneo.com\/pac\/#organization"},"potentialAction":[{"@type":"SearchAction","target":{"@type":"EntryPoint","urlTemplate":"https:\/\/www.plataformadeartecontemporaneo.com\/pac\/?s={search_term_string}"},"query-input":{"@type":"PropertyValueSpecification","valueRequired":true,"valueName":"search_term_string"}}],"inLanguage":"es"},{"@type":"Organization","@id":"https:\/\/www.plataformadeartecontemporaneo.com\/pac\/#organization","name":"PAC","url":"https:\/\/www.plataformadeartecontemporaneo.com\/pac\/","logo":{"@type":"ImageObject","inLanguage":"es","@id":"https:\/\/www.plataformadeartecontemporaneo.com\/pac\/#\/schema\/logo\/image\/","url":"https:\/\/www.plataformadeartecontemporaneo.com\/pac\/wp-content\/uploads\/2020\/10\/LOGO-PAC-FOOTER-TRANSPARENTE.png","contentUrl":"https:\/\/www.plataformadeartecontemporaneo.com\/pac\/wp-content\/uploads\/2020\/10\/LOGO-PAC-FOOTER-TRANSPARENTE.png","width":200,"height":48,"caption":"PAC"},"image":{"@id":"https:\/\/www.plataformadeartecontemporaneo.com\/pac\/#\/schema\/logo\/image\/"}},{"@type":"Person","@id":"https:\/\/www.plataformadeartecontemporaneo.com\/pac\/#\/schema\/person\/0d50919f991979ca67eb0cd36fbe7adc","name":"Redacci\u00f3n","image":{"@type":"ImageObject","inLanguage":"es","@id":"https:\/\/www.plataformadeartecontemporaneo.com\/pac\/wp-content\/uploads\/2023\/08\/PAC-ICON-150x150.jpg","url":"https:\/\/www.plataformadeartecontemporaneo.com\/pac\/wp-content\/uploads\/2023\/08\/PAC-ICON-150x150.jpg","contentUrl":"https:\/\/www.plataformadeartecontemporaneo.com\/pac\/wp-content\/uploads\/2023\/08\/PAC-ICON-150x150.jpg","caption":"Redacci\u00f3n"},"url":"https:\/\/www.plataformadeartecontemporaneo.com\/pac\/author\/redaccion\/"}]}},"_links":{"self":[{"href":"https:\/\/www.plataformadeartecontemporaneo.com\/pac\/wp-json\/wp\/v2\/posts\/90563","targetHints":{"allow":["GET"]}}],"collection":[{"href":"https:\/\/www.plataformadeartecontemporaneo.com\/pac\/wp-json\/wp\/v2\/posts"}],"about":[{"href":"https:\/\/www.plataformadeartecontemporaneo.com\/pac\/wp-json\/wp\/v2\/types\/post"}],"author":[{"embeddable":true,"href":"https:\/\/www.plataformadeartecontemporaneo.com\/pac\/wp-json\/wp\/v2\/users\/10000096"}],"replies":[{"embeddable":true,"href":"https:\/\/www.plataformadeartecontemporaneo.com\/pac\/wp-json\/wp\/v2\/comments?post=90563"}],"version-history":[{"count":3,"href":"https:\/\/www.plataformadeartecontemporaneo.com\/pac\/wp-json\/wp\/v2\/posts\/90563\/revisions"}],"predecessor-version":[{"id":90582,"href":"https:\/\/www.plataformadeartecontemporaneo.com\/pac\/wp-json\/wp\/v2\/posts\/90563\/revisions\/90582"}],"wp:featuredmedia":[{"embeddable":true,"href":"https:\/\/www.plataformadeartecontemporaneo.com\/pac\/wp-json\/wp\/v2\/media\/90564"}],"wp:attachment":[{"href":"https:\/\/www.plataformadeartecontemporaneo.com\/pac\/wp-json\/wp\/v2\/media?parent=90563"}],"wp:term":[{"taxonomy":"category","embeddable":true,"href":"https:\/\/www.plataformadeartecontemporaneo.com\/pac\/wp-json\/wp\/v2\/categories?post=90563"},{"taxonomy":"post_tag","embeddable":true,"href":"https:\/\/www.plataformadeartecontemporaneo.com\/pac\/wp-json\/wp\/v2\/tags?post=90563"}],"curies":[{"name":"wp","href":"https:\/\/api.w.org\/{rel}","templated":true}]}}