




{"id":98358,"date":"2025-01-09T05:00:00","date_gmt":"2025-01-09T04:00:00","guid":{"rendered":"https:\/\/www.plataformadeartecontemporaneo.com\/pac\/?p=98358"},"modified":"2025-01-08T21:44:51","modified_gmt":"2025-01-08T20:44:51","slug":"reflejos-picasso-y-koons-en-granada","status":"publish","type":"post","link":"https:\/\/www.plataformadeartecontemporaneo.com\/pac\/reflejos-picasso-y-koons-en-granada\/","title":{"rendered":"Reflejos. Picasso y Koons en Granada"},"content":{"rendered":"\t\t<div data-elementor-type=\"wp-post\" data-elementor-id=\"98358\" class=\"elementor elementor-98358\">\n\t\t\t\t<div class=\"elementor-element elementor-element-2f0874ed e-flex e-con-boxed e-con e-parent\" data-id=\"2f0874ed\" data-element_type=\"container\" data-e-type=\"container\">\n\t\t\t\t\t<div class=\"e-con-inner\">\n\t\t\t\t<div class=\"elementor-element elementor-element-47b14277 elementor-widget elementor-widget-text-editor\" data-id=\"47b14277\" data-element_type=\"widget\" data-e-type=\"widget\" data-widget_type=\"text-editor.default\">\n\t\t\t\t<div class=\"elementor-widget-container\">\n\t\t\t\t\t\t\t\t\t\n<p>La exposici\u00f3n\u202f\u2019<strong>Reflejos. Picasso\/Koons<\/strong>\u2018\u202fintegra cinco obras \u2014dos de Pablo Picasso y tres de Jeff Koons\u2014\u202f\u202fen el Palacio de Carlos V y en la colecci\u00f3n permanente del\u00a0Museo de Bellas Artes de Granada, creando una conversaci\u00f3n din\u00e1mica entre pasado y presente. Dentro del recinto de la Alhambra, la belleza intemporal de las obras de ambos artistas iluminar\u00e1 la continuidad y transformaci\u00f3n de la inspiraci\u00f3n art\u00edstica, invitando a una profunda reflexi\u00f3n y ofreciendo a los visitantes una perspectiva \u00fanica sobre la intersecci\u00f3n entre tradici\u00f3n, vanguardia y contemporaneidad.<\/p>\n\n<figure class=\"wp-block-image size-large\"><img fetchpriority=\"high\" decoding=\"async\" width=\"600\" height=\"600\" class=\"wp-image-98359\" src=\"https:\/\/www.plataformadeartecontemporaneo.com\/pac\/wp-content\/uploads\/2025\/01\/REFLEJOS-PICASSO-Y-KOONS-EN-GRANADA-600x600.jpg\" alt=\"\" srcset=\"https:\/\/www.plataformadeartecontemporaneo.com\/pac\/wp-content\/uploads\/2025\/01\/REFLEJOS-PICASSO-Y-KOONS-EN-GRANADA-600x600.jpg 600w, https:\/\/www.plataformadeartecontemporaneo.com\/pac\/wp-content\/uploads\/2025\/01\/REFLEJOS-PICASSO-Y-KOONS-EN-GRANADA-150x150.jpg 150w, https:\/\/www.plataformadeartecontemporaneo.com\/pac\/wp-content\/uploads\/2025\/01\/REFLEJOS-PICASSO-Y-KOONS-EN-GRANADA-768x768.jpg 768w, https:\/\/www.plataformadeartecontemporaneo.com\/pac\/wp-content\/uploads\/2025\/01\/REFLEJOS-PICASSO-Y-KOONS-EN-GRANADA.jpg 1000w\" sizes=\"(max-width: 600px) 100vw, 600px\" \/>\n<figcaption class=\"wp-element-caption\">Bernard Ruiz-Picasso y Jeff Koons frente a la escultura\u00a0<em>Tres gracias<\/em>\u00a0instalada en el Palacio de Carlos V. Foto: Luc\u00eda Rivas \u00a9 Museo Picasso M\u00e1laga<\/figcaption>\n<\/figure>\n\n<p>El patio del Palacio de Carlos V alberga la escultura\u00a0<em>Tres Gracias<\/em>\u00a0(2016-2022) de Jeff Koons, una moderna creaci\u00f3n elaborada en acero inoxidable pulido con un recubrimiento de color transparente, que ofrece un contraste audaz y una reinterpretaci\u00f3n moderna de este tema cl\u00e1sico. Ya en el interior del museo granadino,\u00a0<a href=\"https:\/\/www.museopicassomalaga.org\/coleccion\/las-tres-gracias\" target=\"_blank\" rel=\"noreferrer noopener\"><em>Las tres Gracias<\/em><\/a>\u00a0(1923) de Pablo Picasso, una personal reflexi\u00f3n sobre este cl\u00e1sico canon de belleza, y\u00a0<a href=\"https:\/\/www.museopicassomalaga.org\/coleccion\/cabeza-con-casco\" target=\"_blank\" rel=\"noreferrer noopener\"><em>Cabeza con casco<\/em><\/a>\u00a0(1933), una llamativa escultura de bronce del malague\u00f1o, contextualizar\u00e1n narrativamente el patrimonio art\u00edstico espa\u00f1ol de esta sala. Le acompa\u00f1an, en el mismo espacio dos obras de Koons de su serie\u00a0<a href=\"https:\/\/www.jeffkoons.com\/artwork\/gazing-ball-sculptures\" target=\"_blank\" rel=\"noreferrer noopener\"><em>Gazing Ball<\/em><\/a>\u00a0(2014-2016), fusionando as\u00ed lo hist\u00f3rico con lo contempor\u00e1neo.<\/p>\n\n<p>En esta exposici\u00f3n, cada obra establece un di\u00e1logo directo con conceptos y figuras de la mitolog\u00eda cl\u00e1sica, explorando su riqueza simb\u00f3lica y los significados que han perdurado a lo largo de los siglos. Este conjunto excepcional de cinco obras se complementa a su vez con piezas de la propia colecci\u00f3n del museo, que abarca desde el g\u00f3tico tard\u00edo hasta el Barroco.<\/p>\n\n<p>A prop\u00f3sito de esta exposici\u00f3n, y en palabras de Miguel L\u00f3pez-Remiro, director art\u00edstico del MPM \u00abEl museo del siglo XXI se presenta como un espacio amplificado, donde el arte trasciende l\u00edmites y dialoga con m\u00faltiples contextos, un museo concebido como una plaza p\u00fablica y lugar de encuentro y futuro. El proyecto \u2018Reflejos Picasso\u2019 se inscribe en esta visi\u00f3n, buscando expandir de manera discontinua la presencia del Museo Picasso M\u00e1laga en colaboraci\u00f3n con espacios emblem\u00e1ticos de Andaluc\u00eda, generando nuevas oportunidades para la compresi\u00f3n de la obra de Picasso. En este marco,\u00a0<em>Reflejos. Picasso\/Koons en la Alhambra<\/em>, con la que se inicia este proyecto, establece una visi\u00f3n sobre la relaci\u00f3n ente la obra de Pablo Picasso y la de Jeff Koons en el contexto del Palacio de Carlos V, la colecci\u00f3n del Museo de Bellas Artes de Granada, y el entorno \u00fanico de La Alhambra, invitando a una profunda reflexi\u00f3n sobre la intersecci\u00f3n entre tradici\u00f3n, vanguardia y contemporaneidad\u00bb.<\/p>\n\n<p><em>Reflejos.\u202fPicasso\/Koons<\/em>\u202fes un proyecto concebido y desarrollado por la\u00a0Fundaci\u00f3n Almine y Bernard Ruiz-Picasso, con la colaboraci\u00f3n del Studio Jeff Koons. La exposici\u00f3n est\u00e1 comisariada por Miguel L\u00f3pez-Remiro, director art\u00edstico del Museo Picasso M\u00e1laga, junto a Ricardo Tenorio, director del Museo de Bellas Artes de Granada, y cuenta con la complicidad de la Consejer\u00eda de Cultura y Deporte, del\u00a0Patronato de la Alhambra y Generalife\u00a0y del Museo de Bellas Artes de Granada.<\/p>\n<hr class=\"wp-block-separator has-alpha-channel-opacity is-style-dots\" \/>\n<p><strong>Fechas<\/strong>: Hasta el 16 de marzo de 2025<br \/><strong>Lugar<\/strong>: Palacio Carlos V y Museo de Bellas Artes de Granada, Granada &#8211; Espa\u00f1a<\/p>\n\t\t\t\t\t\t\t\t<\/div>\n\t\t\t\t<\/div>\n\t\t\t\t\t<\/div>\n\t\t\t\t<\/div>\n\t\t\t\t<\/div>\n\t\t","protected":false},"excerpt":{"rendered":"<div class=\"tmnf_excerpt\"><p>La exposici\u00f3n\u202f\u2019Reflejos. Picasso\/Koons\u2018\u202fintegra cinco obras \u2014dos de Pablo Picasso y tres de Jeff Koons\u2014\u202f\u202fen el Palacio de Carlos V y en la colecci\u00f3n permanente del\u00a0Museo de Bellas Artes de Granada, creando una conversaci\u00f3n din\u00e1mica entre pasado y presente. Dentro del recinto de la Alhambra, la belleza intemporal de las obras de ambos artistas iluminar\u00e1 la &hellip;<\/p>\n<\/div>","protected":false},"author":10000096,"featured_media":98359,"comment_status":"open","ping_status":"closed","sticky":false,"template":"","format":"standard","meta":{"footnotes":""},"categories":[14384,4,270,14],"tags":[1601,30355,30357,30358,2139,30356,263],"class_list":["post-98358","post","type-post","status-publish","format-standard","has-post-thumbnail","hentry","category-arte","category-exposiciones","category-granada","category-museos","tag-jeff-koons","tag-koons","tag-la-alhambra","tag-museo-de-bellas-artes-de-granada","tag-pablo-picasso","tag-palacio-de-carlos-v","tag-picasso"],"yoast_head":"<!-- This site is optimized with the Yoast SEO plugin v27.4 - https:\/\/yoast.com\/product\/yoast-seo-wordpress\/ -->\n<title>PAC | Reflejos. Picasso y Koons en Granada<\/title>\n<meta name=\"description\" content=\"La exposici\u00f3n\u202f\u2019Reflejos. Picasso\/Koons\u2018\u202f crea una conversaci\u00f3n entre pasado y presente en la Alhambra y el Museo de Bellas Artes de Granada.\" \/>\n<meta name=\"robots\" content=\"index, follow, max-snippet:-1, max-image-preview:large, max-video-preview:-1\" \/>\n<link rel=\"canonical\" href=\"https:\/\/www.plataformadeartecontemporaneo.com\/pac\/reflejos-picasso-y-koons-en-granada\/\" \/>\n<meta property=\"og:locale\" content=\"es_ES\" \/>\n<meta property=\"og:type\" content=\"article\" \/>\n<meta property=\"og:title\" content=\"PAC | Reflejos. Picasso y Koons en Granada\" \/>\n<meta property=\"og:description\" content=\"La exposici\u00f3n\u202f\u2019Reflejos. Picasso\/Koons\u2018\u202f crea una conversaci\u00f3n entre pasado y presente en la Alhambra y el Museo de Bellas Artes de Granada.\" \/>\n<meta property=\"og:url\" content=\"https:\/\/www.plataformadeartecontemporaneo.com\/pac\/reflejos-picasso-y-koons-en-granada\/\" \/>\n<meta property=\"og:site_name\" content=\"PAC\" \/>\n<meta property=\"article:published_time\" content=\"2025-01-09T04:00:00+00:00\" \/>\n<meta property=\"og:image\" content=\"https:\/\/www.plataformadeartecontemporaneo.com\/pac\/wp-content\/uploads\/2025\/01\/REFLEJOS-PICASSO-Y-KOONS-EN-GRANADA.jpg\" \/>\n\t<meta property=\"og:image:width\" content=\"1000\" \/>\n\t<meta property=\"og:image:height\" content=\"1000\" \/>\n\t<meta property=\"og:image:type\" content=\"image\/jpeg\" \/>\n<meta name=\"author\" content=\"Redacci\u00f3n\" \/>\n<meta name=\"twitter:label1\" content=\"Escrito por\" \/>\n\t<meta name=\"twitter:data1\" content=\"Redacci\u00f3n\" \/>\n\t<meta name=\"twitter:label2\" content=\"Tiempo de lectura\" \/>\n\t<meta name=\"twitter:data2\" content=\"3 minutos\" \/>\n<script type=\"application\/ld+json\" class=\"yoast-schema-graph\">{\"@context\":\"https:\\\/\\\/schema.org\",\"@graph\":[{\"@type\":\"Article\",\"@id\":\"https:\\\/\\\/www.plataformadeartecontemporaneo.com\\\/pac\\\/reflejos-picasso-y-koons-en-granada\\\/#article\",\"isPartOf\":{\"@id\":\"https:\\\/\\\/www.plataformadeartecontemporaneo.com\\\/pac\\\/reflejos-picasso-y-koons-en-granada\\\/\"},\"author\":{\"name\":\"Redacci\u00f3n\",\"@id\":\"https:\\\/\\\/www.plataformadeartecontemporaneo.com\\\/pac\\\/#\\\/schema\\\/person\\\/0d50919f991979ca67eb0cd36fbe7adc\"},\"headline\":\"Reflejos. Picasso y Koons en Granada\",\"datePublished\":\"2025-01-09T04:00:00+00:00\",\"mainEntityOfPage\":{\"@id\":\"https:\\\/\\\/www.plataformadeartecontemporaneo.com\\\/pac\\\/reflejos-picasso-y-koons-en-granada\\\/\"},\"wordCount\":598,\"commentCount\":0,\"publisher\":{\"@id\":\"https:\\\/\\\/www.plataformadeartecontemporaneo.com\\\/pac\\\/#organization\"},\"image\":{\"@id\":\"https:\\\/\\\/www.plataformadeartecontemporaneo.com\\\/pac\\\/reflejos-picasso-y-koons-en-granada\\\/#primaryimage\"},\"thumbnailUrl\":\"https:\\\/\\\/www.plataformadeartecontemporaneo.com\\\/pac\\\/wp-content\\\/uploads\\\/2025\\\/01\\\/REFLEJOS-PICASSO-Y-KOONS-EN-GRANADA.jpg\",\"keywords\":[\"Jeff Koons\",\"Koons\",\"La Alhambra\",\"Museo de Bellas Artes de Granada\",\"Pablo Picasso\",\"Palacio de Carlos V\",\"Picasso\"],\"articleSection\":[\"arte\",\"Exposiciones\",\"Granada\",\"Museos\"],\"inLanguage\":\"es\",\"potentialAction\":[{\"@type\":\"CommentAction\",\"name\":\"Comment\",\"target\":[\"https:\\\/\\\/www.plataformadeartecontemporaneo.com\\\/pac\\\/reflejos-picasso-y-koons-en-granada\\\/#respond\"]}]},{\"@type\":\"WebPage\",\"@id\":\"https:\\\/\\\/www.plataformadeartecontemporaneo.com\\\/pac\\\/reflejos-picasso-y-koons-en-granada\\\/\",\"url\":\"https:\\\/\\\/www.plataformadeartecontemporaneo.com\\\/pac\\\/reflejos-picasso-y-koons-en-granada\\\/\",\"name\":\"PAC | Reflejos. Picasso y Koons en Granada\",\"isPartOf\":{\"@id\":\"https:\\\/\\\/www.plataformadeartecontemporaneo.com\\\/pac\\\/#website\"},\"primaryImageOfPage\":{\"@id\":\"https:\\\/\\\/www.plataformadeartecontemporaneo.com\\\/pac\\\/reflejos-picasso-y-koons-en-granada\\\/#primaryimage\"},\"image\":{\"@id\":\"https:\\\/\\\/www.plataformadeartecontemporaneo.com\\\/pac\\\/reflejos-picasso-y-koons-en-granada\\\/#primaryimage\"},\"thumbnailUrl\":\"https:\\\/\\\/www.plataformadeartecontemporaneo.com\\\/pac\\\/wp-content\\\/uploads\\\/2025\\\/01\\\/REFLEJOS-PICASSO-Y-KOONS-EN-GRANADA.jpg\",\"datePublished\":\"2025-01-09T04:00:00+00:00\",\"description\":\"La exposici\u00f3n\u202f\u2019Reflejos. Picasso\\\/Koons\u2018\u202f crea una conversaci\u00f3n entre pasado y presente en la Alhambra y el Museo de Bellas Artes de Granada.\",\"breadcrumb\":{\"@id\":\"https:\\\/\\\/www.plataformadeartecontemporaneo.com\\\/pac\\\/reflejos-picasso-y-koons-en-granada\\\/#breadcrumb\"},\"inLanguage\":\"es\",\"potentialAction\":[{\"@type\":\"ReadAction\",\"target\":[\"https:\\\/\\\/www.plataformadeartecontemporaneo.com\\\/pac\\\/reflejos-picasso-y-koons-en-granada\\\/\"]}]},{\"@type\":\"ImageObject\",\"inLanguage\":\"es\",\"@id\":\"https:\\\/\\\/www.plataformadeartecontemporaneo.com\\\/pac\\\/reflejos-picasso-y-koons-en-granada\\\/#primaryimage\",\"url\":\"https:\\\/\\\/www.plataformadeartecontemporaneo.com\\\/pac\\\/wp-content\\\/uploads\\\/2025\\\/01\\\/REFLEJOS-PICASSO-Y-KOONS-EN-GRANADA.jpg\",\"contentUrl\":\"https:\\\/\\\/www.plataformadeartecontemporaneo.com\\\/pac\\\/wp-content\\\/uploads\\\/2025\\\/01\\\/REFLEJOS-PICASSO-Y-KOONS-EN-GRANADA.jpg\",\"width\":1000,\"height\":1000,\"caption\":\"PICASSO Y KOONS EN GRANADA\"},{\"@type\":\"BreadcrumbList\",\"@id\":\"https:\\\/\\\/www.plataformadeartecontemporaneo.com\\\/pac\\\/reflejos-picasso-y-koons-en-granada\\\/#breadcrumb\",\"itemListElement\":[{\"@type\":\"ListItem\",\"position\":1,\"name\":\"Portada\",\"item\":\"https:\\\/\\\/www.plataformadeartecontemporaneo.com\\\/pac\\\/\"},{\"@type\":\"ListItem\",\"position\":2,\"name\":\"Reflejos. Picasso y Koons en Granada\"}]},{\"@type\":\"WebSite\",\"@id\":\"https:\\\/\\\/www.plataformadeartecontemporaneo.com\\\/pac\\\/#website\",\"url\":\"https:\\\/\\\/www.plataformadeartecontemporaneo.com\\\/pac\\\/\",\"name\":\"PAC\",\"description\":\"Plataforma de Arte Contempor\u00e1neo\",\"publisher\":{\"@id\":\"https:\\\/\\\/www.plataformadeartecontemporaneo.com\\\/pac\\\/#organization\"},\"potentialAction\":[{\"@type\":\"SearchAction\",\"target\":{\"@type\":\"EntryPoint\",\"urlTemplate\":\"https:\\\/\\\/www.plataformadeartecontemporaneo.com\\\/pac\\\/?s={search_term_string}\"},\"query-input\":{\"@type\":\"PropertyValueSpecification\",\"valueRequired\":true,\"valueName\":\"search_term_string\"}}],\"inLanguage\":\"es\"},{\"@type\":\"Organization\",\"@id\":\"https:\\\/\\\/www.plataformadeartecontemporaneo.com\\\/pac\\\/#organization\",\"name\":\"PAC\",\"url\":\"https:\\\/\\\/www.plataformadeartecontemporaneo.com\\\/pac\\\/\",\"logo\":{\"@type\":\"ImageObject\",\"inLanguage\":\"es\",\"@id\":\"https:\\\/\\\/www.plataformadeartecontemporaneo.com\\\/pac\\\/#\\\/schema\\\/logo\\\/image\\\/\",\"url\":\"https:\\\/\\\/www.plataformadeartecontemporaneo.com\\\/pac\\\/wp-content\\\/uploads\\\/2020\\\/10\\\/LOGO-PAC-FOOTER-TRANSPARENTE.png\",\"contentUrl\":\"https:\\\/\\\/www.plataformadeartecontemporaneo.com\\\/pac\\\/wp-content\\\/uploads\\\/2020\\\/10\\\/LOGO-PAC-FOOTER-TRANSPARENTE.png\",\"width\":200,\"height\":48,\"caption\":\"PAC\"},\"image\":{\"@id\":\"https:\\\/\\\/www.plataformadeartecontemporaneo.com\\\/pac\\\/#\\\/schema\\\/logo\\\/image\\\/\"}},{\"@type\":\"Person\",\"@id\":\"https:\\\/\\\/www.plataformadeartecontemporaneo.com\\\/pac\\\/#\\\/schema\\\/person\\\/0d50919f991979ca67eb0cd36fbe7adc\",\"name\":\"Redacci\u00f3n\",\"image\":{\"@type\":\"ImageObject\",\"inLanguage\":\"es\",\"@id\":\"https:\\\/\\\/www.plataformadeartecontemporaneo.com\\\/pac\\\/wp-content\\\/uploads\\\/2023\\\/08\\\/PAC-ICON-150x150.jpg\",\"url\":\"https:\\\/\\\/www.plataformadeartecontemporaneo.com\\\/pac\\\/wp-content\\\/uploads\\\/2023\\\/08\\\/PAC-ICON-150x150.jpg\",\"contentUrl\":\"https:\\\/\\\/www.plataformadeartecontemporaneo.com\\\/pac\\\/wp-content\\\/uploads\\\/2023\\\/08\\\/PAC-ICON-150x150.jpg\",\"caption\":\"Redacci\u00f3n\"},\"url\":\"https:\\\/\\\/www.plataformadeartecontemporaneo.com\\\/pac\\\/author\\\/redaccion\\\/\"}]}<\/script>\n<!-- \/ Yoast SEO plugin. -->","yoast_head_json":{"title":"PAC | Reflejos. Picasso y Koons en Granada","description":"La exposici\u00f3n\u202f\u2019Reflejos. Picasso\/Koons\u2018\u202f crea una conversaci\u00f3n entre pasado y presente en la Alhambra y el Museo de Bellas Artes de Granada.","robots":{"index":"index","follow":"follow","max-snippet":"max-snippet:-1","max-image-preview":"max-image-preview:large","max-video-preview":"max-video-preview:-1"},"canonical":"https:\/\/www.plataformadeartecontemporaneo.com\/pac\/reflejos-picasso-y-koons-en-granada\/","og_locale":"es_ES","og_type":"article","og_title":"PAC | Reflejos. Picasso y Koons en Granada","og_description":"La exposici\u00f3n\u202f\u2019Reflejos. Picasso\/Koons\u2018\u202f crea una conversaci\u00f3n entre pasado y presente en la Alhambra y el Museo de Bellas Artes de Granada.","og_url":"https:\/\/www.plataformadeartecontemporaneo.com\/pac\/reflejos-picasso-y-koons-en-granada\/","og_site_name":"PAC","article_published_time":"2025-01-09T04:00:00+00:00","og_image":[{"width":1000,"height":1000,"url":"https:\/\/www.plataformadeartecontemporaneo.com\/pac\/wp-content\/uploads\/2025\/01\/REFLEJOS-PICASSO-Y-KOONS-EN-GRANADA.jpg","type":"image\/jpeg"}],"author":"Redacci\u00f3n","twitter_misc":{"Escrito por":"Redacci\u00f3n","Tiempo de lectura":"3 minutos"},"schema":{"@context":"https:\/\/schema.org","@graph":[{"@type":"Article","@id":"https:\/\/www.plataformadeartecontemporaneo.com\/pac\/reflejos-picasso-y-koons-en-granada\/#article","isPartOf":{"@id":"https:\/\/www.plataformadeartecontemporaneo.com\/pac\/reflejos-picasso-y-koons-en-granada\/"},"author":{"name":"Redacci\u00f3n","@id":"https:\/\/www.plataformadeartecontemporaneo.com\/pac\/#\/schema\/person\/0d50919f991979ca67eb0cd36fbe7adc"},"headline":"Reflejos. Picasso y Koons en Granada","datePublished":"2025-01-09T04:00:00+00:00","mainEntityOfPage":{"@id":"https:\/\/www.plataformadeartecontemporaneo.com\/pac\/reflejos-picasso-y-koons-en-granada\/"},"wordCount":598,"commentCount":0,"publisher":{"@id":"https:\/\/www.plataformadeartecontemporaneo.com\/pac\/#organization"},"image":{"@id":"https:\/\/www.plataformadeartecontemporaneo.com\/pac\/reflejos-picasso-y-koons-en-granada\/#primaryimage"},"thumbnailUrl":"https:\/\/www.plataformadeartecontemporaneo.com\/pac\/wp-content\/uploads\/2025\/01\/REFLEJOS-PICASSO-Y-KOONS-EN-GRANADA.jpg","keywords":["Jeff Koons","Koons","La Alhambra","Museo de Bellas Artes de Granada","Pablo Picasso","Palacio de Carlos V","Picasso"],"articleSection":["arte","Exposiciones","Granada","Museos"],"inLanguage":"es","potentialAction":[{"@type":"CommentAction","name":"Comment","target":["https:\/\/www.plataformadeartecontemporaneo.com\/pac\/reflejos-picasso-y-koons-en-granada\/#respond"]}]},{"@type":"WebPage","@id":"https:\/\/www.plataformadeartecontemporaneo.com\/pac\/reflejos-picasso-y-koons-en-granada\/","url":"https:\/\/www.plataformadeartecontemporaneo.com\/pac\/reflejos-picasso-y-koons-en-granada\/","name":"PAC | Reflejos. Picasso y Koons en Granada","isPartOf":{"@id":"https:\/\/www.plataformadeartecontemporaneo.com\/pac\/#website"},"primaryImageOfPage":{"@id":"https:\/\/www.plataformadeartecontemporaneo.com\/pac\/reflejos-picasso-y-koons-en-granada\/#primaryimage"},"image":{"@id":"https:\/\/www.plataformadeartecontemporaneo.com\/pac\/reflejos-picasso-y-koons-en-granada\/#primaryimage"},"thumbnailUrl":"https:\/\/www.plataformadeartecontemporaneo.com\/pac\/wp-content\/uploads\/2025\/01\/REFLEJOS-PICASSO-Y-KOONS-EN-GRANADA.jpg","datePublished":"2025-01-09T04:00:00+00:00","description":"La exposici\u00f3n\u202f\u2019Reflejos. Picasso\/Koons\u2018\u202f crea una conversaci\u00f3n entre pasado y presente en la Alhambra y el Museo de Bellas Artes de Granada.","breadcrumb":{"@id":"https:\/\/www.plataformadeartecontemporaneo.com\/pac\/reflejos-picasso-y-koons-en-granada\/#breadcrumb"},"inLanguage":"es","potentialAction":[{"@type":"ReadAction","target":["https:\/\/www.plataformadeartecontemporaneo.com\/pac\/reflejos-picasso-y-koons-en-granada\/"]}]},{"@type":"ImageObject","inLanguage":"es","@id":"https:\/\/www.plataformadeartecontemporaneo.com\/pac\/reflejos-picasso-y-koons-en-granada\/#primaryimage","url":"https:\/\/www.plataformadeartecontemporaneo.com\/pac\/wp-content\/uploads\/2025\/01\/REFLEJOS-PICASSO-Y-KOONS-EN-GRANADA.jpg","contentUrl":"https:\/\/www.plataformadeartecontemporaneo.com\/pac\/wp-content\/uploads\/2025\/01\/REFLEJOS-PICASSO-Y-KOONS-EN-GRANADA.jpg","width":1000,"height":1000,"caption":"PICASSO Y KOONS EN GRANADA"},{"@type":"BreadcrumbList","@id":"https:\/\/www.plataformadeartecontemporaneo.com\/pac\/reflejos-picasso-y-koons-en-granada\/#breadcrumb","itemListElement":[{"@type":"ListItem","position":1,"name":"Portada","item":"https:\/\/www.plataformadeartecontemporaneo.com\/pac\/"},{"@type":"ListItem","position":2,"name":"Reflejos. Picasso y Koons en Granada"}]},{"@type":"WebSite","@id":"https:\/\/www.plataformadeartecontemporaneo.com\/pac\/#website","url":"https:\/\/www.plataformadeartecontemporaneo.com\/pac\/","name":"PAC","description":"Plataforma de Arte Contempor\u00e1neo","publisher":{"@id":"https:\/\/www.plataformadeartecontemporaneo.com\/pac\/#organization"},"potentialAction":[{"@type":"SearchAction","target":{"@type":"EntryPoint","urlTemplate":"https:\/\/www.plataformadeartecontemporaneo.com\/pac\/?s={search_term_string}"},"query-input":{"@type":"PropertyValueSpecification","valueRequired":true,"valueName":"search_term_string"}}],"inLanguage":"es"},{"@type":"Organization","@id":"https:\/\/www.plataformadeartecontemporaneo.com\/pac\/#organization","name":"PAC","url":"https:\/\/www.plataformadeartecontemporaneo.com\/pac\/","logo":{"@type":"ImageObject","inLanguage":"es","@id":"https:\/\/www.plataformadeartecontemporaneo.com\/pac\/#\/schema\/logo\/image\/","url":"https:\/\/www.plataformadeartecontemporaneo.com\/pac\/wp-content\/uploads\/2020\/10\/LOGO-PAC-FOOTER-TRANSPARENTE.png","contentUrl":"https:\/\/www.plataformadeartecontemporaneo.com\/pac\/wp-content\/uploads\/2020\/10\/LOGO-PAC-FOOTER-TRANSPARENTE.png","width":200,"height":48,"caption":"PAC"},"image":{"@id":"https:\/\/www.plataformadeartecontemporaneo.com\/pac\/#\/schema\/logo\/image\/"}},{"@type":"Person","@id":"https:\/\/www.plataformadeartecontemporaneo.com\/pac\/#\/schema\/person\/0d50919f991979ca67eb0cd36fbe7adc","name":"Redacci\u00f3n","image":{"@type":"ImageObject","inLanguage":"es","@id":"https:\/\/www.plataformadeartecontemporaneo.com\/pac\/wp-content\/uploads\/2023\/08\/PAC-ICON-150x150.jpg","url":"https:\/\/www.plataformadeartecontemporaneo.com\/pac\/wp-content\/uploads\/2023\/08\/PAC-ICON-150x150.jpg","contentUrl":"https:\/\/www.plataformadeartecontemporaneo.com\/pac\/wp-content\/uploads\/2023\/08\/PAC-ICON-150x150.jpg","caption":"Redacci\u00f3n"},"url":"https:\/\/www.plataformadeartecontemporaneo.com\/pac\/author\/redaccion\/"}]}},"_links":{"self":[{"href":"https:\/\/www.plataformadeartecontemporaneo.com\/pac\/wp-json\/wp\/v2\/posts\/98358","targetHints":{"allow":["GET"]}}],"collection":[{"href":"https:\/\/www.plataformadeartecontemporaneo.com\/pac\/wp-json\/wp\/v2\/posts"}],"about":[{"href":"https:\/\/www.plataformadeartecontemporaneo.com\/pac\/wp-json\/wp\/v2\/types\/post"}],"author":[{"embeddable":true,"href":"https:\/\/www.plataformadeartecontemporaneo.com\/pac\/wp-json\/wp\/v2\/users\/10000096"}],"replies":[{"embeddable":true,"href":"https:\/\/www.plataformadeartecontemporaneo.com\/pac\/wp-json\/wp\/v2\/comments?post=98358"}],"version-history":[{"count":4,"href":"https:\/\/www.plataformadeartecontemporaneo.com\/pac\/wp-json\/wp\/v2\/posts\/98358\/revisions"}],"predecessor-version":[{"id":98363,"href":"https:\/\/www.plataformadeartecontemporaneo.com\/pac\/wp-json\/wp\/v2\/posts\/98358\/revisions\/98363"}],"wp:featuredmedia":[{"embeddable":true,"href":"https:\/\/www.plataformadeartecontemporaneo.com\/pac\/wp-json\/wp\/v2\/media\/98359"}],"wp:attachment":[{"href":"https:\/\/www.plataformadeartecontemporaneo.com\/pac\/wp-json\/wp\/v2\/media?parent=98358"}],"wp:term":[{"taxonomy":"category","embeddable":true,"href":"https:\/\/www.plataformadeartecontemporaneo.com\/pac\/wp-json\/wp\/v2\/categories?post=98358"},{"taxonomy":"post_tag","embeddable":true,"href":"https:\/\/www.plataformadeartecontemporaneo.com\/pac\/wp-json\/wp\/v2\/tags?post=98358"}],"curies":[{"name":"wp","href":"https:\/\/api.w.org\/{rel}","templated":true}]}}